{"id":1126,"date":"2023-06-30T16:06:35","date_gmt":"2023-06-30T16:06:35","guid":{"rendered":"https:\/\/uni.hi.is\/apalsson\/?p=1126"},"modified":"2023-06-30T16:08:17","modified_gmt":"2023-06-30T16:08:17","slug":"lusmym-maurar-og-fleiri-dyr","status":"publish","type":"post","link":"https:\/\/uni.hi.is\/apalsson\/2023\/06\/30\/lusmym-maurar-og-fleiri-dyr\/","title":{"rendered":"L\u00fasm\u00fd, maurar og fleiri d\u00fdr"},"content":{"rendered":"<p>N\u00fdsk\u00f6punarsj\u00f3\u00f0ur n\u00e1msmanna gerir fj\u00f3rum l\u00edffr\u00e6\u00f0inemar og BS l\u00edffr\u00e6\u00f0ingar kleift a\u00f0 verkefnum um skord\u00fdr \u00e1 \u00cdslandi vi\u00f0 L\u00edffr\u00e6\u00f0istofu H\u00e1sk\u00f3la \u00cdslands n\u00fa \u00ed sumar.<\/p>\n<p>Vi\u00f0 h\u00f6fum \u00e1\u00f0ur fjalla\u00f0 um mauraranns\u00f3knir en auk \u00feess er kastlj\u00f3sinu n\u00fa beint a\u00f0 l\u00fasm\u00fdi og \u00e1vaxtaflugum. \u00dea\u00f0 eru n\u00fdlegir landnemar h\u00e9rlendis. L\u00fasm\u00fdi\u00f0 er alr\u00e6mt fyrir bit og almenn lei\u00f0indi, en \u00e1vaxtaflugur eru d\u00fdrka\u00f0ar og d\u00e1\u00f0ar vegna fegur\u00f0ar sinnar og fengileiks. Sumir eru reyndar smeykir vi\u00f0 \u00e1vaxtaflugur, en \u00fe\u00e6r b\u00edta ekki f\u00f3lk, bera ekki sj\u00fakd\u00f3ma og ver\u00f0a bara til ama ef \u00fe\u00e6r verpa \u00ed bananann sem vi\u00f0 gleymdum undir \u00edsk\u00e1p.<\/p>\n<p><a href=\"https:\/\/uni.hi.is\/apalsson\/files\/2023\/06\/20230607_094149b.jpg\"><img loading=\"lazy\" decoding=\"async\" class=\"aligncenter size-medium wp-image-1128\" src=\"https:\/\/uni.hi.is\/apalsson\/files\/2023\/06\/20230607_094149b-300x269.jpg\" alt=\"\" width=\"300\" height=\"269\" srcset=\"https:\/\/uni.hi.is\/apalsson\/files\/2023\/06\/20230607_094149b-300x269.jpg 300w, https:\/\/uni.hi.is\/apalsson\/files\/2023\/06\/20230607_094149b-1024x918.jpg 1024w, https:\/\/uni.hi.is\/apalsson\/files\/2023\/06\/20230607_094149b-768x689.jpg 768w, https:\/\/uni.hi.is\/apalsson\/files\/2023\/06\/20230607_094149b-1536x1377.jpg 1536w, https:\/\/uni.hi.is\/apalsson\/files\/2023\/06\/20230607_094149b.jpg 1791w\" sizes=\"auto, (max-width: 300px) 100vw, 300px\" \/><\/a><\/p>\n<p>\u00cd l\u00fasm\u00fd verkefninu er \u00e6tlunin a\u00f0 kanna hven\u00e6r sumarsins \u00fe\u00e6r koma fram, hvort um s\u00e9 a\u00f0 r\u00e6\u00f0a einn e\u00f0a tvo toppa klaksins, hva\u00f0a b\u00fasv\u00e6\u00f0um flugurnar klekjast helst \u00far og hver dreifing \u00feeirra \u00e1 landsv\u00edsu er. Beitt ver\u00f0ur a\u00f0fer\u00f0um skord\u00fdrafr\u00e6\u00f0i og stofnerf\u00f0afr\u00e6\u00f0i. H\u00e9r a\u00f0 ne\u00f0an eru myndir af klakgildrum og vettvangi ranns\u00f3kna \u00ed Kj\u00f3sinni.<\/p>\n<p><a href=\"https:\/\/uni.hi.is\/apalsson\/files\/2023\/06\/20230607_115658b.jpg\"><img loading=\"lazy\" decoding=\"async\" class=\"aligncenter size-medium wp-image-1127\" src=\"https:\/\/uni.hi.is\/apalsson\/files\/2023\/06\/20230607_115658b-260x300.jpg\" alt=\"\" width=\"260\" height=\"300\" srcset=\"https:\/\/uni.hi.is\/apalsson\/files\/2023\/06\/20230607_115658b-260x300.jpg 260w, https:\/\/uni.hi.is\/apalsson\/files\/2023\/06\/20230607_115658b-889x1024.jpg 889w, https:\/\/uni.hi.is\/apalsson\/files\/2023\/06\/20230607_115658b-768x885.jpg 768w, https:\/\/uni.hi.is\/apalsson\/files\/2023\/06\/20230607_115658b-1333x1536.jpg 1333w, https:\/\/uni.hi.is\/apalsson\/files\/2023\/06\/20230607_115658b.jpg 1664w\" sizes=\"auto, (max-width: 260px) 100vw, 260px\" \/><\/a><\/p>","protected":false},"excerpt":{"rendered":"<p>N\u00fdsk\u00f6punarsj\u00f3\u00f0ur n\u00e1msmanna gerir fj\u00f3rum l\u00edffr\u00e6\u00f0inemar og BS l\u00edffr\u00e6\u00f0ingar kleift a\u00f0 verkefnum um skord\u00fdr \u00e1 \u00cdslandi vi\u00f0 L\u00edffr\u00e6\u00f0istofu H\u00e1sk\u00f3la \u00cdslands n\u00fa \u00ed sumar. Vi\u00f0 h\u00f6fum \u00e1\u00f0ur fjalla\u00f0 um mauraranns\u00f3knir en auk \u00feess er kastlj\u00f3sinu n\u00fa beint a\u00f0 l\u00fasm\u00fdi og \u00e1vaxtaflugum. \u00dea\u00f0 &hellip; <a href=\"https:\/\/uni.hi.is\/apalsson\/2023\/06\/30\/lusmym-maurar-og-fleiri-dyr\/\">Continue reading <span class=\"meta-nav\">&rarr;<\/span><\/a><\/p>\n","protected":false},"author":132,"featured_media":0,"comment_status":"closed","ping_status":"closed","sticky":false,"template":"","format":"standard","meta":{"footnotes":""},"categories":[13971,1],"tags":[],"class_list":["post-1126","post","type-post","status-publish","format-standard","hentry","category-general-biology","category-uncategorized"],"_links":{"self":[{"href":"https:\/\/uni.hi.is\/apalsson\/wp-json\/wp\/v2\/posts\/1126","targetHints":{"allow":["GET"]}}],"collection":[{"href":"https:\/\/uni.hi.is\/apalsson\/wp-json\/wp\/v2\/posts"}],"about":[{"href":"https:\/\/uni.hi.is\/apalsson\/wp-json\/wp\/v2\/types\/post"}],"author":[{"embeddable":true,"href":"https:\/\/uni.hi.is\/apalsson\/wp-json\/wp\/v2\/users\/132"}],"replies":[{"embeddable":true,"href":"https:\/\/uni.hi.is\/apalsson\/wp-json\/wp\/v2\/comments?post=1126"}],"version-history":[{"count":3,"href":"https:\/\/uni.hi.is\/apalsson\/wp-json\/wp\/v2\/posts\/1126\/revisions"}],"predecessor-version":[{"id":1132,"href":"https:\/\/uni.hi.is\/apalsson\/wp-json\/wp\/v2\/posts\/1126\/revisions\/1132"}],"wp:attachment":[{"href":"https:\/\/uni.hi.is\/apalsson\/wp-json\/wp\/v2\/media?parent=1126"}],"wp:term":[{"taxonomy":"category","embeddable":true,"href":"https:\/\/uni.hi.is\/apalsson\/wp-json\/wp\/v2\/categories?post=1126"},{"taxonomy":"post_tag","embeddable":true,"href":"https:\/\/uni.hi.is\/apalsson\/wp-json\/wp\/v2\/tags?post=1126"}],"curies":[{"name":"wp","href":"https:\/\/api.w.org\/{rel}","templated":true}]}}