{"id":2803,"date":"2016-06-15T15:31:27","date_gmt":"2016-06-15T15:31:27","guid":{"rendered":"http:\/\/uni.hi.is\/baldurt\/?p=2803"},"modified":"2016-06-21T10:04:50","modified_gmt":"2016-06-21T10:04:50","slug":"the-first-annual-conference-of-the-icelandic-political-science-association","status":"publish","type":"post","link":"https:\/\/uni.hi.is\/baldurt\/2016\/06\/15\/the-first-annual-conference-of-the-icelandic-political-science-association\/","title":{"rendered":"The first annual conference of the Icelandic Political Science Association"},"content":{"rendered":"<p>Sverrir Steinsson and I will present\u00a0\u201cA theory of shelter: Iceland\u2019s American Period (1941-2006)\u201d tomorrow (16 June, starting at 10:00) at the\u00a0first annual conference of the Icelandic Political Science Association. My colleagues Silja B\u00e1ra \u00d3marsd\u00f3ttir and Page Wilson will also present interesting new research on the panel I'm on. Looking forward to it!<\/p>\n","protected":false},"excerpt":{"rendered":"<p>Sverrir Steinsson and I will present\u00a0\u201cA theory of shelter: Iceland\u2019s American Period (1941-2006)\u201d tomorrow (16 June, starting at 10:00) at the\u00a0first annual conference of the Icelandic Political Science Association. My colleagues Silja B\u00e1ra \u00d3marsd\u00f3ttir and Page Wilson will also present &hellip; <a href=\"https:\/\/uni.hi.is\/baldurt\/2016\/06\/15\/the-first-annual-conference-of-the-icelandic-political-science-association\/\">Continue reading <span class=\"meta-nav\">&rarr;<\/span><\/a><\/p>\n","protected":false},"author":360,"featured_media":0,"comment_status":"closed","ping_status":"closed","sticky":false,"template":"","format":"standard","meta":{"footnotes":""},"categories":[],"tags":[],"class_list":["post-2803","post","type-post","status-publish","format-standard","hentry"],"_links":{"self":[{"href":"https:\/\/uni.hi.is\/baldurt\/wp-json\/wp\/v2\/posts\/2803","targetHints":{"allow":["GET"]}}],"collection":[{"href":"https:\/\/uni.hi.is\/baldurt\/wp-json\/wp\/v2\/posts"}],"about":[{"href":"https:\/\/uni.hi.is\/baldurt\/wp-json\/wp\/v2\/types\/post"}],"author":[{"embeddable":true,"href":"https:\/\/uni.hi.is\/baldurt\/wp-json\/wp\/v2\/users\/360"}],"replies":[{"embeddable":true,"href":"https:\/\/uni.hi.is\/baldurt\/wp-json\/wp\/v2\/comments?post=2803"}],"version-history":[{"count":2,"href":"https:\/\/uni.hi.is\/baldurt\/wp-json\/wp\/v2\/posts\/2803\/revisions"}],"predecessor-version":[{"id":2808,"href":"https:\/\/uni.hi.is\/baldurt\/wp-json\/wp\/v2\/posts\/2803\/revisions\/2808"}],"wp:attachment":[{"href":"https:\/\/uni.hi.is\/baldurt\/wp-json\/wp\/v2\/media?parent=2803"}],"wp:term":[{"taxonomy":"category","embeddable":true,"href":"https:\/\/uni.hi.is\/baldurt\/wp-json\/wp\/v2\/categories?post=2803"},{"taxonomy":"post_tag","embeddable":true,"href":"https:\/\/uni.hi.is\/baldurt\/wp-json\/wp\/v2\/tags?post=2803"}],"curies":[{"name":"wp","href":"https:\/\/api.w.org\/{rel}","templated":true}]}}