{"id":2936,"date":"2016-09-23T09:25:26","date_gmt":"2016-09-23T09:25:26","guid":{"rendered":"http:\/\/uni.hi.is\/baldurt\/?p=2936"},"modified":"2016-09-26T11:09:18","modified_gmt":"2016-09-26T11:09:18","slug":"icelanders-celtic-roots-did-celts-settle-in-the-south-of-iceland-before-the-nordic-settlement","status":"publish","type":"post","link":"https:\/\/uni.hi.is\/baldurt\/2016\/09\/23\/icelanders-celtic-roots-did-celts-settle-in-the-south-of-iceland-before-the-nordic-settlement\/","title":{"rendered":"Icelanders\u2019 Celtic roots: Did Celts settle in the South of Iceland before the Nordic Settlement?"},"content":{"rendered":"<p>Fun lecture and historical walk in the farm of \u00c6giss\u00ed\u00f0a where twelve manmade caves are to be found:<em> Icelanders\u2019 Celtic roots: Did Celts settle in the South of Iceland before the Nordic Settlement?<\/em>\u00a0Here are a few pictures from the historical walk (from\u00a013 August):<\/p>\n<p><a href=\"http:\/\/uni.hi.is\/baldurt\/files\/2016\/09\/13914070_10208502957625931_6646160874909208632_o.jpg\"><img loading=\"lazy\" decoding=\"async\" class=\"alignnone wp-image-2937\" src=\"http:\/\/uni.hi.is\/baldurt\/files\/2016\/09\/13914070_10208502957625931_6646160874909208632_o.jpg\" alt=\"13914070_10208502957625931_6646160874909208632_o\" width=\"304\" height=\"228\" srcset=\"https:\/\/uni.hi.is\/baldurt\/files\/2016\/09\/13914070_10208502957625931_6646160874909208632_o.jpg 2048w, https:\/\/uni.hi.is\/baldurt\/files\/2016\/09\/13914070_10208502957625931_6646160874909208632_o-300x225.jpg 300w, https:\/\/uni.hi.is\/baldurt\/files\/2016\/09\/13914070_10208502957625931_6646160874909208632_o-768x576.jpg 768w, https:\/\/uni.hi.is\/baldurt\/files\/2016\/09\/13914070_10208502957625931_6646160874909208632_o-1024x768.jpg 1024w\" sizes=\"auto, (max-width: 304px) 100vw, 304px\" \/><\/a> <a href=\"http:\/\/uni.hi.is\/baldurt\/files\/2016\/09\/13963088_10208502670738759_8233604711018735171_o.jpg\"><img loading=\"lazy\" decoding=\"async\" class=\"alignnone wp-image-2938\" src=\"http:\/\/uni.hi.is\/baldurt\/files\/2016\/09\/13963088_10208502670738759_8233604711018735171_o.jpg\" alt=\"13963088_10208502670738759_8233604711018735171_o\" width=\"171\" height=\"228\" srcset=\"https:\/\/uni.hi.is\/baldurt\/files\/2016\/09\/13963088_10208502670738759_8233604711018735171_o.jpg 1536w, https:\/\/uni.hi.is\/baldurt\/files\/2016\/09\/13963088_10208502670738759_8233604711018735171_o-225x300.jpg 225w, https:\/\/uni.hi.is\/baldurt\/files\/2016\/09\/13963088_10208502670738759_8233604711018735171_o-768x1024.jpg 768w\" sizes=\"auto, (max-width: 171px) 100vw, 171px\" \/><\/a> <a href=\"http:\/\/uni.hi.is\/baldurt\/files\/2016\/09\/13996300_10208502757220921_851617902473151414_o.jpg\"><img loading=\"lazy\" decoding=\"async\" class=\"alignnone wp-image-2939\" src=\"http:\/\/uni.hi.is\/baldurt\/files\/2016\/09\/13996300_10208502757220921_851617902473151414_o.jpg\" alt=\"13996300_10208502757220921_851617902473151414_o\" width=\"237\" height=\"178\" srcset=\"https:\/\/uni.hi.is\/baldurt\/files\/2016\/09\/13996300_10208502757220921_851617902473151414_o.jpg 2048w, https:\/\/uni.hi.is\/baldurt\/files\/2016\/09\/13996300_10208502757220921_851617902473151414_o-300x225.jpg 300w, https:\/\/uni.hi.is\/baldurt\/files\/2016\/09\/13996300_10208502757220921_851617902473151414_o-768x576.jpg 768w, https:\/\/uni.hi.is\/baldurt\/files\/2016\/09\/13996300_10208502757220921_851617902473151414_o-1024x768.jpg 1024w\" sizes=\"auto, (max-width: 237px) 100vw, 237px\" \/><\/a><a href=\"http:\/\/uni.hi.is\/baldurt\/files\/2016\/09\/13975310_10208502780981515_5713481949433412329_o.jpg\"><img loading=\"lazy\" decoding=\"async\" class=\"alignnone wp-image-2944\" src=\"http:\/\/uni.hi.is\/baldurt\/files\/2016\/09\/13975310_10208502780981515_5713481949433412329_o.jpg\" alt=\"13975310_10208502780981515_5713481949433412329_o\" width=\"238\" height=\"178\" srcset=\"https:\/\/uni.hi.is\/baldurt\/files\/2016\/09\/13975310_10208502780981515_5713481949433412329_o.jpg 2048w, https:\/\/uni.hi.is\/baldurt\/files\/2016\/09\/13975310_10208502780981515_5713481949433412329_o-300x225.jpg 300w, https:\/\/uni.hi.is\/baldurt\/files\/2016\/09\/13975310_10208502780981515_5713481949433412329_o-768x576.jpg 768w, https:\/\/uni.hi.is\/baldurt\/files\/2016\/09\/13975310_10208502780981515_5713481949433412329_o-1024x768.jpg 1024w\" sizes=\"auto, (max-width: 238px) 100vw, 238px\" \/><\/a><\/p>\n","protected":false},"excerpt":{"rendered":"<p>Fun lecture and historical walk in the farm of \u00c6giss\u00ed\u00f0a where twelve manmade caves are to be found: Icelanders\u2019 Celtic roots: Did Celts settle in the South of Iceland before the Nordic Settlement?\u00a0Here are a few pictures from the historical &hellip; <a href=\"https:\/\/uni.hi.is\/baldurt\/2016\/09\/23\/icelanders-celtic-roots-did-celts-settle-in-the-south-of-iceland-before-the-nordic-settlement\/\">Continue reading <span class=\"meta-nav\">&rarr;<\/span><\/a><\/p>\n","protected":false},"author":360,"featured_media":0,"comment_status":"closed","ping_status":"closed","sticky":false,"template":"","format":"standard","meta":{"footnotes":""},"categories":[],"tags":[],"class_list":["post-2936","post","type-post","status-publish","format-standard","hentry"],"_links":{"self":[{"href":"https:\/\/uni.hi.is\/baldurt\/wp-json\/wp\/v2\/posts\/2936","targetHints":{"allow":["GET"]}}],"collection":[{"href":"https:\/\/uni.hi.is\/baldurt\/wp-json\/wp\/v2\/posts"}],"about":[{"href":"https:\/\/uni.hi.is\/baldurt\/wp-json\/wp\/v2\/types\/post"}],"author":[{"embeddable":true,"href":"https:\/\/uni.hi.is\/baldurt\/wp-json\/wp\/v2\/users\/360"}],"replies":[{"embeddable":true,"href":"https:\/\/uni.hi.is\/baldurt\/wp-json\/wp\/v2\/comments?post=2936"}],"version-history":[{"count":5,"href":"https:\/\/uni.hi.is\/baldurt\/wp-json\/wp\/v2\/posts\/2936\/revisions"}],"predecessor-version":[{"id":2946,"href":"https:\/\/uni.hi.is\/baldurt\/wp-json\/wp\/v2\/posts\/2936\/revisions\/2946"}],"wp:attachment":[{"href":"https:\/\/uni.hi.is\/baldurt\/wp-json\/wp\/v2\/media?parent=2936"}],"wp:term":[{"taxonomy":"category","embeddable":true,"href":"https:\/\/uni.hi.is\/baldurt\/wp-json\/wp\/v2\/categories?post=2936"},{"taxonomy":"post_tag","embeddable":true,"href":"https:\/\/uni.hi.is\/baldurt\/wp-json\/wp\/v2\/tags?post=2936"}],"curies":[{"name":"wp","href":"https:\/\/api.w.org\/{rel}","templated":true}]}}