{"id":2957,"date":"2016-10-08T13:15:31","date_gmt":"2016-10-08T13:15:31","guid":{"rendered":"http:\/\/uni.hi.is\/baldurt\/?p=2957"},"modified":"2016-10-08T13:45:23","modified_gmt":"2016-10-08T13:45:23","slug":"progressive-party-prospects","status":"publish","type":"post","link":"https:\/\/uni.hi.is\/baldurt\/2016\/10\/08\/progressive-party-prospects\/","title":{"rendered":"Progressive Party prospects"},"content":{"rendered":"<p>Sigur\u00f0ur Ingi J\u00f3hannesson is the new chairperson of the Progressive Party, replacing Sigmundur Dav\u00ed\u00f0 Gunnlaugsson. This is likely to enhance the prospects of the Progressive Party in the upcoming parliamentary election, but it is crucial for the party to settle internal disputes (see <a href=\"http:\/\/www.mbl.is\/frettir\/kosning\/2016\/10\/03\/gaeti_styrkt_stodu_flokksins\/\">Morgunnbla\u00f0i\u00f0<\/a> and <a href=\"http:\/\/www.dv.is\/frettir\/2016\/10\/3\/telur-sigur-sigurdar-og-lilju-beina-jakvaedri-athygli-ad-framsoknarflokknum\/\">DV<\/a>).<\/p>\n<p><a href=\"http:\/\/uni.hi.is\/baldurt\/files\/2016\/10\/Screen-Shot-2016-10-03-at-10.03.41.png\"><img loading=\"lazy\" decoding=\"async\" class=\"alignnone wp-image-2958\" src=\"http:\/\/uni.hi.is\/baldurt\/files\/2016\/10\/Screen-Shot-2016-10-03-at-10.03.41.png\" alt=\"screen-shot-2016-10-03-at-10-03-41\" width=\"464\" height=\"348\" srcset=\"https:\/\/uni.hi.is\/baldurt\/files\/2016\/10\/Screen-Shot-2016-10-03-at-10.03.41.png 681w, https:\/\/uni.hi.is\/baldurt\/files\/2016\/10\/Screen-Shot-2016-10-03-at-10.03.41-300x226.png 300w\" sizes=\"auto, (max-width: 464px) 100vw, 464px\" \/><\/a><\/p>\n<p><a href=\"http:\/\/uni.hi.is\/baldurt\/files\/2016\/10\/Screen-Shot-2016-10-04-at-05.17.35.png\"><img loading=\"lazy\" decoding=\"async\" class=\"alignnone wp-image-2959\" src=\"http:\/\/uni.hi.is\/baldurt\/files\/2016\/10\/Screen-Shot-2016-10-04-at-05.17.35.png\" alt=\"screen-shot-2016-10-04-at-05-17-35\" width=\"453\" height=\"294\" srcset=\"https:\/\/uni.hi.is\/baldurt\/files\/2016\/10\/Screen-Shot-2016-10-04-at-05.17.35.png 1088w, https:\/\/uni.hi.is\/baldurt\/files\/2016\/10\/Screen-Shot-2016-10-04-at-05.17.35-300x195.png 300w, https:\/\/uni.hi.is\/baldurt\/files\/2016\/10\/Screen-Shot-2016-10-04-at-05.17.35-768x498.png 768w, https:\/\/uni.hi.is\/baldurt\/files\/2016\/10\/Screen-Shot-2016-10-04-at-05.17.35-1024x664.png 1024w\" sizes=\"auto, (max-width: 453px) 100vw, 453px\" \/><\/a><\/p>\n","protected":false},"excerpt":{"rendered":"<p>Sigur\u00f0ur Ingi J\u00f3hannesson is the new chairperson of the Progressive Party, replacing Sigmundur Dav\u00ed\u00f0 Gunnlaugsson. This is likely to enhance the prospects of the Progressive Party in the upcoming parliamentary election, but it is crucial for the party to settle &hellip; <a href=\"https:\/\/uni.hi.is\/baldurt\/2016\/10\/08\/progressive-party-prospects\/\">Continue reading <span class=\"meta-nav\">&rarr;<\/span><\/a><\/p>\n","protected":false},"author":360,"featured_media":0,"comment_status":"closed","ping_status":"closed","sticky":false,"template":"","format":"standard","meta":{"footnotes":""},"categories":[],"tags":[],"class_list":["post-2957","post","type-post","status-publish","format-standard","hentry"],"_links":{"self":[{"href":"https:\/\/uni.hi.is\/baldurt\/wp-json\/wp\/v2\/posts\/2957","targetHints":{"allow":["GET"]}}],"collection":[{"href":"https:\/\/uni.hi.is\/baldurt\/wp-json\/wp\/v2\/posts"}],"about":[{"href":"https:\/\/uni.hi.is\/baldurt\/wp-json\/wp\/v2\/types\/post"}],"author":[{"embeddable":true,"href":"https:\/\/uni.hi.is\/baldurt\/wp-json\/wp\/v2\/users\/360"}],"replies":[{"embeddable":true,"href":"https:\/\/uni.hi.is\/baldurt\/wp-json\/wp\/v2\/comments?post=2957"}],"version-history":[{"count":2,"href":"https:\/\/uni.hi.is\/baldurt\/wp-json\/wp\/v2\/posts\/2957\/revisions"}],"predecessor-version":[{"id":2964,"href":"https:\/\/uni.hi.is\/baldurt\/wp-json\/wp\/v2\/posts\/2957\/revisions\/2964"}],"wp:attachment":[{"href":"https:\/\/uni.hi.is\/baldurt\/wp-json\/wp\/v2\/media?parent=2957"}],"wp:term":[{"taxonomy":"category","embeddable":true,"href":"https:\/\/uni.hi.is\/baldurt\/wp-json\/wp\/v2\/categories?post=2957"},{"taxonomy":"post_tag","embeddable":true,"href":"https:\/\/uni.hi.is\/baldurt\/wp-json\/wp\/v2\/tags?post=2957"}],"curies":[{"name":"wp","href":"https:\/\/api.w.org\/{rel}","templated":true}]}}