{"id":3849,"date":"2020-11-20T13:40:24","date_gmt":"2020-11-20T13:40:24","guid":{"rendered":"https:\/\/uni.hi.is\/baldurt\/?p=3849"},"modified":"2020-11-20T13:43:34","modified_gmt":"2020-11-20T13:43:34","slug":"getur-island-ordid-leidandi-i-mannrettindamalum","status":"publish","type":"post","link":"https:\/\/uni.hi.is\/baldurt\/2020\/11\/20\/getur-island-ordid-leidandi-i-mannrettindamalum\/","title":{"rendered":"Getur \u00cdsland or\u00f0i\u00f0 lei\u00f0andi \u00ed mannr\u00e9ttindam\u00e1lum?"},"content":{"rendered":"<p><a href=\"https:\/\/kjarninn.is\/skodun\/2020-10-15-getur-island-ordid-leidandi-i-mannrettindamalum\/?fbclid=IwAR0_ZXxf5RHNrwtO-VCJyVu3HCXTP8axW2iMeDqwfyCOkMBN0R8oOGypMAg\">Spurn\u00adingin um \u00fea\u00f0 hvort \u00cdsland geti or\u00f0i\u00f0 lei\u00f0\u00adandi \u00ed al\u00fej\u00f3\u00f0a\u00adsam\u00adf\u00e9\u00adlag\u00adinu<\/a> er sam\u00adofin \u00feeirri spurn\u00adingu hvort l\u00edtil r\u00edki geti l\u00e1ti\u00f0 til s\u00edn taka \u00ed al\u00fej\u00f3\u00f0a\u00adm\u00e1l\u00adum. Nor\u00f0\u00adur\u00adl\u00f6ndin sem talin eru l\u00edtil r\u00edki \u00ed al\u00fej\u00f3\u00f0a\u00adkerf\u00adinu hafa s\u00fdnt fram \u00e1 a\u00f0 \u00feau geta haft \u00e1hrif \u00e1 ein\u00adst\u00f6k m\u00e1l innan Sam\u00adein\u00adu\u00f0u \u00fej\u00f3\u00f0\u00adanna. Spyrja m\u00e1 hvort \u00cdsland geti feta\u00f0 \u00ed f\u00f3t\u00adspor \u00feeirra og hva\u00f0a for\u00adsendur \u00feurfi a\u00f0 vera til sta\u00f0ar til \u00feess.\u00cdsland geti or\u00f0i\u00f0 lei\u00f0\u00adandi \u00ed al\u00fej\u00f3\u00f0a\u00adsam\u00adf\u00e9\u00adlag\u00adinu er sam\u00adofin \u00feeirri spurn\u00adingu hvort l\u00edtil r\u00edki geti l\u00e1ti\u00f0 til s\u00edn taka \u00ed al\u00fej\u00f3\u00f0a\u00adm\u00e1l\u00adum. Nor\u00f0\u00adur\u00adl\u00f6ndin sem talin eru l\u00edtil r\u00edki \u00ed al\u00fej\u00f3\u00f0a\u00adkerf\u00adinu hafa s\u00fdnt fram \u00e1 a\u00f0 \u00feau geta haft \u00e1hrif \u00e1 ein\u00adst\u00f6k m\u00e1l innan Sam\u00adein\u00adu\u00f0u \u00fej\u00f3\u00f0\u00adanna. Spyrja m\u00e1 hvort \u00cdsland geti feta\u00f0 \u00ed f\u00f3t\u00adspor \u00feeirra og hva\u00f0a for\u00adsendur \u00feurfi a\u00f0 vera til sta\u00f0ar til \u00feess.<br \/>\nSkrifa\u00f0i pistil um m\u00f6guleika \u00cdslands til a\u00f0 l\u00e1ta til s\u00edn taka \u00ed al\u00fej\u00f3\u00f0am\u00e1lum \u00ed tengslum vi\u00f0 fri\u00f0ardaga \u00ed Reykjav\u00edk 2020.<\/p>\n","protected":false},"excerpt":{"rendered":"<p>Spurn\u00adingin um \u00fea\u00f0 hvort \u00cdsland geti or\u00f0i\u00f0 lei\u00f0\u00adandi \u00ed al\u00fej\u00f3\u00f0a\u00adsam\u00adf\u00e9\u00adlag\u00adinu er sam\u00adofin \u00feeirri spurn\u00adingu hvort l\u00edtil r\u00edki geti l\u00e1ti\u00f0 til s\u00edn taka \u00ed al\u00fej\u00f3\u00f0a\u00adm\u00e1l\u00adum. Nor\u00f0\u00adur\u00adl\u00f6ndin sem talin eru l\u00edtil r\u00edki \u00ed al\u00fej\u00f3\u00f0a\u00adkerf\u00adinu hafa s\u00fdnt fram \u00e1 a\u00f0 \u00feau geta haft &hellip; <a href=\"https:\/\/uni.hi.is\/baldurt\/2020\/11\/20\/getur-island-ordid-leidandi-i-mannrettindamalum\/\">Continue reading <span class=\"meta-nav\">&rarr;<\/span><\/a><\/p>\n","protected":false},"author":360,"featured_media":0,"comment_status":"closed","ping_status":"closed","sticky":false,"template":"","format":"standard","meta":{"footnotes":""},"categories":[],"tags":[],"class_list":["post-3849","post","type-post","status-publish","format-standard","hentry"],"_links":{"self":[{"href":"https:\/\/uni.hi.is\/baldurt\/wp-json\/wp\/v2\/posts\/3849","targetHints":{"allow":["GET"]}}],"collection":[{"href":"https:\/\/uni.hi.is\/baldurt\/wp-json\/wp\/v2\/posts"}],"about":[{"href":"https:\/\/uni.hi.is\/baldurt\/wp-json\/wp\/v2\/types\/post"}],"author":[{"embeddable":true,"href":"https:\/\/uni.hi.is\/baldurt\/wp-json\/wp\/v2\/users\/360"}],"replies":[{"embeddable":true,"href":"https:\/\/uni.hi.is\/baldurt\/wp-json\/wp\/v2\/comments?post=3849"}],"version-history":[{"count":1,"href":"https:\/\/uni.hi.is\/baldurt\/wp-json\/wp\/v2\/posts\/3849\/revisions"}],"predecessor-version":[{"id":3850,"href":"https:\/\/uni.hi.is\/baldurt\/wp-json\/wp\/v2\/posts\/3849\/revisions\/3850"}],"wp:attachment":[{"href":"https:\/\/uni.hi.is\/baldurt\/wp-json\/wp\/v2\/media?parent=3849"}],"wp:term":[{"taxonomy":"category","embeddable":true,"href":"https:\/\/uni.hi.is\/baldurt\/wp-json\/wp\/v2\/categories?post=3849"},{"taxonomy":"post_tag","embeddable":true,"href":"https:\/\/uni.hi.is\/baldurt\/wp-json\/wp\/v2\/tags?post=3849"}],"curies":[{"name":"wp","href":"https:\/\/api.w.org\/{rel}","templated":true}]}}