{"id":3985,"date":"2021-10-08T07:41:16","date_gmt":"2021-10-08T07:41:16","guid":{"rendered":"https:\/\/uni.hi.is\/baldurt\/?p=3985"},"modified":"2021-10-08T07:46:47","modified_gmt":"2021-10-08T07:46:47","slug":"hvernig-verdur-utanrikisstefna-islands-a-21-oldinni","status":"publish","type":"post","link":"https:\/\/uni.hi.is\/baldurt\/2021\/10\/08\/hvernig-verdur-utanrikisstefna-islands-a-21-oldinni\/","title":{"rendered":"Hvernig ver\u00f0ur utanr\u00edkisstefna \u00cdslands \u00e1 21. \u00f6ldinni?"},"content":{"rendered":"<p><a href=\"https:\/\/uni.hi.is\/baldurt\/files\/2021\/09\/Bjorn-Bjarnason-fyrrverandi-radherra-_-Halla-Hrund-Logadottir-Orkkumalastjori-og-Baldur-THorhallsson-professor-i-stjornmalafraedi.jpg\"><img loading=\"lazy\" decoding=\"async\" class=\"alignleft size-medium wp-image-3944\" src=\"https:\/\/uni.hi.is\/baldurt\/files\/2021\/09\/Bjorn-Bjarnason-fyrrverandi-radherra-_-Halla-Hrund-Logadottir-Orkkumalastjori-og-Baldur-THorhallsson-professor-i-stjornmalafraedi-300x225.jpg\" alt=\"\" width=\"300\" height=\"225\" srcset=\"https:\/\/uni.hi.is\/baldurt\/files\/2021\/09\/Bjorn-Bjarnason-fyrrverandi-radherra-_-Halla-Hrund-Logadottir-Orkkumalastjori-og-Baldur-THorhallsson-professor-i-stjornmalafraedi-300x225.jpg 300w, https:\/\/uni.hi.is\/baldurt\/files\/2021\/09\/Bjorn-Bjarnason-fyrrverandi-radherra-_-Halla-Hrund-Logadottir-Orkkumalastjori-og-Baldur-THorhallsson-professor-i-stjornmalafraedi-1024x768.jpg 1024w, https:\/\/uni.hi.is\/baldurt\/files\/2021\/09\/Bjorn-Bjarnason-fyrrverandi-radherra-_-Halla-Hrund-Logadottir-Orkkumalastjori-og-Baldur-THorhallsson-professor-i-stjornmalafraedi-768x576.jpg 768w, https:\/\/uni.hi.is\/baldurt\/files\/2021\/09\/Bjorn-Bjarnason-fyrrverandi-radherra-_-Halla-Hrund-Logadottir-Orkkumalastjori-og-Baldur-THorhallsson-professor-i-stjornmalafraedi.jpg 1280w\" sizes=\"auto, (max-width: 300px) 100vw, 300px\" \/><\/a><a href=\"https:\/\/uni.hi.is\/baldurt\/files\/2021\/09\/mynd-2-Bjorn-Bjarnason-fyrrverandi-radherra-_-Halla-Hrund-Logadottir-Orkkumalastjori-og-Baldur-THorhallsson-professor-i-stjornmalafraed.jpg\"><img loading=\"lazy\" decoding=\"async\" class=\"alignleft size-medium wp-image-3943\" src=\"https:\/\/uni.hi.is\/baldurt\/files\/2021\/09\/mynd-2-Bjorn-Bjarnason-fyrrverandi-radherra-_-Halla-Hrund-Logadottir-Orkkumalastjori-og-Baldur-THorhallsson-professor-i-stjornmalafraed-300x225.jpg\" alt=\"\" width=\"300\" height=\"225\" srcset=\"https:\/\/uni.hi.is\/baldurt\/files\/2021\/09\/mynd-2-Bjorn-Bjarnason-fyrrverandi-radherra-_-Halla-Hrund-Logadottir-Orkkumalastjori-og-Baldur-THorhallsson-professor-i-stjornmalafraed-300x225.jpg 300w, https:\/\/uni.hi.is\/baldurt\/files\/2021\/09\/mynd-2-Bjorn-Bjarnason-fyrrverandi-radherra-_-Halla-Hrund-Logadottir-Orkkumalastjori-og-Baldur-THorhallsson-professor-i-stjornmalafraed-1024x768.jpg 1024w, https:\/\/uni.hi.is\/baldurt\/files\/2021\/09\/mynd-2-Bjorn-Bjarnason-fyrrverandi-radherra-_-Halla-Hrund-Logadottir-Orkkumalastjori-og-Baldur-THorhallsson-professor-i-stjornmalafraed-768x576.jpg 768w, https:\/\/uni.hi.is\/baldurt\/files\/2021\/09\/mynd-2-Bjorn-Bjarnason-fyrrverandi-radherra-_-Halla-Hrund-Logadottir-Orkkumalastjori-og-Baldur-THorhallsson-professor-i-stjornmalafraed.jpg 1280w\" sizes=\"auto, (max-width: 300px) 100vw, 300px\" \/><\/a>Framt\u00ed\u00f0s\u00fdn \u00e1 utanr\u00edkism\u00e1l \u00cdslands er umfj\u00f6llunarefni <a href=\"https:\/\/kjarninn.is\/hladvarp\/volunarhus-utanriksmala-islands\/volundarhus-utanrikismala-islands-thattur-6-taekifaeri-og-askoranir-vid-motun-framtidarutanrikisstefnu-islands\/\">loka\u00fe\u00e1ttar V\u00f6lundarh\u00fass utanr\u00edkism\u00e1la<\/a>. \u00cd \u00fe\u00e6tt\u00adinum er me\u00f0al ann\u00adars r\u00e6tt um helstu \u00e1skor\u00adanir og t\u00e6ki\u00adf\u00e6ri sem \u00cdsland stendur frammi fyrir \u00ed al\u00fej\u00f3\u00f0a\u00adm\u00e1l\u00adum, hvernig \u00edslenskum r\u00e1\u00f0a\u00adm\u00f6nnum hafi gengi\u00f0 a\u00f0 feta sig \u00ed al\u00fej\u00f3\u00f0a\u00adsam\u00adf\u00e9\u00adlag\u00adinu fr\u00e1 lokum kalda str\u00ed\u00f0s\u00adins og hvort \u00cdsland hafi tryggt s\u00e9r banda\u00admenn sem geta a\u00f0sto\u00f0a\u00f0 vi\u00f0 a\u00f0 tryggja hags\u00admuni s\u00edna. Gestir \u00fe\u00e1ttarins\u00a0eru \u00feau Halla Hrund Loga\u00add\u00f3ttur orku\u00adm\u00e1la\u00adstj\u00f3ri og a\u00f0j\u00fankt vi\u00f0 Harvard h\u00e1sk\u00f3la og Bj\u00f6rn Bjarna\u00adson fyrr\u00adver\u00adandi r\u00e1\u00f0\u00adherra og h\u00f6f\u00adundur \u00edtar\u00adlegra sk\u00fdrsla um utan\u00adr\u00edk\u00adis\u00adm\u00e1l \u00cdslands. \u00a0<a href=\"https:\/\/kjarninn.is\/frettir\/radamonnum-gengid-erfidlega-ad-finna-nyja-bandamenn-eftir-ad-their-gomlu-hurfu-a-braut\/?fbclid=IwAR34jdAsnTcJ-2GmXv32Pv6maofV0DzEuy8poFpJeC2vVGbDcs7mEFMYdaU\">Grein um efni \u00fe\u00e1ttarins<\/a> \u00e1 Kjarnanum.<\/p>\n<p data-block-key=\"94ph9\">\n","protected":false},"excerpt":{"rendered":"<p>Framt\u00ed\u00f0s\u00fdn \u00e1 utanr\u00edkism\u00e1l \u00cdslands er umfj\u00f6llunarefni loka\u00fe\u00e1ttar V\u00f6lundarh\u00fass utanr\u00edkism\u00e1la. \u00cd \u00fe\u00e6tt\u00adinum er me\u00f0al ann\u00adars r\u00e6tt um helstu \u00e1skor\u00adanir og t\u00e6ki\u00adf\u00e6ri sem \u00cdsland stendur frammi fyrir \u00ed al\u00fej\u00f3\u00f0a\u00adm\u00e1l\u00adum, hvernig \u00edslenskum r\u00e1\u00f0a\u00adm\u00f6nnum hafi gengi\u00f0 a\u00f0 feta sig \u00ed al\u00fej\u00f3\u00f0a\u00adsam\u00adf\u00e9\u00adlag\u00adinu fr\u00e1 lokum kalda &hellip; <a href=\"https:\/\/uni.hi.is\/baldurt\/2021\/10\/08\/hvernig-verdur-utanrikisstefna-islands-a-21-oldinni\/\">Continue reading <span class=\"meta-nav\">&rarr;<\/span><\/a><\/p>\n","protected":false},"author":360,"featured_media":0,"comment_status":"closed","ping_status":"closed","sticky":false,"template":"","format":"standard","meta":{"footnotes":""},"categories":[],"tags":[],"class_list":["post-3985","post","type-post","status-publish","format-standard","hentry"],"_links":{"self":[{"href":"https:\/\/uni.hi.is\/baldurt\/wp-json\/wp\/v2\/posts\/3985","targetHints":{"allow":["GET"]}}],"collection":[{"href":"https:\/\/uni.hi.is\/baldurt\/wp-json\/wp\/v2\/posts"}],"about":[{"href":"https:\/\/uni.hi.is\/baldurt\/wp-json\/wp\/v2\/types\/post"}],"author":[{"embeddable":true,"href":"https:\/\/uni.hi.is\/baldurt\/wp-json\/wp\/v2\/users\/360"}],"replies":[{"embeddable":true,"href":"https:\/\/uni.hi.is\/baldurt\/wp-json\/wp\/v2\/comments?post=3985"}],"version-history":[{"count":6,"href":"https:\/\/uni.hi.is\/baldurt\/wp-json\/wp\/v2\/posts\/3985\/revisions"}],"predecessor-version":[{"id":3991,"href":"https:\/\/uni.hi.is\/baldurt\/wp-json\/wp\/v2\/posts\/3985\/revisions\/3991"}],"wp:attachment":[{"href":"https:\/\/uni.hi.is\/baldurt\/wp-json\/wp\/v2\/media?parent=3985"}],"wp:term":[{"taxonomy":"category","embeddable":true,"href":"https:\/\/uni.hi.is\/baldurt\/wp-json\/wp\/v2\/categories?post=3985"},{"taxonomy":"post_tag","embeddable":true,"href":"https:\/\/uni.hi.is\/baldurt\/wp-json\/wp\/v2\/tags?post=3985"}],"curies":[{"name":"wp","href":"https:\/\/api.w.org\/{rel}","templated":true}]}}