{"id":4105,"date":"2022-01-31T09:45:48","date_gmt":"2022-01-31T09:45:48","guid":{"rendered":"https:\/\/uni.hi.is\/baldurt\/?p=4105"},"modified":"2022-01-31T09:47:45","modified_gmt":"2022-01-31T09:47:45","slug":"atokin-i-ukrainu","status":"publish","type":"post","link":"https:\/\/uni.hi.is\/baldurt\/2022\/01\/31\/atokin-i-ukrainu\/","title":{"rendered":"\u00c1t\u00f6kin \u00ed \u00dakra\u00ednu"},"content":{"rendered":"<p><a href=\"https:\/\/www.frettabladid.is\/frettir\/likurnar-a-innras-aukast-dag-fra-degi\/\">R\u00fassland reynir a\u00f0 auka \u00edt\u00f6k s\u00edn \u00ed \u00dakra\u00ednu<\/a>: \u201eR\u00fass\u00adneskur her\u00adafli hefur n\u00e6r um\u00adkringt \u00dakra\u00ednu: nor\u00f0an megin vi\u00f0 landa\u00adm\u00e6rin vi\u00f0 Belarus og R\u00fass\u00adland, austan megin \u00e1 yfir\u00adr\u00e1\u00f0a\u00adsv\u00e6\u00f0um R\u00fass\u00adlands \u00ed landinu, vestan megin \u00e1 landa\u00adm\u00e6runum vi\u00f0 Transnistiu og \u00ed su\u00f0ri \u00e1 Kr\u00edm\u00adskaga. Mark\u00admi\u00f0 R\u00fass\u00adlands er a\u00f0 n\u00e1 \u00f6llu landinu \u00e1 sitt vald en a\u00f0 minnsta kosti a\u00f0 n\u00e1 a\u00f0 tengja h\u00e9ru\u00f0in, Do\u00adnetsk og Luhansk, sem \u00feau r\u00e1\u00f0a yfir vi\u00f0 Kr\u00edm\u00adskaga (sj\u00e1 mynd). Land\u00adfr\u00e6\u00f0i\u00adleg tenging vi\u00f0 Kr\u00edm\u00adskaga skiptir sk\u00f6pum fyrir getu R\u00fass\u00adlands til a\u00f0 r\u00e1\u00f0a yfir skaganum \u00ed fram\u00adt\u00ed\u00f0inni,\u201c<br \/>\n<img loading=\"lazy\" decoding=\"async\" class=\"alignnone size-medium wp-image-4107 aligncenter\" src=\"https:\/\/uni.hi.is\/baldurt\/files\/2022\/01\/Screenshot-2022-01-31-at-09.44.59-300x206.png\" alt=\"\" width=\"300\" height=\"206\" srcset=\"https:\/\/uni.hi.is\/baldurt\/files\/2022\/01\/Screenshot-2022-01-31-at-09.44.59-300x206.png 300w, https:\/\/uni.hi.is\/baldurt\/files\/2022\/01\/Screenshot-2022-01-31-at-09.44.59-1024x703.png 1024w, https:\/\/uni.hi.is\/baldurt\/files\/2022\/01\/Screenshot-2022-01-31-at-09.44.59-768x527.png 768w, https:\/\/uni.hi.is\/baldurt\/files\/2022\/01\/Screenshot-2022-01-31-at-09.44.59-1536x1055.png 1536w, https:\/\/uni.hi.is\/baldurt\/files\/2022\/01\/Screenshot-2022-01-31-at-09.44.59.png 1838w\" sizes=\"auto, (max-width: 300px) 100vw, 300px\" \/><\/p>\n","protected":false},"excerpt":{"rendered":"<p>R\u00fassland reynir a\u00f0 auka \u00edt\u00f6k s\u00edn \u00ed \u00dakra\u00ednu: \u201eR\u00fass\u00adneskur her\u00adafli hefur n\u00e6r um\u00adkringt \u00dakra\u00ednu: nor\u00f0an megin vi\u00f0 landa\u00adm\u00e6rin vi\u00f0 Belarus og R\u00fass\u00adland, austan megin \u00e1 yfir\u00adr\u00e1\u00f0a\u00adsv\u00e6\u00f0um R\u00fass\u00adlands \u00ed landinu, vestan megin \u00e1 landa\u00adm\u00e6runum vi\u00f0 Transnistiu og \u00ed su\u00f0ri \u00e1 Kr\u00edm\u00adskaga. &hellip; <a href=\"https:\/\/uni.hi.is\/baldurt\/2022\/01\/31\/atokin-i-ukrainu\/\">Continue reading <span class=\"meta-nav\">&rarr;<\/span><\/a><\/p>\n","protected":false},"author":360,"featured_media":0,"comment_status":"closed","ping_status":"closed","sticky":false,"template":"","format":"standard","meta":{"footnotes":""},"categories":[],"tags":[],"class_list":["post-4105","post","type-post","status-publish","format-standard","hentry"],"_links":{"self":[{"href":"https:\/\/uni.hi.is\/baldurt\/wp-json\/wp\/v2\/posts\/4105","targetHints":{"allow":["GET"]}}],"collection":[{"href":"https:\/\/uni.hi.is\/baldurt\/wp-json\/wp\/v2\/posts"}],"about":[{"href":"https:\/\/uni.hi.is\/baldurt\/wp-json\/wp\/v2\/types\/post"}],"author":[{"embeddable":true,"href":"https:\/\/uni.hi.is\/baldurt\/wp-json\/wp\/v2\/users\/360"}],"replies":[{"embeddable":true,"href":"https:\/\/uni.hi.is\/baldurt\/wp-json\/wp\/v2\/comments?post=4105"}],"version-history":[{"count":2,"href":"https:\/\/uni.hi.is\/baldurt\/wp-json\/wp\/v2\/posts\/4105\/revisions"}],"predecessor-version":[{"id":4108,"href":"https:\/\/uni.hi.is\/baldurt\/wp-json\/wp\/v2\/posts\/4105\/revisions\/4108"}],"wp:attachment":[{"href":"https:\/\/uni.hi.is\/baldurt\/wp-json\/wp\/v2\/media?parent=4105"}],"wp:term":[{"taxonomy":"category","embeddable":true,"href":"https:\/\/uni.hi.is\/baldurt\/wp-json\/wp\/v2\/categories?post=4105"},{"taxonomy":"post_tag","embeddable":true,"href":"https:\/\/uni.hi.is\/baldurt\/wp-json\/wp\/v2\/tags?post=4105"}],"curies":[{"name":"wp","href":"https:\/\/api.w.org\/{rel}","templated":true}]}}