{"id":4110,"date":"2022-01-31T10:07:34","date_gmt":"2022-01-31T10:07:34","guid":{"rendered":"https:\/\/uni.hi.is\/baldurt\/?p=4110"},"modified":"2022-01-31T10:19:13","modified_gmt":"2022-01-31T10:19:13","slug":"hvenaer-virka-vidskiptahindranir-best","status":"publish","type":"post","link":"https:\/\/uni.hi.is\/baldurt\/2022\/01\/31\/hvenaer-virka-vidskiptahindranir-best\/","title":{"rendered":"Hven\u00e6r virka vi\u00f0skiptahindranir best?"},"content":{"rendered":"<p><a href=\"https:\/\/www.ruv.is\/utvarp\/spila\/morgunvaktin\/23614\/7hhgmu\">Vi\u00f0skipta\u00fevinganir og a\u00f0rar refsia\u00f0ger\u00f0ir gegn r\u00edkjum skila sjaldnast \u00e1rangi<\/a>. \u00dea\u00f0 er helst a\u00f0 \u00fe\u00e6r skili \u00e1rangi ef \u00feeim er beitt gegn litlum r\u00edkjum \u00ed r\u00f3m\u00f6nsku Amer\u00edku e\u00f0a Afr\u00edku. St\u00f3r r\u00edki eins og R\u00fassland og K\u00edna l\u00e1ta sjaldnast undan refsia\u00f0ger\u00f0um. Fj\u00f6gur atri\u00f0i skipta mestu \u00feegar kemur a\u00f0 \u00fev\u00ed a\u00f0 vi\u00f0skiptahindranir og a\u00f0rar refsisa\u00f0ger\u00f0ir virki.<br \/>\n1. Sk\u00fdr krafa \u00fearf a\u00f0 vera til sta\u00f0ar um hva\u00f0 r\u00edki\u00f0 sem beitt er \u00fevingunum \u00fearf a\u00f0 gera til a\u00f0 \u00feeim ver\u00f0i afl\u00e9tt. Yfirleitt \u00fe\u00fd\u00f0ir l\u00edti\u00f0 a\u00f0 krefjast \u00feess a\u00f0 valdaskipti ver\u00f0i \u00ed r\u00edkinu. Miklu l\u00edklegra til \u00e1rangur er til d\u00e6mis a\u00f0 krefjast \u00feess a\u00f0 r\u00edki h\u00e6tti au\u00f0gun \u00farans eins og \u00ed tilfelli \u00cdrans.<br \/>\n2. Meiri l\u00edkur eru \u00e1 a\u00f0 \u00fevinganir virki ef vinveitt r\u00edki er beitt \u00feeim. Vinveitt r\u00edki eiga oftast \u00ed meiri efnahagslegum og p\u00f3lit\u00edskum samskiptum. \u00dea\u00f0 er \u00fev\u00ed meira \u00ed h\u00fafi fyrir vinveitta r\u00edki sem beitt er refsia\u00f0ger\u00f0um. Gott d\u00e6mi er \u00feegar Bretar og Frakkar r\u00e9\u00f0ust inn \u00ed Egyptaland \u00ed Suez-deildunni. En Bandar\u00edkin voru \u00e1 m\u00f3ti innr\u00e1sinni og h\u00f3tu\u00f0u a\u00f0 beita vina\u00fej\u00f3\u00f0 s\u00edna Breta refsia\u00f0ger\u00f0um dr\u00e6gju \u00feeir ekki herli\u00f0 sitt til baka. Bretar g\u00e1fu eftir.<br \/>\n3. Vi\u00f0skipta\u00fevinganir \u00feurfa a\u00f0 lei\u00f0a til mikils fj\u00e1rhagslegs tj\u00f3ns. Ef ska\u00f0inn er l\u00edtill virkar \u00fevinganir ekki. Auk \u00feessa er miklu \u00e1hrifar\u00edkara a\u00f0 beita fj\u00e1rm\u00e1lageira r\u00edkja \u00fevingunum heldur en a\u00f0 sni\u00f0ganga einstaka v\u00f6rutegundir. \u00deegar v\u00f6rur eru sni\u00f0gengar f\u00e6rast vi\u00f0skiptin einfaldlega yfir \u00e1 svarta marka\u00f0inn.<br \/>\n4. \u00d6flug bandalag r\u00edkja \u00fearf a\u00f0 standa a\u00f0 refsia\u00f0ger\u00f0unum. Vi\u00f0skipta\u00fevinganir sem Bandar\u00edkin standa a\u00f0 ein og s\u00e9r eru \u00f3l\u00edklegri til a\u00f0 skila \u00e1rangi heldur \u00fevingandir sem Bandar\u00edkjamenn standa a\u00f0 me\u00f0 bandalagsr\u00edkjum s\u00ednum. \u00dev\u00ed fleiri r\u00edki sem standa a\u00f0 refsia\u00f0ger\u00f0um \u00fev\u00ed meiri l\u00edkur eru a\u00f0 \u00fe\u00e6r skili \u00e1rangi.<br \/>\nF\u00f3r \u00edtarlega yfir vi\u00f0skiptahindranir og st\u00f6\u00f0u \u00cdslands \u00ed \u00fev\u00ed sambandi \u00e1 Morgunvaktinni. Hefst \u00e1 37 m\u00edn\u00fatu.<\/p>\n<p><img loading=\"lazy\" decoding=\"async\" class=\"alignnone size-medium wp-image-4115 aligncenter\" src=\"https:\/\/uni.hi.is\/baldurt\/files\/2022\/01\/Screenshot-2022-01-31-at-10.16.39-300x206.png\" alt=\"\" width=\"300\" height=\"206\" srcset=\"https:\/\/uni.hi.is\/baldurt\/files\/2022\/01\/Screenshot-2022-01-31-at-10.16.39-300x206.png 300w, https:\/\/uni.hi.is\/baldurt\/files\/2022\/01\/Screenshot-2022-01-31-at-10.16.39-768x527.png 768w, https:\/\/uni.hi.is\/baldurt\/files\/2022\/01\/Screenshot-2022-01-31-at-10.16.39.png 1014w\" sizes=\"auto, (max-width: 300px) 100vw, 300px\" \/><\/p>\n","protected":false},"excerpt":{"rendered":"<p>Vi\u00f0skipta\u00fevinganir og a\u00f0rar refsia\u00f0ger\u00f0ir gegn r\u00edkjum skila sjaldnast \u00e1rangi. \u00dea\u00f0 er helst a\u00f0 \u00fe\u00e6r skili \u00e1rangi ef \u00feeim er beitt gegn litlum r\u00edkjum \u00ed r\u00f3m\u00f6nsku Amer\u00edku e\u00f0a Afr\u00edku. St\u00f3r r\u00edki eins og R\u00fassland og K\u00edna l\u00e1ta sjaldnast undan refsia\u00f0ger\u00f0um. Fj\u00f6gur &hellip; <a href=\"https:\/\/uni.hi.is\/baldurt\/2022\/01\/31\/hvenaer-virka-vidskiptahindranir-best\/\">Continue reading <span class=\"meta-nav\">&rarr;<\/span><\/a><\/p>\n","protected":false},"author":360,"featured_media":0,"comment_status":"closed","ping_status":"closed","sticky":false,"template":"","format":"standard","meta":{"footnotes":""},"categories":[],"tags":[],"class_list":["post-4110","post","type-post","status-publish","format-standard","hentry"],"_links":{"self":[{"href":"https:\/\/uni.hi.is\/baldurt\/wp-json\/wp\/v2\/posts\/4110","targetHints":{"allow":["GET"]}}],"collection":[{"href":"https:\/\/uni.hi.is\/baldurt\/wp-json\/wp\/v2\/posts"}],"about":[{"href":"https:\/\/uni.hi.is\/baldurt\/wp-json\/wp\/v2\/types\/post"}],"author":[{"embeddable":true,"href":"https:\/\/uni.hi.is\/baldurt\/wp-json\/wp\/v2\/users\/360"}],"replies":[{"embeddable":true,"href":"https:\/\/uni.hi.is\/baldurt\/wp-json\/wp\/v2\/comments?post=4110"}],"version-history":[{"count":5,"href":"https:\/\/uni.hi.is\/baldurt\/wp-json\/wp\/v2\/posts\/4110\/revisions"}],"predecessor-version":[{"id":4116,"href":"https:\/\/uni.hi.is\/baldurt\/wp-json\/wp\/v2\/posts\/4110\/revisions\/4116"}],"wp:attachment":[{"href":"https:\/\/uni.hi.is\/baldurt\/wp-json\/wp\/v2\/media?parent=4110"}],"wp:term":[{"taxonomy":"category","embeddable":true,"href":"https:\/\/uni.hi.is\/baldurt\/wp-json\/wp\/v2\/categories?post=4110"},{"taxonomy":"post_tag","embeddable":true,"href":"https:\/\/uni.hi.is\/baldurt\/wp-json\/wp\/v2\/tags?post=4110"}],"curies":[{"name":"wp","href":"https:\/\/api.w.org\/{rel}","templated":true}]}}