{"id":4140,"date":"2022-02-24T09:00:52","date_gmt":"2022-02-24T09:00:52","guid":{"rendered":"https:\/\/uni.hi.is\/baldurt\/?p=4140"},"modified":"2022-02-23T11:43:41","modified_gmt":"2022-02-23T11:43:41","slug":"vidurkenning-putin-a-sjalfstaedi-donetsk-og-luhansk","status":"publish","type":"post","link":"https:\/\/uni.hi.is\/baldurt\/2022\/02\/24\/vidurkenning-putin-a-sjalfstaedi-donetsk-og-luhansk\/","title":{"rendered":"Vi\u00f0urkenning P\u00fat\u00edn \u00e1 sj\u00e1lfst\u00e6\u00f0i Donetsk og Luhansk"},"content":{"rendered":"<div dir=\"auto\" style=\"text-align: left\">N\u00fa er st\u00f3ra spurningin hvort a\u00f0 P\u00fat\u00edn l\u00e1ti sta\u00f0ar numi\u00f0 me\u00f0 vi\u00f0urkenningu \u00e1 sj\u00e1lfst\u00e6\u00f0i Donetsk og Luhansk. Hann g\u00e6ti l\u00e1ti\u00f0 gott heita og h\u00e6tt vi\u00f0 fyrirhuga\u00f0a innr\u00e1s \u00ed \u00f6nnur h\u00e9ru\u00f0 \u00dakra\u00ednu. R\u00fassnesk stj\u00f3rnv\u00f6ld l\u00e9tu s\u00e9r n\u00e6gja a\u00f0 vi\u00f0urkenna sj\u00e1lfst\u00e6\u00f0i h\u00e9ra\u00f0anna Abkas\u00edu og Su\u00f0ur-Osset\u00edu \u00ed Georg\u00edu \u00e1ri\u00f0 2008. \u00dea\u00f0 er a\u00f0 v\u00edsu meira \u00ed h\u00fafi fyrir R\u00fassland \u00ed \u00dakra\u00ednu en Georg\u00edu. R\u00fassnesk stj\u00f3rnv\u00f6ld telja a\u00f0 a\u00f0 s\u00e9r stafi bein hernar\u00f0arleg \u00f3gn af bandalagi \u00dakra\u00ednu me\u00f0 vestr\u00e6num r\u00edkjum.<\/div>\n<div dir=\"auto\"><\/div>\n<div dir=\"auto\" style=\"text-align: left\">\u00dea\u00f0 m\u00e1 einnig bera \u00e1t\u00f6kin \u00ed \u00dakra\u00ednu saman vi\u00f0 eldri s\u00f6gulega atbur\u00f0i. \u00cd september \u00e1ri\u00f0 1938 sam\u00feykktu Bretland og Frakkland auk \u00cdtal\u00edu innlimum S\u00fadetah\u00e9ra\u00f0ana \u00ed T\u00e9kk\u00f3sl\u00f3vak\u00edu \u00ed \u00de\u00fdskaland Hitlers. Meirihluti \u00edb\u00faa h\u00e9ra\u00f0anna var af \u00fe\u00fdsku bergi brotin. L\u00edkja m\u00e1 innlimun S\u00fadetah\u00e9ra\u00f0ana \u00ed \u00de\u00fdskaland vi\u00f0 innlimun Kr\u00edmskaga \u00ed R\u00fassland og yfirt\u00f6ku r\u00fassneskra hersveita og a\u00f0skilna\u00f0arsinna \u00e1 h\u00e9ru\u00f0unum Donetsk og Luhansk \u00e1ri\u00f0 2014. Vestr\u00e6n r\u00edki hafa m\u00f3tm\u00e6lt h\u00e1st\u00f6fum \u00feessari yfirt\u00f6ku og sett \u00e1 vi\u00f0skipta\u00fevinganir gagnvart R\u00fassum. \u00de\u00e6r hafa hins vegar engan veginn duga\u00f0 til a\u00f0 r\u00fassnesk stj\u00f3rnv\u00f6ld dr\u00e6gju yfirt\u00f6kuna og herli\u00f0 sitt til baka. N\u00fa hafa h\u00e9ru\u00f0in ver\u00f0i\u00f0 l\u00fdst sj\u00e1lfst\u00e6\u00f0 r\u00edki. Fr\u00e1 upphafi refsia\u00f0ger\u00f0anna var lj\u00f3st a\u00f0 \u00fe\u00e6r v\u00e6ru ekki n\u00f3gu umfangsmiklar til a\u00f0 skila \u00feeim \u00e1rangri a\u00f0 r\u00fassnesk stj\u00f3rnv\u00f6ld l\u00e9tu h\u00e9ru\u00f0in af hendi. Refsia\u00f0ger\u00f0unum var helst \u00e6tla\u00f0 a\u00f0 koma \u00ed veg fyrir frekari landvinninga R\u00fassa \u00ed \u00dakra\u00ednu. \u00dea\u00f0 er ekki heldur a\u00f0 skila \u00e1rangri frekar en sam\u00feykki \u00feess a\u00f0 \u00de\u00fdskaland yfirt\u00e6ki S\u00fadetah\u00e9ru\u00f0in \u00e1 s\u00ednum t\u00edma og l\u00e9tu \u00fear vi\u00f0 sta\u00f0ar numi\u00f0. \u00cd kj\u00f6lfar sj\u00e1lfst\u00e6\u00f0isyfirl\u00fdsingarinnar munu a\u00f0ildarr\u00edki NATO og ESB enn \u00e1 n\u00fd m\u00f3tm\u00e6la har\u00f0lega og setja \u00e1 frekari refsia\u00f0ger\u00f0ir. En \u00fe\u00e6r munu l\u00edklega engu skila frekar en fyrri daginn. R\u00edkin g\u00e6tu vilja\u00f0 eiga umfangsmiklar \u00fevinganir inni sem tromp upp \u00ed erminni ef R\u00fassar l\u00e1ta ver\u00f0a af allsherjar innr\u00e1s \u00ed \u00dakra\u00ednu.<\/div>\n<div dir=\"auto\"><\/div>\n<div dir=\"auto\">Og svo getum vi\u00f0 haldi\u00f0 \u00e1fram me\u00f0 samanbur\u00f0inn: R\u00e1\u00f0ist R\u00fasslands af \u00f6llu afli inn \u00ed \u00dakra\u00ednu m\u00e1 l\u00edka \u00fev\u00ed vi\u00f0 yfirt\u00f6ku \u00de\u00fdskalands nasista \u00e1 \u00fev\u00ed landsv\u00e6\u00f0i sem eftir var af T\u00e9kk\u00f3sl\u00f3vak\u00edu \u00ed mars 1939. En \u00fe\u00e1 vi\u00f0urkenndi \u00de\u00fdskaland Sl\u00f3vak\u00edu (sem var hluti af T\u00e9kk\u00f3sl\u00f3vak\u00edu) sem sj\u00e1lfst\u00e6tt r\u00edki og ger\u00f0i a\u00f0 leppr\u00edki. Einnig t\u00f3k \u00de\u00fdskaland yfir afganginn af landinu. Bretland og Frakkland a\u00f0h\u00f6f\u00f0ust ekkert. \u00deau reyndu \u00e1fram a\u00f0 koma \u00ed veg fyrir allsherjarstr\u00ed\u00f0 \u00ed Evr\u00f3pu. \u00deetta er er raun svipu\u00f0 stefna og a\u00f0ildar\u00edki NATO hafa \u00ed dag gagnvart yfirvofandi innr\u00e1s R\u00fassa \u00ed \u00dakra\u00ednu. \u00deau \u00e6tla ekki a\u00f0 verja \u00dakra\u00ednu en munu senda \u00feeim vopn og m\u00f3tm\u00e6la innr\u00e1s h\u00e1st\u00f6fum.<\/div>\n<div dir=\"auto\"><\/div>\n<div dir=\"auto\">\u00dea\u00f0 er alltaf erfitt a\u00f0 bera saman s\u00f6gulega atbur\u00f0i og endalaust m\u00e1 deila um samanbur\u00f0inn. Auk \u00feess sem sagan endurtekur sig a\u00f0 sj\u00e1lfs\u00f6g\u00f0u ekki sj\u00e1lfkrafa. Sagan er mannanna verk sem og t\u00falkun hennar \u00e1 hverjum t\u00edma fyrir sig.<\/div>\n<div dir=\"auto\"><\/div>\n<div dir=\"auto\"><img loading=\"lazy\" decoding=\"async\" class=\"alignnone size-medium wp-image-4139\" src=\"https:\/\/uni.hi.is\/baldurt\/files\/2022\/02\/Putin-U\u0301krai\u0301na-1-300x213.jpeg\" alt=\"\" width=\"300\" height=\"213\" srcset=\"https:\/\/uni.hi.is\/baldurt\/files\/2022\/02\/Putin-U\u0301krai\u0301na-1-300x213.jpeg 300w, https:\/\/uni.hi.is\/baldurt\/files\/2022\/02\/Putin-U\u0301krai\u0301na-1-1024x728.jpeg 1024w, https:\/\/uni.hi.is\/baldurt\/files\/2022\/02\/Putin-U\u0301krai\u0301na-1-768x546.jpeg 768w, https:\/\/uni.hi.is\/baldurt\/files\/2022\/02\/Putin-U\u0301krai\u0301na-1.jpeg 1306w\" sizes=\"auto, (max-width: 300px) 100vw, 300px\" \/><\/div>\n","protected":false},"excerpt":{"rendered":"<p>N\u00fa er st\u00f3ra spurningin hvort a\u00f0 P\u00fat\u00edn l\u00e1ti sta\u00f0ar numi\u00f0 me\u00f0 vi\u00f0urkenningu \u00e1 sj\u00e1lfst\u00e6\u00f0i Donetsk og Luhansk. Hann g\u00e6ti l\u00e1ti\u00f0 gott heita og h\u00e6tt vi\u00f0 fyrirhuga\u00f0a innr\u00e1s \u00ed \u00f6nnur h\u00e9ru\u00f0 \u00dakra\u00ednu. R\u00fassnesk stj\u00f3rnv\u00f6ld l\u00e9tu s\u00e9r n\u00e6gja a\u00f0 vi\u00f0urkenna sj\u00e1lfst\u00e6\u00f0i h\u00e9ra\u00f0anna &hellip; <a href=\"https:\/\/uni.hi.is\/baldurt\/2022\/02\/24\/vidurkenning-putin-a-sjalfstaedi-donetsk-og-luhansk\/\">Continue reading <span class=\"meta-nav\">&rarr;<\/span><\/a><\/p>\n","protected":false},"author":360,"featured_media":0,"comment_status":"closed","ping_status":"closed","sticky":false,"template":"","format":"standard","meta":{"footnotes":""},"categories":[],"tags":[],"class_list":["post-4140","post","type-post","status-publish","format-standard","hentry"],"_links":{"self":[{"href":"https:\/\/uni.hi.is\/baldurt\/wp-json\/wp\/v2\/posts\/4140","targetHints":{"allow":["GET"]}}],"collection":[{"href":"https:\/\/uni.hi.is\/baldurt\/wp-json\/wp\/v2\/posts"}],"about":[{"href":"https:\/\/uni.hi.is\/baldurt\/wp-json\/wp\/v2\/types\/post"}],"author":[{"embeddable":true,"href":"https:\/\/uni.hi.is\/baldurt\/wp-json\/wp\/v2\/users\/360"}],"replies":[{"embeddable":true,"href":"https:\/\/uni.hi.is\/baldurt\/wp-json\/wp\/v2\/comments?post=4140"}],"version-history":[{"count":1,"href":"https:\/\/uni.hi.is\/baldurt\/wp-json\/wp\/v2\/posts\/4140\/revisions"}],"predecessor-version":[{"id":4141,"href":"https:\/\/uni.hi.is\/baldurt\/wp-json\/wp\/v2\/posts\/4140\/revisions\/4141"}],"wp:attachment":[{"href":"https:\/\/uni.hi.is\/baldurt\/wp-json\/wp\/v2\/media?parent=4140"}],"wp:term":[{"taxonomy":"category","embeddable":true,"href":"https:\/\/uni.hi.is\/baldurt\/wp-json\/wp\/v2\/categories?post=4140"},{"taxonomy":"post_tag","embeddable":true,"href":"https:\/\/uni.hi.is\/baldurt\/wp-json\/wp\/v2\/tags?post=4140"}],"curies":[{"name":"wp","href":"https:\/\/api.w.org\/{rel}","templated":true}]}}