{"id":4153,"date":"2022-02-26T20:35:57","date_gmt":"2022-02-26T20:35:57","guid":{"rendered":"https:\/\/uni.hi.is\/baldurt\/?p=4153"},"modified":"2022-03-02T09:17:38","modified_gmt":"2022-03-02T09:17:38","slug":"russar-skilja-ekkert-nema-afl","status":"publish","type":"post","link":"https:\/\/uni.hi.is\/baldurt\/2022\/02\/26\/russar-skilja-ekkert-nema-afl\/","title":{"rendered":"R\u00fassar skilja ekkert nema afl"},"content":{"rendered":"<p>&nbsp;<\/p>\n<p>R\u00edki \u00e1 Vesturl\u00f6ndum og n\u00e1grannar\u00edki ver\u00f0i a\u00f0 taka h\u00f3tanir R\u00fassa alvarlega. \u00dear \u00e1 me\u00f0al s\u00e9u h\u00f3tanir Vladim\u00edrs P\u00fat\u00edns, forseta R\u00fasslands, um a\u00f0 Eystrasaltsr\u00edkin eigi a\u00f0 tilheyra R\u00fasslandi s\u00f6gu \u00feeirra vegna. Geri menn \u00fea\u00f0 ekki g\u00e6tu \u00feeir sta\u00f0i\u00f0 frammi fyrir s\u00f6mu mist\u00f6kum og \u00ed \u00dakra\u00ednu n\u00fa. R\u00fassnesk stj\u00f3rnv\u00f6ld skilja ekki neitt anna\u00f0 en afl en hinga\u00f0 til hafa \u00feau komist upp me\u00f0 allt.<\/p>\n<p><img loading=\"lazy\" decoding=\"async\" class=\"alignnone size-medium wp-image-4154\" src=\"https:\/\/uni.hi.is\/baldurt\/files\/2022\/02\/file-20220210-17-1l3am69-300x300.jpeg\" alt=\"\" width=\"300\" height=\"300\" srcset=\"https:\/\/uni.hi.is\/baldurt\/files\/2022\/02\/file-20220210-17-1l3am69-300x300.jpeg 300w, https:\/\/uni.hi.is\/baldurt\/files\/2022\/02\/file-20220210-17-1l3am69-1024x1024.jpeg 1024w, https:\/\/uni.hi.is\/baldurt\/files\/2022\/02\/file-20220210-17-1l3am69-150x150.jpeg 150w, https:\/\/uni.hi.is\/baldurt\/files\/2022\/02\/file-20220210-17-1l3am69-768x768.jpeg 768w, https:\/\/uni.hi.is\/baldurt\/files\/2022\/02\/file-20220210-17-1l3am69.jpeg 1200w\" sizes=\"auto, (max-width: 300px) 100vw, 300px\" \/><\/p>\n<p>Allt sem P\u00fat\u00edn hefur gert; \u00ed Georg\u00edu 2008, \u00ed \u00dakra\u00ednu 2014 og \u00ed dag \u00ed \u00dakra\u00ednu, hefur hann komist upp me\u00f0. Hann hefur sagst \u00e6tla a\u00f0 gera \u00feetta \u00e1\u00f0ur en hann gr\u00edpur til a\u00f0ger\u00f0a og svo framkv\u00e6mir hann \u00feetta. Vi\u00f0 \u00e1 Vesturl\u00f6ndum erum eing\u00f6ngu a\u00f0 tala vi\u00f0 okkur sj\u00e1lf og h\u00f6ldum a\u00f0 vi\u00f0 s\u00e9um a\u00f0 r\u00e6\u00f0a vi\u00f0 lei\u00f0toga sem hugsar og framkv\u00e6mir eins og vi\u00f0. Vi\u00f0 ver\u00f0um a\u00f0 fara a\u00f0 horfast \u00ed augu vi\u00f0 \u00fea\u00f0 a\u00f0 r\u00fassnesk stj\u00f3rnv\u00f6ld skilja ekkert anna\u00f0 en afl, a\u00f0 \u00feeim s\u00e9 m\u00e6tt af fullri h\u00f6rku og me\u00f0 afli.<\/p>\n<p>\u00cd augnablikinu eru NATO-r\u00edkin a\u00f0 draga l\u00ednuna vi\u00f0 s\u00edn landam\u00e6ri og segja a\u00f0 \u00fea\u00f0 ver\u00f0i ekki li\u00f0i\u00f0 a\u00f0 \u00fea\u00f0 ver\u00f0i r\u00e1\u00f0ist inn \u00ed NATO-r\u00edki. Fyrirvarinn er \u00fe\u00f3 s\u00e1 a\u00f0 ef einhver r\u00e6\u00f0st \u00e1 NATO-r\u00edki \u00fe\u00e1 \u00fe\u00fd\u00f0i \u00fea\u00f0 ekki <em>sj\u00e1lfkrafa<\/em> a\u00f0 \u00f6ll NATO-r\u00edkin breg\u00f0ist vi\u00f0 \u00feeirri innr\u00e1s. Ef R\u00fassland r\u00e6\u00f0st inn \u00ed Lit\u00e1en \u00fe\u00e1 \u00fe\u00fd\u00f0ir \u00e1r\u00e1s \u00e1 eitt r\u00edki \u00e1r\u00e1s \u00e1 \u00feau \u00f6ll en \u00fea\u00f0 \u00fearf a\u00f0 <span style=\"text-decoration: underline\">virkja fimmtu grein s\u00e1ttm\u00e1lans<\/span> til \u00feess a\u00f0 r\u00edkin komi til a\u00f0sto\u00f0ar og verjist innr\u00e1sinni. NATO \u00fearf a\u00f0 tala mj\u00f6g sk\u00fdrt n\u00fana um a\u00f0 fimmta grein Atlantshafss\u00e1ttm\u00e1lans ver\u00f0i virkju\u00f0 r\u00e1\u00f0ist utana\u00f0komandi a\u00f0ili \u00e1 a\u00f0ildarr\u00edki. \u00dar samtali vi\u00f0 Baldur \u00de\u00f3rhallsson \u00ed <a href=\"https:\/\/www.ruv.is\/utvarp\/spila\/vikulokin\/23792\/7hvh5m\">Vikulokin \u00e1 R\u00e1s 1.<\/a><\/p>\n<p>&nbsp;<\/p>\n","protected":false},"excerpt":{"rendered":"<p>&nbsp; R\u00edki \u00e1 Vesturl\u00f6ndum og n\u00e1grannar\u00edki ver\u00f0i a\u00f0 taka h\u00f3tanir R\u00fassa alvarlega. \u00dear \u00e1 me\u00f0al s\u00e9u h\u00f3tanir Vladim\u00edrs P\u00fat\u00edns, forseta R\u00fasslands, um a\u00f0 Eystrasaltsr\u00edkin eigi a\u00f0 tilheyra R\u00fasslandi s\u00f6gu \u00feeirra vegna. Geri menn \u00fea\u00f0 ekki g\u00e6tu \u00feeir sta\u00f0i\u00f0 frammi fyrir &hellip; <a href=\"https:\/\/uni.hi.is\/baldurt\/2022\/02\/26\/russar-skilja-ekkert-nema-afl\/\">Continue reading <span class=\"meta-nav\">&rarr;<\/span><\/a><\/p>\n","protected":false},"author":360,"featured_media":0,"comment_status":"closed","ping_status":"closed","sticky":false,"template":"","format":"standard","meta":{"footnotes":""},"categories":[],"tags":[],"class_list":["post-4153","post","type-post","status-publish","format-standard","hentry"],"_links":{"self":[{"href":"https:\/\/uni.hi.is\/baldurt\/wp-json\/wp\/v2\/posts\/4153","targetHints":{"allow":["GET"]}}],"collection":[{"href":"https:\/\/uni.hi.is\/baldurt\/wp-json\/wp\/v2\/posts"}],"about":[{"href":"https:\/\/uni.hi.is\/baldurt\/wp-json\/wp\/v2\/types\/post"}],"author":[{"embeddable":true,"href":"https:\/\/uni.hi.is\/baldurt\/wp-json\/wp\/v2\/users\/360"}],"replies":[{"embeddable":true,"href":"https:\/\/uni.hi.is\/baldurt\/wp-json\/wp\/v2\/comments?post=4153"}],"version-history":[{"count":2,"href":"https:\/\/uni.hi.is\/baldurt\/wp-json\/wp\/v2\/posts\/4153\/revisions"}],"predecessor-version":[{"id":4161,"href":"https:\/\/uni.hi.is\/baldurt\/wp-json\/wp\/v2\/posts\/4153\/revisions\/4161"}],"wp:attachment":[{"href":"https:\/\/uni.hi.is\/baldurt\/wp-json\/wp\/v2\/media?parent=4153"}],"wp:term":[{"taxonomy":"category","embeddable":true,"href":"https:\/\/uni.hi.is\/baldurt\/wp-json\/wp\/v2\/categories?post=4153"},{"taxonomy":"post_tag","embeddable":true,"href":"https:\/\/uni.hi.is\/baldurt\/wp-json\/wp\/v2\/tags?post=4153"}],"curies":[{"name":"wp","href":"https:\/\/api.w.org\/{rel}","templated":true}]}}