{"id":4162,"date":"2022-03-02T09:19:53","date_gmt":"2022-03-02T09:19:53","guid":{"rendered":"https:\/\/uni.hi.is\/baldurt\/?p=4162"},"modified":"2022-03-02T09:24:40","modified_gmt":"2022-03-02T09:24:40","slug":"island-tharf-ad-hafa-ahyggjur-af-netarasum-russa","status":"publish","type":"post","link":"https:\/\/uni.hi.is\/baldurt\/2022\/03\/02\/island-tharf-ad-hafa-ahyggjur-af-netarasum-russa\/","title":{"rendered":"\u00cdsland \u00fearf a\u00f0 hafa \u00e1hyggjur af net\u00e1r\u00e1sum R\u00fassa"},"content":{"rendered":"<p>,,Baldur \u00de\u00f3rhallsson, pr\u00f3\u00adfess\u00ador \u00ed stj\u00f3rn\u00adm\u00e1la\u00adfr\u00e6\u00f0i vi\u00f0 H\u00e1\u00adsk\u00f3la \u00cdslands, segist ekki tr\u00faa \u00fev\u00ed a\u00f0 \u00cdslendingum stafi bein \u00f3gn af R\u00fassum nema \u00fe\u00e1 \u00ed formi net\u00e1r\u00e1sa sem hann segir a\u00f0 geti veri\u00f0 mj\u00f6g umfangsmiklar.<br \/>\n\u201e\u00c9g held a\u00f0 vi\u00f0 \u00feurfum a\u00f0 hafa \u00e1hyggjur af net\u00e1r\u00e1sum. Vi\u00f0 erum n\u00e1tt\u00farulega \u00ed Atlantshafsbandalaginu. Vi\u00f0 erum a\u00f0 sty\u00f0ja \u00dakra\u00ednsk stj\u00f3rnv\u00f6ld. \u00cdslensk stj\u00f3rnv\u00f6ld hafa tala\u00f0 me\u00f0 mj\u00f6g sk\u00fdrum h\u00e6tti \u00feannig a\u00f0 vi\u00f0 \u00feurfum a\u00f0 g\u00e6ta a\u00f0 net\u00f6ryggi sem framast er unnt,\u201c sag\u00f0i Baldur \u00ed samtali vi\u00f0 \u00cdsland vaknar \u00ed morgun.<br \/>\nB\u00e6tti hann vi\u00f0 a\u00f0 mikilv\u00e6gt v\u00e6ri einnig a\u00f0 huga vel a\u00f0 \u00f6ryggism\u00e1lum \u00ed kringum r\u00fassneska sendir\u00e1\u00f0i\u00f0 til a\u00f0 tryggja \u00f6ryggi m\u00f3tm\u00e6lenda fyrir utan sendir\u00e1\u00f0i\u00f0.\" \u00dar <a href=\"https:\/\/k100.mbl.is\/frettir\/2022\/03\/01\/island_ma_hafa_ahyggjur_af_netarasum\/\">vi\u00f0tali \u00ed \u00cdsland Vaknar \u00e1 K100<\/a>.<\/p>\n","protected":false},"excerpt":{"rendered":"<p>,,Baldur \u00de\u00f3rhallsson, pr\u00f3\u00adfess\u00ador \u00ed stj\u00f3rn\u00adm\u00e1la\u00adfr\u00e6\u00f0i vi\u00f0 H\u00e1\u00adsk\u00f3la \u00cdslands, segist ekki tr\u00faa \u00fev\u00ed a\u00f0 \u00cdslendingum stafi bein \u00f3gn af R\u00fassum nema \u00fe\u00e1 \u00ed formi net\u00e1r\u00e1sa sem hann segir a\u00f0 geti veri\u00f0 mj\u00f6g umfangsmiklar. \u201e\u00c9g held a\u00f0 vi\u00f0 \u00feurfum a\u00f0 hafa \u00e1hyggjur &hellip; <a href=\"https:\/\/uni.hi.is\/baldurt\/2022\/03\/02\/island-tharf-ad-hafa-ahyggjur-af-netarasum-russa\/\">Continue reading <span class=\"meta-nav\">&rarr;<\/span><\/a><\/p>\n","protected":false},"author":360,"featured_media":0,"comment_status":"closed","ping_status":"closed","sticky":false,"template":"","format":"standard","meta":{"footnotes":""},"categories":[],"tags":[],"class_list":["post-4162","post","type-post","status-publish","format-standard","hentry"],"_links":{"self":[{"href":"https:\/\/uni.hi.is\/baldurt\/wp-json\/wp\/v2\/posts\/4162","targetHints":{"allow":["GET"]}}],"collection":[{"href":"https:\/\/uni.hi.is\/baldurt\/wp-json\/wp\/v2\/posts"}],"about":[{"href":"https:\/\/uni.hi.is\/baldurt\/wp-json\/wp\/v2\/types\/post"}],"author":[{"embeddable":true,"href":"https:\/\/uni.hi.is\/baldurt\/wp-json\/wp\/v2\/users\/360"}],"replies":[{"embeddable":true,"href":"https:\/\/uni.hi.is\/baldurt\/wp-json\/wp\/v2\/comments?post=4162"}],"version-history":[{"count":4,"href":"https:\/\/uni.hi.is\/baldurt\/wp-json\/wp\/v2\/posts\/4162\/revisions"}],"predecessor-version":[{"id":4166,"href":"https:\/\/uni.hi.is\/baldurt\/wp-json\/wp\/v2\/posts\/4162\/revisions\/4166"}],"wp:attachment":[{"href":"https:\/\/uni.hi.is\/baldurt\/wp-json\/wp\/v2\/media?parent=4162"}],"wp:term":[{"taxonomy":"category","embeddable":true,"href":"https:\/\/uni.hi.is\/baldurt\/wp-json\/wp\/v2\/categories?post=4162"},{"taxonomy":"post_tag","embeddable":true,"href":"https:\/\/uni.hi.is\/baldurt\/wp-json\/wp\/v2\/tags?post=4162"}],"curies":[{"name":"wp","href":"https:\/\/api.w.org\/{rel}","templated":true}]}}