{"id":4226,"date":"2022-04-18T07:19:52","date_gmt":"2022-04-18T07:19:52","guid":{"rendered":"https:\/\/uni.hi.is\/baldurt\/?p=4226"},"modified":"2022-04-18T07:19:52","modified_gmt":"2022-04-18T07:19:52","slug":"munu-hord-vidbrogd-russlands-vid-vaentanlegri-inngongu-finnlands-og-svithjodar-i-nato-beinast-ad-islandi","status":"publish","type":"post","link":"https:\/\/uni.hi.is\/baldurt\/2022\/04\/18\/munu-hord-vidbrogd-russlands-vid-vaentanlegri-inngongu-finnlands-og-svithjodar-i-nato-beinast-ad-islandi\/","title":{"rendered":"Munu h\u00f6r\u00f0 vi\u00f0br\u00f6g\u00f0 R\u00fasslands vi\u00f0 v\u00e6ntanlegri inng\u00f6ngu Finnlands og Sv\u00ed\u00fej\u00f3\u00f0ar \u00ed NATO beinast a\u00f0 \u00cdslandi?"},"content":{"rendered":"<div class=\"kvgmc6g5 cxmmr5t8 oygrvhab hcukyx3x c1et5uql ii04i59q\">\n<div dir=\"auto\" style=\"text-align: left\"><\/div>\n<div dir=\"auto\" style=\"text-align: left\"><strong>\u00cdsland \u00fearf \u00feegar \u00ed sta\u00f0 a\u00f0 hefja undirb\u00faning hugsanlegra refsia\u00f0ger\u00f0a - allt bendir til a\u00f0ildarums\u00f3kna fyrir j\u00fan\u00edlok.\u00a0<\/strong><\/div>\n<div dir=\"auto\"><img loading=\"lazy\" decoding=\"async\" class=\"alignnone size-medium wp-image-4227\" src=\"https:\/\/uni.hi.is\/baldurt\/files\/2022\/04\/rusnato-300x165.jpeg\" alt=\"\" width=\"300\" height=\"165\" srcset=\"https:\/\/uni.hi.is\/baldurt\/files\/2022\/04\/rusnato-300x165.jpeg 300w, https:\/\/uni.hi.is\/baldurt\/files\/2022\/04\/rusnato.jpeg 370w\" sizes=\"auto, (max-width: 300px) 100vw, 300px\" \/><\/div>\n<\/div>\n<div class=\"cxmmr5t8 oygrvhab hcukyx3x c1et5uql o9v6fnle ii04i59q\" style=\"text-align: left\">\n<div dir=\"auto\"><strong>\u00cdsland berskjalda\u00f0<\/strong><\/div>\n<\/div>\n<div class=\"cxmmr5t8 oygrvhab hcukyx3x c1et5uql o9v6fnle ii04i59q\" style=\"text-align: left\">\n<div dir=\"auto\">R\u00e1\u00f0amenn \u00ed Kreml hafa h\u00f3ta\u00f0 h\u00f6r\u00f0um vi\u00f0br\u00f6g\u00f0um s\u00e6kist Finnland og Sv\u00ed\u00fej\u00f3\u00f0 eftir a\u00f0ild a\u00f0 NATO. R\u00edkisstj\u00f3rnir landanna \u00f3ttast \u00feau svo mj\u00f6g a\u00f0 \u00fe\u00e6r g\u00e6tu h\u00e6tt vi\u00f0 a\u00f0ildarums\u00f3kn. Refsia\u00f0ger\u00f0ir R\u00fasslands munu a\u00f0 mestu sn\u00faa a\u00f0 r\u00edkjunum tveimur en \u00fe\u00e6r g\u00e6tu l\u00edka beinst a\u00f0 \u00cdslandi og \u00f6\u00f0rum a\u00f0ildarr\u00edkjum NATO. Auk \u00feess a\u00f0 \u00fea\u00f0 eitt og s\u00e9r a\u00f0 \u00cdsland er eitt Nor\u00f0urlandanna getur leitt til refsia\u00f0ger\u00f0a. H\u00e9r skiptir mestu m\u00e1li fyrir \u00cdsland sem er minnsta a\u00f0ildarr\u00edki NATO, herlaust og \u00e1n fastar vi\u00f0veru varnarli\u00f0s a\u00f0 vera ekki veikasti hlekkurinn \u00ed varnarbandalaginu. S\u00e9rstaklega er mikilv\u00e6gt a\u00f0 huga a\u00f0 net\u00f6ryggi, \u00f6ryggi s\u00e6strengja og helstu stofnana \u00fej\u00f3\u00f0f\u00e9lagsins n\u00fa \u00ed a\u00f0draganda \u00e1kv\u00f6r\u00f0unar Sv\u00eda og Finna. Mikilv\u00e6gt er a\u00f0 \u00cdsland taki \u00feessi m\u00e1l \u00feegar \u00ed sta\u00f0 upp vi\u00f0 bandalagsr\u00edki s\u00edn til a\u00f0 styrkja varnir landsins.<\/div>\n<\/div>\n<div class=\"cxmmr5t8 oygrvhab hcukyx3x c1et5uql o9v6fnle ii04i59q\" style=\"text-align: left\">\n<div dir=\"auto\"><\/div>\n<div dir=\"auto\"><strong>Styrkjast e\u00f0a veikjast varnir Nor\u00f0urlandanna?<\/strong><\/div>\n<\/div>\n<div class=\"cxmmr5t8 oygrvhab hcukyx3x c1et5uql o9v6fnle ii04i59q\" style=\"text-align: left\">\n<div dir=\"auto\">Til langs t\u00edma liti\u00f0 \u00fe\u00e1 myndi innganga r\u00edkjanna \u00ed NATO styrkja varnir allra Nor\u00f0urlandanna. \u00deau eru l\u00edklegri til a\u00f0 tala einni r\u00f6ddu \u00ed varnarm\u00e1lum og geta \u00ed sameiningu brug\u00f0ist vi\u00f0 framt\u00ed\u00f0ar \u00f3gnum hvort sem \u00fe\u00e6r koma fr\u00e1 R\u00fasslandi e\u00f0a K\u00edna. Samvinna Nor\u00f0urlandanna \u00ed varnarm\u00e1lum myndi einnig styrkjast. Varnarsamvinna r\u00edkjanna er hins vegar l\u00edkleg til a\u00f0 fara \u00ed vaxandi m\u00e6li fram innan NATO. Hva\u00f0a \u00e1hrif \u00fea\u00f0 mun hafa \u00e1 norr\u00e6na varnarsamvinnu \u00e1 vettvangi Nor\u00f0urlandar\u00e1\u00f0s er erfitt a\u00f0 meta \u00ed augnablikinu.<\/div>\n<div dir=\"auto\"><\/div>\n<\/div>\n<div class=\"cxmmr5t8 oygrvhab hcukyx3x c1et5uql o9v6fnle ii04i59q\" style=\"text-align: left\">\n<div dir=\"auto\"><strong>Hlutleysi r\u00edkjanna<\/strong><\/div>\n<\/div>\n<div class=\"cxmmr5t8 oygrvhab hcukyx3x c1et5uql o9v6fnle ii04i59q\" style=\"text-align: left\">\n<div dir=\"auto\">Forystuf\u00f3lk jafna\u00f0armanna sem heldur um stj\u00f3rnartaumana \u00ed Finnlandi og Sv\u00ed\u00fej\u00f3\u00f0 og hinga\u00f0 til hefur veri\u00f0 m\u00f3tfalli\u00f0 a\u00f0ild a\u00f0 varnarbandalaginu er a\u00f0 sn\u00faast hugur. Mi\u00f0 og h\u00e6gri flokkar \u00ed l\u00f6ndunum s\u00e9rstaklega \u00ed Sv\u00ed\u00fej\u00f3\u00f0 hafa af vaxandi \u00feunga tala\u00f0 fyrir a\u00f0ild a\u00f0 bandalaginu \u00e1 s\u00ed\u00f0ustu \u00e1rum. L\u00f6ndin eiga \u00ed n\u00e1inni varnarsamvinnu vi\u00f0 NATO sem og Bandar\u00edkin en hafa hinga\u00f0 til tali\u00f0 a\u00f0 hlutleysi n\u00fdtist best til a\u00f0 tryggja st\u00f6\u00f0ugleika \u00ed nor\u00f0ur Ev\u00f3pu. Hlutleysi hafi komi\u00f0 \u00ed veg a\u00f0 Sv\u00ed\u00fej\u00f3\u00f0 hafi dregist inn \u00ed str\u00ed\u00f0s\u00e1t\u00f6k \u00ed meira en 200 \u00e1r og Finnland lent austan megin j\u00e1rntjalds eftir s\u00ed\u00f0ari heimsstyrj\u00f6ldina.<\/div>\n<\/div>\n<div class=\"cxmmr5t8 oygrvhab hcukyx3x c1et5uql o9v6fnle ii04i59q\" style=\"text-align: left\">\n<div dir=\"auto\"><\/div>\n<div dir=\"auto\"><strong>Finnland og Sv\u00ed\u00fej\u00f3\u00f0 yr\u00f0u \u00ed s\u00f6mu st\u00f6\u00f0u og \u00dakra\u00edna<\/strong><\/div>\n<\/div>\n<div class=\"cxmmr5t8 oygrvhab hcukyx3x c1et5uql o9v6fnle ii04i59q\" style=\"text-align: left\">\n<div dir=\"auto\">\u00c1st\u00e6\u00f0an fyrir stefnubreytingu jafna\u00f0armanna er einf\u00f6ld. R\u00fassland vir\u00f0ir ekki lengur landm\u00e6ri n\u00e1grannalanda sinna og hikar ekki vi\u00f0 a\u00f0 r\u00e1\u00f0ast inn \u00ed \u00feau. Engin veit takm\u00f6rk \u00fat\u00feennslustefnu P\u00fat\u00edns og hann hefur gefi\u00f0 \u00ed skyn a\u00f0 Finnlandi eigi a\u00f0 tilheyra R\u00fasslandi. R\u00edki sem ekki eiga a\u00f0ild a\u00f0 NATO eru \u00ed veikari st\u00f6\u00f0u gagnvart R\u00fasslandi og mun l\u00edklegra er a\u00f0 \u00e1 \u00feau ver\u00f0i r\u00e1\u00f0ist en a\u00f0ildar\u00edki bandalagsins. R\u00e1\u00f0ist R\u00fassland inn \u00ed Finnland og Sv\u00ed\u00fej\u00f3\u00f0 eru \u00feau l\u00edkleg til a\u00f0 lenda \u00ed s\u00f6mu st\u00f6\u00f0u og \u00dakra\u00edna. \u00deau myndu f\u00e1 m\u00f3ralskan stu\u00f0ning og vopn fr\u00e1 Vesturl\u00f6ndum en NATO og a\u00f0ildarr\u00edki \u00feess myndu ekki verja r\u00edkin. \u00dea\u00f0 yr\u00f0i \u00ferautin \u00feyngri fyrir \u00feessi r\u00edki a\u00f0 verja sig sj\u00e1lf gegn kjarnorkuveldinu R\u00fasslandi. \u00deannig mun a\u00f0ildin a\u00f0 NATO draga \u00far l\u00edkum \u00feess a\u00f0 R\u00fassland r\u00e1\u00f0ist \u00e1 \u00feau og auka st\u00f6\u00f0ugleika \u00e1 Eystrasaltinu og Nor\u00f0url\u00f6ndunum. F\u00e6ling er lykilhugtaki\u00f0 \u00ed stefnum\u00f3tunni sem n\u00fa \u00e1 s\u00e9r sta\u00f0, \u00fear er a\u00f0 f\u00e6la r\u00e1\u00f0amenn \u00ed Kreml fr\u00e1 \u00fev\u00ed a\u00f0 r\u00e1\u00f0st til atl\u00f6gu.<\/div>\n<\/div>\n<div class=\"cxmmr5t8 oygrvhab hcukyx3x c1et5uql o9v6fnle ii04i59q\">\n<div dir=\"auto\" style=\"text-align: left\">A\u00f0 sama skapi \u00fearf r\u00edkisstj\u00f3rn \u00cdslands n\u00fa a\u00f0 huga a\u00f0 \u00fev\u00ed a\u00f0 f\u00e6la r\u00e1\u00f0amenn \u00ed Kreml fr\u00e1 \u00fev\u00ed a\u00f0 l\u00e1ta refsia\u00f0ger\u00f0ir bitna s\u00e9rstaklega \u00e1 okkur s\u00e6ki Finnland og Sv\u00ed\u00fej\u00f3\u00f0 um inng\u00f6ngu \u00ed NATO \u00e1 n\u00e6stu vikum.<\/div>\n<\/div>\n","protected":false},"excerpt":{"rendered":"<p>\u00cdsland \u00fearf \u00feegar \u00ed sta\u00f0 a\u00f0 hefja undirb\u00faning hugsanlegra refsia\u00f0ger\u00f0a - allt bendir til a\u00f0ildarums\u00f3kna fyrir j\u00fan\u00edlok.\u00a0 \u00cdsland berskjalda\u00f0 R\u00e1\u00f0amenn \u00ed Kreml hafa h\u00f3ta\u00f0 h\u00f6r\u00f0um vi\u00f0br\u00f6g\u00f0um s\u00e6kist Finnland og Sv\u00ed\u00fej\u00f3\u00f0 eftir a\u00f0ild a\u00f0 NATO. R\u00edkisstj\u00f3rnir landanna \u00f3ttast \u00feau svo mj\u00f6g &hellip; <a href=\"https:\/\/uni.hi.is\/baldurt\/2022\/04\/18\/munu-hord-vidbrogd-russlands-vid-vaentanlegri-inngongu-finnlands-og-svithjodar-i-nato-beinast-ad-islandi\/\">Continue reading <span class=\"meta-nav\">&rarr;<\/span><\/a><\/p>\n","protected":false},"author":360,"featured_media":0,"comment_status":"closed","ping_status":"closed","sticky":false,"template":"","format":"standard","meta":{"footnotes":""},"categories":[],"tags":[],"class_list":["post-4226","post","type-post","status-publish","format-standard","hentry"],"_links":{"self":[{"href":"https:\/\/uni.hi.is\/baldurt\/wp-json\/wp\/v2\/posts\/4226","targetHints":{"allow":["GET"]}}],"collection":[{"href":"https:\/\/uni.hi.is\/baldurt\/wp-json\/wp\/v2\/posts"}],"about":[{"href":"https:\/\/uni.hi.is\/baldurt\/wp-json\/wp\/v2\/types\/post"}],"author":[{"embeddable":true,"href":"https:\/\/uni.hi.is\/baldurt\/wp-json\/wp\/v2\/users\/360"}],"replies":[{"embeddable":true,"href":"https:\/\/uni.hi.is\/baldurt\/wp-json\/wp\/v2\/comments?post=4226"}],"version-history":[{"count":1,"href":"https:\/\/uni.hi.is\/baldurt\/wp-json\/wp\/v2\/posts\/4226\/revisions"}],"predecessor-version":[{"id":4228,"href":"https:\/\/uni.hi.is\/baldurt\/wp-json\/wp\/v2\/posts\/4226\/revisions\/4228"}],"wp:attachment":[{"href":"https:\/\/uni.hi.is\/baldurt\/wp-json\/wp\/v2\/media?parent=4226"}],"wp:term":[{"taxonomy":"category","embeddable":true,"href":"https:\/\/uni.hi.is\/baldurt\/wp-json\/wp\/v2\/categories?post=4226"},{"taxonomy":"post_tag","embeddable":true,"href":"https:\/\/uni.hi.is\/baldurt\/wp-json\/wp\/v2\/tags?post=4226"}],"curies":[{"name":"wp","href":"https:\/\/api.w.org\/{rel}","templated":true}]}}