{"id":4242,"date":"2022-05-03T17:56:49","date_gmt":"2022-05-03T17:56:49","guid":{"rendered":"https:\/\/uni.hi.is\/baldurt\/?p=4242"},"modified":"2022-05-03T17:59:32","modified_gmt":"2022-05-03T17:59:32","slug":"alvarlegur-bodadur-bannlisti","status":"publish","type":"post","link":"https:\/\/uni.hi.is\/baldurt\/2022\/05\/03\/alvarlegur-bodadur-bannlisti\/","title":{"rendered":"Alvarlegur bo\u00f0a\u00f0ur bannlisti"},"content":{"rendered":"<p><img loading=\"lazy\" decoding=\"async\" class=\"alignnone size-medium wp-image-4243\" src=\"https:\/\/uni.hi.is\/baldurt\/files\/2022\/05\/o\u0301vissa-um-no\u0308fnin-300x199.jpeg\" alt=\"\" width=\"300\" height=\"199\" srcset=\"https:\/\/uni.hi.is\/baldurt\/files\/2022\/05\/o\u0301vissa-um-no\u0308fnin-300x199.jpeg 300w, https:\/\/uni.hi.is\/baldurt\/files\/2022\/05\/o\u0301vissa-um-no\u0308fnin-1024x681.jpeg 1024w, https:\/\/uni.hi.is\/baldurt\/files\/2022\/05\/o\u0301vissa-um-no\u0308fnin-768x510.jpeg 768w, https:\/\/uni.hi.is\/baldurt\/files\/2022\/05\/o\u0301vissa-um-no\u0308fnin-1536x1021.jpeg 1536w, https:\/\/uni.hi.is\/baldurt\/files\/2022\/05\/o\u0301vissa-um-no\u0308fnin.jpeg 2048w\" sizes=\"auto, (max-width: 300px) 100vw, 300px\" \/><\/p>\n<div class=\"kvgmc6g5 cxmmr5t8 oygrvhab hcukyx3x c1et5uql ii04i59q\">\n<div dir=\"auto\">Vi\u00f0 megum ekki sofna \u00e1 ver\u00f0inum og gera l\u00edti\u00f0 \u00far \u00fev\u00ed a\u00f0 bla\u00f0amenn og fr\u00e6\u00f0imenn s\u00e9u settir \u00e1 bannlista.<\/div>\n<div dir=\"auto\">Eitt er a\u00f0 vestr\u00e6n og r\u00fassnesk stj\u00f3rnv\u00f6ld skiptist \u00e1 dipl\u00f3mat\u00edskum refsia\u00f0ger\u00f0um me\u00f0 \u00fev\u00ed a\u00f0 setja stj\u00f3rnm\u00e1lamenn \u00e1 bannlista anna\u00f0 \u00feegar fr\u00e6\u00f0imenn, bla\u00f0amenn og f\u00f3lk sem tekur \u00fe\u00e1tt \u00ed \u00fej\u00f3\u00f0f\u00e9lagsumr\u00e6\u00f0unni er sett \u00e1 bannlista.<\/div>\n<\/div>\n<div class=\"cxmmr5t8 oygrvhab hcukyx3x c1et5uql o9v6fnle ii04i59q\">\n<div dir=\"auto\">Tilgangurinn me\u00f0 bannlistanum er miklu v\u00ed\u00f0t\u00e6kri en eing\u00f6ngu a\u00f0 meina f\u00f3lki landvist \u00ed R\u00fasslandi. Markmi\u00f0i\u00f0 me\u00f0 listanum er a\u00f0 f\u00e6la fr\u00e6\u00f0imenn og bla\u00f0amenn fr\u00e1 \u00fev\u00ed a\u00f0 fjalla \u00e1 gagnr\u00fdnan h\u00e1tt um r\u00e1\u00f0amenn \u00ed Kreml. Vonast er til a\u00f0 bannlistinn og s\u00fa \u00f3gn sem felst \u00ed \u00fev\u00ed a\u00f0 ver\u00f0a hugsanlega settur \u00e1 hann lei\u00f0i til \u00feess a\u00f0 menn fari mj\u00fakum h\u00f6ndum um str\u00ed\u00f0srekstur R\u00fasslands \u00ed \u00dakra\u00ednu.<\/div>\n<\/div>\n<div class=\"cxmmr5t8 oygrvhab hcukyx3x c1et5uql o9v6fnle ii04i59q\">\n<div dir=\"auto\"><\/div>\n<div dir=\"auto\"><strong>N\u00edu \u00cdslendingar<\/strong><\/div>\n<\/div>\n<div class=\"cxmmr5t8 oygrvhab hcukyx3x c1et5uql o9v6fnle ii04i59q\">\n<div dir=\"auto\">Morgunbla\u00f0i\u00f0 \u00ed \u00e1g\u00e6tri fr\u00e9tt veltir fyrir s\u00e9r hva\u00f0a \u00cdslendingar g\u00e6tu hugsanlega veri\u00f0 \u00e1 bann\u00adlistanum sem r\u00fass\u00adneska ut\u00adan\u00adr\u00edk\u00adis\u00adr\u00e1\u00f0uneyti\u00f0 hefur greint fr\u00e1 a\u00f0 ver\u00f0i sam\u00feykktur \u00ed D\u00famunni flj\u00f3tlega. Fram hefur komi\u00f0 a\u00f0 \u00e1 listanum s\u00e9u 9 \u00cdslend\u00ading\u00adar, 16 Nor\u00f0menn, 3 F\u00e6r\u00adey\u00adingar og 3 Gr\u00e6n\u00adlend\u00adingar. M\u00e9r finnst aukaatri\u00f0i hvort a\u00f0 \u00e9g s\u00e9 \u00e1 \u00feessum lista (eins og Morgunbla\u00f0i\u00f0 telur a\u00f0 g\u00e6ti veri\u00f0) e\u00f0a ekki. \u00dea\u00f0 mikilv\u00e6ga \u00ed m\u00e1linu er \u00feessi tilraun til a\u00f0 draga \u00far frelsi fj\u00f6lmi\u00f0la og fr\u00e6\u00f0imanna a\u00f0 tj\u00e1 sig um framfer\u00f0i r\u00fassneskra stj\u00f3rnvalda.<\/div>\n<div dir=\"auto\">Hinga\u00f0 til hafa r\u00fassnesk stj\u00f3rnv\u00f6ld n\u00e6r eing\u00f6ngu sett stj\u00f3rnm\u00e1lamenn og einstaka yfirmenn e\u00f0a emb\u00e6ttismenn \u00ed herjum Vesturlanda \u00e1 \u00feennan bannlista sinn sem svar vi\u00f0 bannlistum vestr\u00e6nna r\u00edkja \u00e1 r\u00fassenska stj\u00f3rnm\u00e1lamenn og f\u00f3lk \u00far vi\u00f0skiptal\u00edfi R\u00fasslands.<\/div>\n<div dir=\"auto\"><\/div>\n<\/div>\n<div class=\"cxmmr5t8 oygrvhab hcukyx3x c1et5uql o9v6fnle ii04i59q\">\n<div dir=\"auto\"><strong>Takm\u00f6rkun fr\u00e6\u00f0ilegar umr\u00e6\u00f0u og frj\u00e1lsra sko\u00f0anaskipta<br \/>\n<\/strong>\u00dea\u00f0 er hart s\u00f3tt a\u00f0 frelsi fj\u00f6lmi\u00f0la og v\u00edsindum \u00feessa dagana me\u00f0 falsfr\u00e9ttum og \u00e1r\u00e1sum stj\u00f3rnvalda v\u00ed\u00f0svegar um heiminn. Vi\u00f0 megum ekki l\u00e1ta sem svo a\u00f0 bannlisti R\u00fasslands s\u00e9 einfaldlega ekkert m\u00e1l. Bannlistinn eru hluti af herfer\u00f0inni a\u00f0 takmarka fr\u00e6\u00f0ilega umr\u00e6\u00f0un, frj\u00e1lsa fj\u00f6lmi\u00f0lun og frj\u00e1ls sko\u00f0anaskipti.<\/div>\n<\/div>\n<div class=\"cxmmr5t8 oygrvhab hcukyx3x c1et5uql o9v6fnle ii04i59q\">\n<div dir=\"auto\">\n<p>Sj\u00e1 fr\u00e9tt morgunbla\u00f0sins um m\u00e1li\u00f0 <a href=\"https:\/\/www.mbl.is\/frettir\/innlent\/2022\/05\/02\/ovissa_um_nofnin_a_bannlista_russa\/\">h\u00e9r.<\/a><\/p>\n<\/div>\n<div dir=\"auto\">Sj\u00e1 bannlista R\u00fassa \u00ed \u00dakra\u00ednu str\u00ed\u00f0inu <a href=\"https:\/\/en.wikipedia.org\/wiki\/List_of_people_and_organizations_sanctioned_during_the_Russo-Ukrainian_War?fbclid=IwAR2PJhK5nNTja7jvrDsa5aVl5OB2F37SAyfTdHCbJARPIhluexxjcTOyOSs\">h\u00e9r.<\/a><\/div>\n<\/div>\n","protected":false},"excerpt":{"rendered":"<p>Vi\u00f0 megum ekki sofna \u00e1 ver\u00f0inum og gera l\u00edti\u00f0 \u00far \u00fev\u00ed a\u00f0 bla\u00f0amenn og fr\u00e6\u00f0imenn s\u00e9u settir \u00e1 bannlista. Eitt er a\u00f0 vestr\u00e6n og r\u00fassnesk stj\u00f3rnv\u00f6ld skiptist \u00e1 dipl\u00f3mat\u00edskum refsia\u00f0ger\u00f0um me\u00f0 \u00fev\u00ed a\u00f0 setja stj\u00f3rnm\u00e1lamenn \u00e1 bannlista anna\u00f0 \u00feegar fr\u00e6\u00f0imenn, &hellip; <a href=\"https:\/\/uni.hi.is\/baldurt\/2022\/05\/03\/alvarlegur-bodadur-bannlisti\/\">Continue reading <span class=\"meta-nav\">&rarr;<\/span><\/a><\/p>\n","protected":false},"author":360,"featured_media":0,"comment_status":"closed","ping_status":"closed","sticky":false,"template":"","format":"standard","meta":{"footnotes":""},"categories":[],"tags":[],"class_list":["post-4242","post","type-post","status-publish","format-standard","hentry"],"_links":{"self":[{"href":"https:\/\/uni.hi.is\/baldurt\/wp-json\/wp\/v2\/posts\/4242","targetHints":{"allow":["GET"]}}],"collection":[{"href":"https:\/\/uni.hi.is\/baldurt\/wp-json\/wp\/v2\/posts"}],"about":[{"href":"https:\/\/uni.hi.is\/baldurt\/wp-json\/wp\/v2\/types\/post"}],"author":[{"embeddable":true,"href":"https:\/\/uni.hi.is\/baldurt\/wp-json\/wp\/v2\/users\/360"}],"replies":[{"embeddable":true,"href":"https:\/\/uni.hi.is\/baldurt\/wp-json\/wp\/v2\/comments?post=4242"}],"version-history":[{"count":3,"href":"https:\/\/uni.hi.is\/baldurt\/wp-json\/wp\/v2\/posts\/4242\/revisions"}],"predecessor-version":[{"id":4246,"href":"https:\/\/uni.hi.is\/baldurt\/wp-json\/wp\/v2\/posts\/4242\/revisions\/4246"}],"wp:attachment":[{"href":"https:\/\/uni.hi.is\/baldurt\/wp-json\/wp\/v2\/media?parent=4242"}],"wp:term":[{"taxonomy":"category","embeddable":true,"href":"https:\/\/uni.hi.is\/baldurt\/wp-json\/wp\/v2\/categories?post=4242"},{"taxonomy":"post_tag","embeddable":true,"href":"https:\/\/uni.hi.is\/baldurt\/wp-json\/wp\/v2\/tags?post=4242"}],"curies":[{"name":"wp","href":"https:\/\/api.w.org\/{rel}","templated":true}]}}