{"id":138,"date":"2023-05-26T11:38:04","date_gmt":"2023-05-26T11:38:04","guid":{"rendered":"https:\/\/uni.hi.is\/dln\/?p=138"},"modified":"2023-05-26T12:57:59","modified_gmt":"2023-05-26T12:57:59","slug":"vefnamskeidid-icelandic-online-5-opid","status":"publish","type":"post","link":"https:\/\/uni.hi.is\/dln\/2023\/05\/26\/vefnamskeidid-icelandic-online-5-opid\/","title":{"rendered":"Vefn\u00e1mskei\u00f0i\u00f0 Icelandic Online 5 \u00ed s\u00edmanum!"},"content":{"rendered":"<p><img loading=\"lazy\" decoding=\"async\" class=\"size-medium wp-image-139 alignleft\" src=\"https:\/\/uni.hi.is\/dln\/files\/2023\/05\/IOL5_Frettatilkynning-300x200.jpg\" alt=\"IOL5 Press\" width=\"300\" height=\"200\" srcset=\"https:\/\/uni.hi.is\/dln\/files\/2023\/05\/IOL5_Frettatilkynning-300x200.jpg 300w, https:\/\/uni.hi.is\/dln\/files\/2023\/05\/IOL5_Frettatilkynning-1024x682.jpg 1024w, https:\/\/uni.hi.is\/dln\/files\/2023\/05\/IOL5_Frettatilkynning-768x512.jpg 768w, https:\/\/uni.hi.is\/dln\/files\/2023\/05\/IOL5_Frettatilkynning-1536x1024.jpg 1536w, https:\/\/uni.hi.is\/dln\/files\/2023\/05\/IOL5_Frettatilkynning.jpg 1640w\" sizes=\"auto, (max-width: 300px) 100vw, 300px\" \/><\/p>\n<p>Vefn\u00e1mskei\u00f0i\u00f0 <a href=\"https:\/\/icelandiconline.com\/\" target=\"_blank\" rel=\"noopener\">IcelandicOnline5<\/a> hefur veri\u00f0 uppf\u00e6rt og er n\u00fa a\u00f0gengilegt fyrir snjallt\u00e6ki. IOL5 er framhald af vefn\u00e1mskei\u00f0unum IOL1-4 og er hanna\u00f0 fyrir lengri komna, me\u00f0 s\u00e9rstakri \u00e1herslu \u00e1 menningarl\u00e6si. H\u00f6fundar og ritstj\u00f3rar eru J\u00f3n Karl Helgason og Daisy L. Neijmann, t\u00e6knileg a\u00f0sto\u00f0 og uppf\u00e6rsla: Mar\u00eda-Carmila Raso, Lov\u00edsa Helga J\u00f3nsd\u00f3ttir, \u00dalfur Alexander Einarsson.<\/p>\n","protected":false},"excerpt":{"rendered":"<p>Vefn\u00e1mskei\u00f0i\u00f0 IcelandicOnline5 hefur veri\u00f0 uppf\u00e6rt og er n\u00fa a\u00f0gengilegt fyrir snjallt\u00e6ki. IOL5 er framhald af vefn\u00e1mskei\u00f0unum IOL1-4 og er hanna\u00f0 fyrir lengri komna, me\u00f0 s\u00e9rstakri \u00e1herslu \u00e1 menningarl\u00e6si. H\u00f6fundar og ritstj\u00f3rar eru J\u00f3n Karl Helgason og Daisy L. Neijmann, t\u00e6knileg a\u00f0sto\u00f0 og uppf\u00e6rsla: Mar\u00eda-Carmila Raso, Lov\u00edsa Helga J\u00f3nsd\u00f3ttir, \u00dalfur Alexander Einarsson.<\/p>\n","protected":false},"author":1512,"featured_media":0,"comment_status":"closed","ping_status":"closed","sticky":false,"template":"","format":"standard","meta":{"footnotes":""},"categories":[759],"tags":[],"class_list":["post-138","post","type-post","status-publish","format-standard","hentry","category-oflokkad"],"_links":{"self":[{"href":"https:\/\/uni.hi.is\/dln\/wp-json\/wp\/v2\/posts\/138","targetHints":{"allow":["GET"]}}],"collection":[{"href":"https:\/\/uni.hi.is\/dln\/wp-json\/wp\/v2\/posts"}],"about":[{"href":"https:\/\/uni.hi.is\/dln\/wp-json\/wp\/v2\/types\/post"}],"author":[{"embeddable":true,"href":"https:\/\/uni.hi.is\/dln\/wp-json\/wp\/v2\/users\/1512"}],"replies":[{"embeddable":true,"href":"https:\/\/uni.hi.is\/dln\/wp-json\/wp\/v2\/comments?post=138"}],"version-history":[{"count":5,"href":"https:\/\/uni.hi.is\/dln\/wp-json\/wp\/v2\/posts\/138\/revisions"}],"predecessor-version":[{"id":154,"href":"https:\/\/uni.hi.is\/dln\/wp-json\/wp\/v2\/posts\/138\/revisions\/154"}],"wp:attachment":[{"href":"https:\/\/uni.hi.is\/dln\/wp-json\/wp\/v2\/media?parent=138"}],"wp:term":[{"taxonomy":"category","embeddable":true,"href":"https:\/\/uni.hi.is\/dln\/wp-json\/wp\/v2\/categories?post=138"},{"taxonomy":"post_tag","embeddable":true,"href":"https:\/\/uni.hi.is\/dln\/wp-json\/wp\/v2\/tags?post=138"}],"curies":[{"name":"wp","href":"https:\/\/api.w.org\/{rel}","templated":true}]}}