{"id":1456,"date":"2019-08-07T14:05:21","date_gmt":"2019-08-07T14:05:21","guid":{"rendered":"http:\/\/uni.hi.is\/eirikur\/?p=1456"},"modified":"2019-09-11T16:39:26","modified_gmt":"2019-09-11T16:39:26","slug":"ny-lysingarord","status":"publish","type":"post","link":"https:\/\/uni.hi.is\/eirikur\/2019\/08\/07\/ny-lysingarord\/","title":{"rendered":"N\u00fd l\u00fdsingaror\u00f0"},"content":{"rendered":"<p>N\u00fdleg l\u00fdsingaror\u00f0 sem enda \u00e1 <em>-a\u00f0ur<\/em> og l\u00fdsa \u00e1standi e\u00f0a eiginleikum f\u00f3lks hafa undanfari\u00f0 veri\u00f0 til umr\u00e6\u00f0u \u00ed M\u00e1lv\u00f6ndunar\u00fe\u00e6ttinum \u00e1 Facebook \u2013 or\u00f0 eins og <em>lyfja\u00f0ur<\/em>, <em>verkja\u00f0ur<\/em>, <em>v\u00edma\u00f0ur<\/em> og fleiri. M\u00f6rgum finnst \u00feessi or\u00f0 torkennileg, eins og algengt er me\u00f0 n\u00fd or\u00f0, og amast heldur vi\u00f0 \u00feeim. En er \u00e1st\u00e6\u00f0a til \u00feess?<\/p>\n<p>Vissulega er oft h\u00e6gt a\u00f0 haga m\u00e1li s\u00ednu \u00feannig a\u00f0 \u00feessara or\u00f0a s\u00e9 ekki \u00fe\u00f6rf. \u00cd sta\u00f0 \u00feess a\u00f0 segja a\u00f0 einhver s\u00e9 <em>v\u00edma\u00f0ur<\/em> m\u00e1 eins segja a\u00f0 hann s\u00e9 <em>\u00ed v\u00edmu<\/em>, \u00ed sta\u00f0 \u00feess a\u00f0 einhver s\u00e9 <em>lyfja\u00f0ur<\/em> m\u00e1 segja a\u00f0 hann s\u00e9 <em>undir \u00e1hrifum lyfja<\/em> o.s.frv. En \u00fea\u00f0 eru ekki \u00ed sj\u00e1lfu s\u00e9r r\u00f6k gegn or\u00f0unum a\u00f0 h\u00e6gt s\u00e9 a\u00f0 or\u00f0a hlutina \u00e1 annan h\u00e1tt.<\/p>\n<p>Einu m\u00e1lfr\u00e6\u00f0ilegu r\u00f6kin sem \u00e9g hef s\u00e9\u00f0 gegn or\u00f0um af \u00feessu tagi eru \u00feau a\u00f0 l\u00fdsingaror\u00f0 sem enda \u00e1 <em>-a\u00f0ur<\/em> s\u00e9u yfirleitt upprunalega l\u00fdsingarh\u00e1ttur \u00fe\u00e1t\u00ed\u00f0ar af s\u00f6gnum \u2013 <em>sofna\u00f0ur<\/em> af <em>sofna<\/em>, <em>gruna\u00f0ur<\/em> af <em>gruna<\/em>, <em>blanda\u00f0ur<\/em> af <em>blanda<\/em> o.s.frv. Or\u00f0in sem nefnd eru \u00ed upphafi eru hins vegar leidd af nafnor\u00f0um.<\/p>\n<p>\u00dea\u00f0 er \u00fe\u00f3 ekki einsd\u00e6mi a\u00f0 l\u00fdsingaror\u00f0 af \u00feessu tagi s\u00e9u (e\u00f0a vir\u00f0ist vera) leidd af nafnor\u00f0um. Nefna m\u00e1 or\u00f0 eins og <em>galla\u00f0ur<\/em>, <em>g\u00e1fa\u00f0ur<\/em>, <em>kjarka\u00f0ur<\/em>, <em>skeggja\u00f0ur<\/em>, <em>timbra\u00f0ur<\/em>, <em>\u00e6tta\u00f0ur<\/em> og fleiri \u00fear sem ekki ver\u00f0ur s\u00e9\u00f0 a\u00f0 s\u00f6gn liggi a\u00f0 baki \u2013 auk samsetninga eins og <em>(ber)rassa\u00f0ur<\/em>, <em>(kald)rifja\u00f0ur<\/em>, <em>(rau\u00f0)nefja\u00f0ur<\/em>, <em>(tv\u00ed)eggja\u00f0ur<\/em> o.fl.<\/p>\n<p>M\u00f6rg sl\u00edk or\u00f0 eru e.t.v. upphaflega leidd af s\u00f6gn sem er sjaldg\u00e6f e\u00f0a horfin \u00far m\u00e1linu, en samstofna nafnor\u00f0 algengt. \u00deannig er \u00fea\u00f0 t.d. me\u00f0 or\u00f0 eins og <em>sk\u00fdja\u00f0ur<\/em> og <em>v\u00e6ngja\u00f0ur<\/em> \u2013 sagnirnar <em>sk\u00fdja<\/em> og <em>v\u00e6ngja<\/em> eru mj\u00f6g sjaldg\u00e6far en nafnor\u00f0in <em>sk\u00fd<\/em> og <em>v\u00e6ngur <\/em>mj\u00f6g algeng. \u00de\u00e1 er e\u00f0lilegt a\u00f0 m\u00e1lnotendur t\u00falki \u00fea\u00f0 svo a\u00f0 l\u00fdsingaror\u00f0i\u00f0 s\u00e9 leitt af nafnor\u00f0inu.<\/p>\n<p>Oft er sagt a\u00f0 \u00ed n\u00fat\u00edmam\u00e1li s\u00e9 tilhneiging til a\u00f0 ofnota nafnor\u00f0. \u00cd \u00feessu tilviki er veri\u00f0 a\u00f0 draga \u00far notkun nafnor\u00f0a, \u00fe\u00f3tt \u00ed litlu s\u00e9, me\u00f0 \u00fev\u00ed a\u00f0 nota l\u00fdsingaror\u00f0 \u00ed sta\u00f0inn. A\u00f0 \u00f6llu samanl\u00f6g\u00f0u s\u00e9 \u00e9g enga \u00e1st\u00e6\u00f0u til a\u00f0 amast vi\u00f0 or\u00f0um af \u00fev\u00ed tagi sem nefnd eru \u00ed upphafi. Hins vegar \u00feurfum vi\u00f0 au\u00f0vita\u00f0 t\u00edma til a\u00f0 venjast \u00feeim eins og \u00f6\u00f0rum n\u00fdjum or\u00f0um.<\/p>\n","protected":false},"excerpt":{"rendered":"<p>N\u00fdleg l\u00fdsingaror\u00f0 sem enda \u00e1 -a\u00f0ur og l\u00fdsa \u00e1standi e\u00f0a eiginleikum f\u00f3lks hafa undanfari\u00f0 veri\u00f0 til umr\u00e6\u00f0u \u00ed M\u00e1lv\u00f6ndunar\u00fe\u00e6ttinum \u00e1 Facebook \u2013 or\u00f0 eins og lyfja\u00f0ur, verkja\u00f0ur, v\u00edma\u00f0ur og fleiri. M\u00f6rgum finnst \u00feessi or\u00f0 torkennileg, eins og algengt er me\u00f0 n\u00fd or\u00f0, og amast heldur vi\u00f0 \u00feeim. En er \u00e1st\u00e6\u00f0a til \u00feess? Vissulega er oft [&hellip;]<\/p>\n","protected":false},"author":141,"featured_media":0,"comment_status":"closed","ping_status":"closed","sticky":false,"template":"","format":"standard","meta":{"footnotes":""},"categories":[158635],"tags":[],"class_list":["post-1456","post","type-post","status-publish","format-standard","hentry","category-malfar"],"_links":{"self":[{"href":"https:\/\/uni.hi.is\/eirikur\/wp-json\/wp\/v2\/posts\/1456","targetHints":{"allow":["GET"]}}],"collection":[{"href":"https:\/\/uni.hi.is\/eirikur\/wp-json\/wp\/v2\/posts"}],"about":[{"href":"https:\/\/uni.hi.is\/eirikur\/wp-json\/wp\/v2\/types\/post"}],"author":[{"embeddable":true,"href":"https:\/\/uni.hi.is\/eirikur\/wp-json\/wp\/v2\/users\/141"}],"replies":[{"embeddable":true,"href":"https:\/\/uni.hi.is\/eirikur\/wp-json\/wp\/v2\/comments?post=1456"}],"version-history":[{"count":2,"href":"https:\/\/uni.hi.is\/eirikur\/wp-json\/wp\/v2\/posts\/1456\/revisions"}],"predecessor-version":[{"id":1649,"href":"https:\/\/uni.hi.is\/eirikur\/wp-json\/wp\/v2\/posts\/1456\/revisions\/1649"}],"wp:attachment":[{"href":"https:\/\/uni.hi.is\/eirikur\/wp-json\/wp\/v2\/media?parent=1456"}],"wp:term":[{"taxonomy":"category","embeddable":true,"href":"https:\/\/uni.hi.is\/eirikur\/wp-json\/wp\/v2\/categories?post=1456"},{"taxonomy":"post_tag","embeddable":true,"href":"https:\/\/uni.hi.is\/eirikur\/wp-json\/wp\/v2\/tags?post=1456"}],"curies":[{"name":"wp","href":"https:\/\/api.w.org\/{rel}","templated":true}]}}