{"id":1458,"date":"2019-08-07T22:18:56","date_gmt":"2019-08-07T22:18:56","guid":{"rendered":"http:\/\/uni.hi.is\/eirikur\/?p=1458"},"modified":"2023-02-08T12:54:00","modified_gmt":"2023-02-08T12:54:00","slug":"verknadarnafnord","status":"publish","type":"post","link":"https:\/\/uni.hi.is\/eirikur\/2019\/08\/07\/verknadarnafnord\/","title":{"rendered":"Verkna\u00f0arnafnor\u00f0"},"content":{"rendered":"<p>M\u00f6rg nafnor\u00f0 eru myndu\u00f0 af s\u00f6gnum til a\u00f0 t\u00e1kna \u00fe\u00e1 ath\u00f6fn e\u00f0a verkna\u00f0 sem \u00ed s\u00f6gninni felst. \u00cd \u00feessari or\u00f0myndun eru oftast notu\u00f0 vi\u00f0skeyti \u2013 \u00feau helstu eru -<em>un<\/em> (<em>hanna \u2013 h\u00f6nnun<\/em>), -<em>(n)ing<\/em> (<em>m\u00e6la \u2013 m\u00e6ling<\/em>) og '<em>sla<\/em> (<em>keyra \u2013 keyrsla<\/em>). Vi\u00f0skeytin hafa me\u00f0 s\u00e9r nokkur verkaskipti \u2013 \u00feannig er <em>\u2013un<\/em> n\u00e6r eing\u00f6ngu nota\u00f0 \u00e1 sagnir sem enda \u00e1 -<em>a\u00f0i<\/em> \u00ed \u00fe\u00e1t\u00ed\u00f0. N\u00fa vill svo til a\u00f0 n\u00e1nast allar sagnir sem b\u00e6tast vi\u00f0 \u00ed m\u00e1linu eru af \u00feeirri ger\u00f0, og \u00feess vegna er <em>\u2013un<\/em> \u00fea\u00f0 eina af \u00feessum vi\u00f0skeytum sem er nota\u00f0 eitthva\u00f0 a\u00f0 r\u00e1\u00f0i \u00ed n\u00fdmyndun or\u00f0a \u2013 af \u00f6\u00f0rum s\u00f6gnum er oftast l\u00f6ngu b\u00fai\u00f0 a\u00f0 mynda nafnor\u00f0, \u00fe\u00f3tt \u00fea\u00f0 s\u00e9 vissulega ekki algilt.<\/p>\n<p>Stundum \u00fer\u00f3ast or\u00f0 me\u00f0 \u00feessum vi\u00f0skeytum yfir \u00ed \u00fea\u00f0 a\u00f0 merkja afur\u00f0 verkna\u00f0arins, frekar en verkna\u00f0inn sj\u00e1lfan. \u00deannig er t.d. me\u00f0 or\u00f0i\u00f0 <em>teikning<\/em>, sem getur vissulega merkt verkna\u00f0inn (<em>teikning myndarinnar t\u00f3k langan t\u00edma<\/em>) en er \u00fe\u00f3 langoftast nota\u00f0 um afur\u00f0ina (<em>teikningin er falleg<\/em>). \u00de\u00e1 er stundum mynda\u00f0 n\u00fdtt or\u00f0 me\u00f0 \u00f6\u00f0ru vi\u00f0skeyti af s\u00f6gninni til a\u00f0 t\u00e1kna verkna\u00f0inn \u2013 \u00ed \u00feessu tilviki or\u00f0i\u00f0 <em>teiknun <\/em>sem aldrei getur merkt afur\u00f0ina.<\/p>\n<p>Vegna \u00feess a\u00f0 -<em>un<\/em> er langvirkast af \u00feessum vi\u00f0skeytum er \u00fea\u00f0 stundum nota\u00f0 \u00e1 sagnir af \u00f6\u00f0rum flokkum en hef\u00f0 er fyrir. \u00cd M\u00e1lv\u00f6ndunar\u00fe\u00e6ttinum \u00e1 Facebook var \u00ed dag til umr\u00e6\u00f0u or\u00f0i\u00f0 <a href=\"https:\/\/www.facebook.com\/groups\/1395992847329077\/permalink\/2300939140167772\/\"><em>afm\u00e1ning<\/em><\/a> sem kom fyrir \u00ed fr\u00e9tt \u00ed Morgunbla\u00f0inu og kom sumum sp\u00e1nskt fyrir sj\u00f3nir \u2013 vildu heldur nota <em>afm\u00e1un<\/em>. Hvorugt or\u00f0i\u00f0 er reyndar n\u00fdtt \u2013 b\u00e6\u00f0i koma fyrir \u00feegar \u00e1 19. \u00f6ld. En vegna \u00feess a\u00f0 s\u00f6gnin <em>afm\u00e1<\/em> endar ekki \u00e1 -<em>a\u00f0i<\/em> \u00ed \u00fe\u00e1t\u00ed\u00f0 samr\u00e6mist <em>afm\u00e1ning<\/em> m\u00e1lhef\u00f0inni betur en <em>afm\u00e1un<\/em>. Hvort \u00fea\u00f0 dugi til a\u00f0 hafna <em>afm\u00e1un<\/em> l\u00e6t \u00e9g liggja milli hluta, og hvort or\u00f0i\u00f0 fer betur \u00ed m\u00e1linu er vitanlega smekksatri\u00f0i.<\/p>\n<p>\u00cd tengslum vi\u00f0 \u00feessa umr\u00e6\u00f0u var nefnt or\u00f0i\u00f0 <em>horfun<\/em>. \u00deetta or\u00f0 kom skyndilega inn \u00ed m\u00e1li\u00f0 s\u00ed\u00f0la \u00e1rs 1986 \u00feegar St\u00f6\u00f0 2 h\u00f3f \u00fatsendingar og f\u00f3r a\u00f0 metast vi\u00f0 R\u00edkissj\u00f3nvarpi\u00f0 um \u00fea\u00f0 \u00e1 hvora st\u00f6\u00f0ina v\u00e6ri meira horft. \u00de\u00e1 var b\u00fai\u00f0 til nafnor\u00f0i\u00f0 <em>horfun<\/em> (og jafnvel <em>\u00e1horfun<\/em>), v\u00e6ntanlega me\u00f0 <em>hlustun<\/em> sem fyrirmynd. En s\u00fa fyrirmynd var ekki heppileg \u00fev\u00ed a\u00f0 \u00fe\u00f3tt <em>hlusta <\/em>endi \u00e1 -<em>a\u00f0i<\/em> \u00ed \u00fe\u00e1t\u00ed\u00f0 og myndi e\u00f0lilega nafnor\u00f0 me\u00f0 -<em>un<\/em> gerir <em>horfa<\/em> \u00fea\u00f0 ekki \u2013 enda \u00f6mu\u00f0ust margir vi\u00f0 \u00feessu or\u00f0i. \u00dea\u00f0 var \u00fe\u00f3 miki\u00f0 nota\u00f0 n\u00e6stu \u00e1rin (eins og sj\u00e1 m\u00e1 \u00e1 t\u00edmarit.is). En eftir 1994 dettur \u00fea\u00f0 n\u00e6r algerlega \u00far notkun og or\u00f0i\u00f0 <em>\u00e1horf<\/em> (sem er gamalt en Baldur J\u00f3nsson pr\u00f3fessor haf\u00f0i <a href=\"http:\/\/timarit.is\/view_page_init.jsp?pageId=6516880\">stungi\u00f0 upp \u00e1<\/a> a\u00f0 nota \u00feegar 1987) kemur \u00ed sta\u00f0inn.<\/p>\n","protected":false},"excerpt":{"rendered":"<p>M\u00f6rg nafnor\u00f0 eru myndu\u00f0 af s\u00f6gnum til a\u00f0 t\u00e1kna \u00fe\u00e1 ath\u00f6fn e\u00f0a verkna\u00f0 sem \u00ed s\u00f6gninni felst. \u00cd \u00feessari or\u00f0myndun eru oftast notu\u00f0 vi\u00f0skeyti \u2013 \u00feau helstu eru -un (hanna \u2013 h\u00f6nnun), -(n)ing (m\u00e6la \u2013 m\u00e6ling) og 'sla (keyra \u2013 keyrsla). Vi\u00f0skeytin hafa me\u00f0 s\u00e9r nokkur verkaskipti \u2013 \u00feannig er \u2013un n\u00e6r eing\u00f6ngu nota\u00f0 \u00e1 [&hellip;]<\/p>\n","protected":false},"author":141,"featured_media":0,"comment_status":"closed","ping_status":"closed","sticky":false,"template":"","format":"standard","meta":{"footnotes":""},"categories":[158635],"tags":[],"class_list":["post-1458","post","type-post","status-publish","format-standard","hentry","category-malfar"],"_links":{"self":[{"href":"https:\/\/uni.hi.is\/eirikur\/wp-json\/wp\/v2\/posts\/1458","targetHints":{"allow":["GET"]}}],"collection":[{"href":"https:\/\/uni.hi.is\/eirikur\/wp-json\/wp\/v2\/posts"}],"about":[{"href":"https:\/\/uni.hi.is\/eirikur\/wp-json\/wp\/v2\/types\/post"}],"author":[{"embeddable":true,"href":"https:\/\/uni.hi.is\/eirikur\/wp-json\/wp\/v2\/users\/141"}],"replies":[{"embeddable":true,"href":"https:\/\/uni.hi.is\/eirikur\/wp-json\/wp\/v2\/comments?post=1458"}],"version-history":[{"count":4,"href":"https:\/\/uni.hi.is\/eirikur\/wp-json\/wp\/v2\/posts\/1458\/revisions"}],"predecessor-version":[{"id":4857,"href":"https:\/\/uni.hi.is\/eirikur\/wp-json\/wp\/v2\/posts\/1458\/revisions\/4857"}],"wp:attachment":[{"href":"https:\/\/uni.hi.is\/eirikur\/wp-json\/wp\/v2\/media?parent=1458"}],"wp:term":[{"taxonomy":"category","embeddable":true,"href":"https:\/\/uni.hi.is\/eirikur\/wp-json\/wp\/v2\/categories?post=1458"},{"taxonomy":"post_tag","embeddable":true,"href":"https:\/\/uni.hi.is\/eirikur\/wp-json\/wp\/v2\/tags?post=1458"}],"curies":[{"name":"wp","href":"https:\/\/api.w.org\/{rel}","templated":true}]}}