{"id":1511,"date":"2019-08-30T13:52:12","date_gmt":"2019-08-30T13:52:12","guid":{"rendered":"http:\/\/uni.hi.is\/eirikur\/?p=1511"},"modified":"2019-09-01T22:13:43","modified_gmt":"2019-09-01T22:13:43","slug":"laera-fra","status":"publish","type":"post","link":"https:\/\/uni.hi.is\/eirikur\/2019\/08\/30\/laera-fra\/","title":{"rendered":"L\u00e6ra fr\u00e1"},"content":{"rendered":"<p>\u00cd sj\u00f3nvarpsfr\u00e9ttum \u00ed g\u00e6r heyr\u00f0i \u00e9g ungan vi\u00f0m\u00e6landa segja \u201e\u00c9g hef virkilega l\u00e6rt fr\u00e1 \u00feessu\u201c. \u00deetta hef \u00e9g ekki heyrt \u00e1\u00f0ur en g\u00fagl skilar m\u00e9r nokkrum d\u00e6mum um \u00feetta fr\u00e1 s\u00ed\u00f0ustu \u00e1rum. \u00cd \u00edslenskri m\u00e1lhef\u00f0 er forsetningin <em>af<\/em> vitanlega notu\u00f0 me\u00f0 <em>l\u00e6ra<\/em> \u2013 vi\u00f0 <em>l\u00e6rum af<\/em> einhverju, ekki <em>fr\u00e1<\/em> \u00fev\u00ed. \u00dea\u00f0 vir\u00f0ist nokku\u00f0 lj\u00f3st a\u00f0 h\u00e9r s\u00e9 um a\u00f0 r\u00e6\u00f0a \u00e1hrif fr\u00e1 ensku, <em>learn from<\/em>.<\/p>\n<p>\u00dea\u00f0 eru d\u00e6mi af \u00feessu tagi sem m\u00e9r finnst mikilv\u00e6gast a\u00f0 taka eftir og vekja athygli \u00e1. Au\u00f0vita\u00f0 eru \u00feetta engin st\u00f3rkostleg m\u00e1lspj\u00f6ll, \u00fat af fyrir sig. Vi\u00f0 t\u00f6lum um a\u00f0 <em>ver\u00f0a fyrir \u00e1hrifum af og ver\u00f0a fyrir \u00e1hrifum fr\u00e1<\/em>, og \u00fe\u00e1 er stutt yfir \u00ed <em>l\u00e6ra fr\u00e1<\/em>. En svona d\u00e6mi s\u00fdna hins vegar hvernig enskan l\u00e6\u00f0ist inn \u00ed \u00edslenskuna \u00e1n \u00feess a\u00f0 vi\u00f0 t\u00f6kum eftir \u00fev\u00ed.<\/p>\n<p>Vi\u00f0br\u00f6g\u00f0in vi\u00f0 \u00fev\u00ed eiga ekki a\u00f0 vera str\u00ed\u00f0 gegn enskunni, e\u00f0a n\u00f6ldur yfir einst\u00f6kum atri\u00f0um, heldur styrking \u00edslenskunnar \u2013 \u00e1hersla \u00e1 a\u00f0 f\u00f3lk, ekki s\u00edst b\u00f6rn og unglingar, lesi sem mest \u00e1 \u00edslensku og noti hana \u00e1 \u00f6llum svi\u00f0um.<\/p>\n","protected":false},"excerpt":{"rendered":"<p>\u00cd sj\u00f3nvarpsfr\u00e9ttum \u00ed g\u00e6r heyr\u00f0i \u00e9g ungan vi\u00f0m\u00e6landa segja \u201e\u00c9g hef virkilega l\u00e6rt fr\u00e1 \u00feessu\u201c. \u00deetta hef \u00e9g ekki heyrt \u00e1\u00f0ur en g\u00fagl skilar m\u00e9r nokkrum d\u00e6mum um \u00feetta fr\u00e1 s\u00ed\u00f0ustu \u00e1rum. \u00cd \u00edslenskri m\u00e1lhef\u00f0 er forsetningin af vitanlega notu\u00f0 me\u00f0 l\u00e6ra \u2013 vi\u00f0 l\u00e6rum af einhverju, ekki fr\u00e1 \u00fev\u00ed. \u00dea\u00f0 vir\u00f0ist nokku\u00f0 lj\u00f3st a\u00f0 [&hellip;]<\/p>\n","protected":false},"author":141,"featured_media":0,"comment_status":"closed","ping_status":"closed","sticky":false,"template":"","format":"standard","meta":{"footnotes":""},"categories":[158635],"tags":[],"class_list":["post-1511","post","type-post","status-publish","format-standard","hentry","category-malfar"],"_links":{"self":[{"href":"https:\/\/uni.hi.is\/eirikur\/wp-json\/wp\/v2\/posts\/1511","targetHints":{"allow":["GET"]}}],"collection":[{"href":"https:\/\/uni.hi.is\/eirikur\/wp-json\/wp\/v2\/posts"}],"about":[{"href":"https:\/\/uni.hi.is\/eirikur\/wp-json\/wp\/v2\/types\/post"}],"author":[{"embeddable":true,"href":"https:\/\/uni.hi.is\/eirikur\/wp-json\/wp\/v2\/users\/141"}],"replies":[{"embeddable":true,"href":"https:\/\/uni.hi.is\/eirikur\/wp-json\/wp\/v2\/comments?post=1511"}],"version-history":[{"count":1,"href":"https:\/\/uni.hi.is\/eirikur\/wp-json\/wp\/v2\/posts\/1511\/revisions"}],"predecessor-version":[{"id":1512,"href":"https:\/\/uni.hi.is\/eirikur\/wp-json\/wp\/v2\/posts\/1511\/revisions\/1512"}],"wp:attachment":[{"href":"https:\/\/uni.hi.is\/eirikur\/wp-json\/wp\/v2\/media?parent=1511"}],"wp:term":[{"taxonomy":"category","embeddable":true,"href":"https:\/\/uni.hi.is\/eirikur\/wp-json\/wp\/v2\/categories?post=1511"},{"taxonomy":"post_tag","embeddable":true,"href":"https:\/\/uni.hi.is\/eirikur\/wp-json\/wp\/v2\/tags?post=1511"}],"curies":[{"name":"wp","href":"https:\/\/api.w.org\/{rel}","templated":true}]}}