{"id":1513,"date":"2019-08-31T10:16:59","date_gmt":"2019-08-31T10:16:59","guid":{"rendered":"http:\/\/uni.hi.is\/eirikur\/?p=1513"},"modified":"2019-09-11T17:07:45","modified_gmt":"2019-09-11T17:07:45","slug":"enskuslettur-og-malvillur","status":"publish","type":"post","link":"https:\/\/uni.hi.is\/eirikur\/2019\/08\/31\/enskuslettur-og-malvillur\/","title":{"rendered":"Enskuslettur og \u201em\u00e1lvillur\u201c"},"content":{"rendered":"<p>\u00cd g\u00e6r var \u00ed M\u00e1lv\u00f6ndunar\u00fe\u00e6ttinum \u00e1 Facebook vakin athygli \u00e1 fyrirs\u00f6gn \u00e1 vef R\u00daV: \u201e<a href=\"https:\/\/www.ruv.is\/frett\/vard-emotional-i-thjodsongnum\">Var\u00f0 \u201eemotional\u201c \u00ed \u00fej\u00f3\u00f0s\u00f6ngnum<\/a>\u201c. \u00deetta er tilvitnun \u00ed vi\u00f0tal vi\u00f0 Dagn\u00fdju Brynjarsd\u00f3ttur landsli\u00f0skonu. S\u00e1 sem setti \u00feetta inn sag\u00f0i a\u00f0 s\u00e9r fyndist \u00ed lagi a\u00f0 sletta af og til en \u00fea\u00f0 v\u00e6ri \u00f3\u00fearfi a\u00f0 taka sl\u00edkt upp \u00ed fyrirs\u00f6gn. \u00c9g er samm\u00e1la, og \u00feetta er gott d\u00e6mi um \u00fea\u00f0 sem \u00e9g hef \u00e1\u00f0ur nefnt h\u00e9r \u2013 a\u00f0 m\u00e1lsni\u00f0 \u00ed fj\u00f6lmi\u00f0lum hefur gerbreyst \u00e1 undanf\u00f6rnum \u00e1ratugum og er n\u00fa i\u00f0ulega mun talm\u00e1lslegra en \u00e1\u00f0ur. \u00dea\u00f0 er ekki endilega alltaf til b\u00f3ta.<\/p>\n<p>\u00dea\u00f0 er engin \u00e1st\u00e6\u00f0a til a\u00f0 kippa s\u00e9r upp vi\u00f0 a\u00f0 f\u00f3lk sletti og v\u00edki fr\u00e1 m\u00e1lsta\u00f0li \u00e1 \u00fdmsan h\u00e1tt \u00ed vi\u00f0tali, en \u00feegar fr\u00e9tt er skrifu\u00f0 upp \u00far vi\u00f0talinu er e\u00f0lilegt a\u00f0 breyta m\u00e1lsni\u00f0inu, endursegja or\u00f0 vi\u00f0m\u00e6landa og f\u00e6ra \u00ed b\u00faning sem h\u00e6fir ritu\u00f0u m\u00e1li, eins og\u00a0<a href=\"https:\/\/www.facebook.com\/kjohannsdottir?fref=gs&amp;__tn__=%2CdK-R-R&amp;eid=ARArXFMkXEjsmLmQzUqlXjPgYM_-YEoJwh0p3BNAvy49WAR-lJ5M_Da0Z_GLZQp6XawrQfUzdD9mG6SS&amp;dti=1395992847329077&amp;hc_location=group_dialog\">Krist\u00edn M. J\u00f3hannsd\u00f3ttir<\/a>\u00a0benti \u00e1 \u00ed athugasemdum. \u00c1 mbl.is var reyndar haft eftir Dagn\u00fdju \u201e<a href=\"https:\/\/www.mbl.is\/sport\/efstadeild\/2019\/08\/30\/tilfinningarnar_gerdu_vart_vid_sig\/\">tilfinningarnar ger\u00f0u vart vi\u00f0 sig<\/a>\u201c \u2013 innan g\u00e6salappa, hvort sem h\u00fan hefur nota\u00f0 anna\u00f0 or\u00f0alag \u00fear e\u00f0a bla\u00f0ama\u00f0ur breytt \u00feessu.<\/p>\n<p>En \u00feessi fyrirs\u00f6gn segir kannski heilmiki\u00f0 um vi\u00f0horf okkar til mismunandi fr\u00e1vika fr\u00e1 m\u00e1lsta\u00f0linum. \u00dea\u00f0 \u00feykir sem sagt \u00ed lagi a\u00f0 hafa enskuslettu eftir vi\u00f0m\u00e6landa \u2013 vissulega innan g\u00e6salappa \u2013 og nota \u00ed fr\u00e9ttafyrirs\u00f6gn. En ef Dagn\u00fd hef\u00f0i sagt \u2013 sem h\u00fan ger\u00f0i ekki \u2013 \u201eM\u00e9r langa\u00f0i miki\u00f0 til a\u00f0 skora\u201c e\u00f0a \u201e\u00c9g vill \u00feakka \u00e1horfendum fyrir g\u00f3\u00f0a hvatningu\u201c, a\u00f0 ekki s\u00e9 tala\u00f0 um \u201e\u00dea\u00f0 var teki\u00f0 mig \u00fat af \u00ed seinni h\u00e1lfleik\u201c, \u00fe\u00e1 hef\u00f0i \u00fea\u00f0 t\u00e6past veri\u00f0 haft or\u00f0r\u00e9tt eftir \u00ed fr\u00e9ttinni og alveg \u00f6rugglega ekki sett \u00ed fyrirs\u00f6gn.<\/p>\n<p>Er \u00feetta ekki umhugsunarefni? \u00dea\u00f0 m\u00e1 hafa ensku \u00ed fyrirs\u00f6gn fr\u00e9ttar, en menn for\u00f0ast al\u00edslensk tilbrig\u00f0i \u00ed m\u00e1li eins og heitan eldinn \u2013 \u00fer\u00e1tt fyrir a\u00f0 \u00edslenskunni stafi alveg \u00f6rugglega margfalt meiri h\u00e6tta af ensku en af hef\u00f0bundnum tilbrig\u00f0um \u2013 sem oft eru nefnd \u201em\u00e1lvillur\u201c \u2013 eins og \u00feeim sem \u00e9g v\u00edsa\u00f0i til h\u00e9r a\u00f0 framan. M\u00e9r finnst \u00feetta bera vott um a\u00f0 vi\u00f0 metum st\u00f6\u00f0una ekki r\u00e9tt \u2013 ey\u00f0um t\u00edma og orku \u00ed a\u00f0 berjast vi\u00f0 vindmyllur.<\/p>\n","protected":false},"excerpt":{"rendered":"<p>\u00cd g\u00e6r var \u00ed M\u00e1lv\u00f6ndunar\u00fe\u00e6ttinum \u00e1 Facebook vakin athygli \u00e1 fyrirs\u00f6gn \u00e1 vef R\u00daV: \u201eVar\u00f0 \u201eemotional\u201c \u00ed \u00fej\u00f3\u00f0s\u00f6ngnum\u201c. \u00deetta er tilvitnun \u00ed vi\u00f0tal vi\u00f0 Dagn\u00fdju Brynjarsd\u00f3ttur landsli\u00f0skonu. S\u00e1 sem setti \u00feetta inn sag\u00f0i a\u00f0 s\u00e9r fyndist \u00ed lagi a\u00f0 sletta af og til en \u00fea\u00f0 v\u00e6ri \u00f3\u00fearfi a\u00f0 taka sl\u00edkt upp \u00ed fyrirs\u00f6gn. \u00c9g er [&hellip;]<\/p>\n","protected":false},"author":141,"featured_media":0,"comment_status":"closed","ping_status":"closed","sticky":false,"template":"","format":"standard","meta":{"footnotes":""},"categories":[158635],"tags":[],"class_list":["post-1513","post","type-post","status-publish","format-standard","hentry","category-malfar"],"_links":{"self":[{"href":"https:\/\/uni.hi.is\/eirikur\/wp-json\/wp\/v2\/posts\/1513","targetHints":{"allow":["GET"]}}],"collection":[{"href":"https:\/\/uni.hi.is\/eirikur\/wp-json\/wp\/v2\/posts"}],"about":[{"href":"https:\/\/uni.hi.is\/eirikur\/wp-json\/wp\/v2\/types\/post"}],"author":[{"embeddable":true,"href":"https:\/\/uni.hi.is\/eirikur\/wp-json\/wp\/v2\/users\/141"}],"replies":[{"embeddable":true,"href":"https:\/\/uni.hi.is\/eirikur\/wp-json\/wp\/v2\/comments?post=1513"}],"version-history":[{"count":4,"href":"https:\/\/uni.hi.is\/eirikur\/wp-json\/wp\/v2\/posts\/1513\/revisions"}],"predecessor-version":[{"id":1668,"href":"https:\/\/uni.hi.is\/eirikur\/wp-json\/wp\/v2\/posts\/1513\/revisions\/1668"}],"wp:attachment":[{"href":"https:\/\/uni.hi.is\/eirikur\/wp-json\/wp\/v2\/media?parent=1513"}],"wp:term":[{"taxonomy":"category","embeddable":true,"href":"https:\/\/uni.hi.is\/eirikur\/wp-json\/wp\/v2\/categories?post=1513"},{"taxonomy":"post_tag","embeddable":true,"href":"https:\/\/uni.hi.is\/eirikur\/wp-json\/wp\/v2\/tags?post=1513"}],"curies":[{"name":"wp","href":"https:\/\/api.w.org\/{rel}","templated":true}]}}