{"id":2730,"date":"2020-07-08T17:50:52","date_gmt":"2020-07-08T17:50:52","guid":{"rendered":"https:\/\/uni.hi.is\/eirikur\/?p=2730"},"modified":"2021-04-05T16:46:48","modified_gmt":"2021-04-05T16:46:48","slug":"hrodvirkni-er-oafsakanleg","status":"publish","type":"post","link":"https:\/\/uni.hi.is\/eirikur\/2020\/07\/08\/hrodvirkni-er-oafsakanleg\/","title":{"rendered":"Hro\u00f0virkni er \u00f3afsakanleg"},"content":{"rendered":"<p>Eins og oft hefur komi\u00f0 fram vil \u00e9g fara mj\u00f6g varlega \u00ed a\u00f0 gera athugasemdir vi\u00f0 m\u00e1lfar f\u00f3lks og finnst \u00fea\u00f0 oftast hreinn d\u00f3naskapur. En f\u00f3lk sem hefur skrif a\u00f0 atvinnu ver\u00f0ur a\u00f0 vanda sig \u2013 \u00fea\u00f0 er engin \u00e1st\u00e6\u00f0a til a\u00f0 afsaka hro\u00f0virkni. M\u00e9r bl\u00f6skra\u00f0i \u00feegar \u00e9g las <a href=\"https:\/\/www.visir.is\/g\/20201989181d\/einn-besti-hand-bolta-madur-heims-ordinn-student\">\u00feessa fr\u00e9tt<\/a> \u2013 s\u00e9rstaklega vegna rangra \u00fe\u00fd\u00f0inga \u00far d\u00f6nsku en sitthva\u00f0 er l\u00edka vi\u00f0 \u00edslenskuna a\u00f0 athuga. H\u00e9r er fari\u00f0 yfir \u00fea\u00f0 helsta:<\/p>\n<ul>\n<li>\u201eHandboltastjarnan Mikkel Hansen, leikma\u00f0ur PSG \u00ed Frakklandi og danska landsli\u00f0sins, er or\u00f0inn st\u00fadent en hann f\u00e9kk hv\u00edtu h\u00fafuna um helgina.\u201c \u00cd <a href=\"https:\/\/www.bt.dk\/haandbold\/mikkel-hansen-er-blevet-student\">fr\u00e9tt BT<\/a> sem vir\u00f0ist vera helsta heimildin stendur hins vegar \u201eFor l\u00f8rdag fik han sat den bl\u00e5 hue p\u00e5 hovedet\u201c. H\u00fafan er sem s\u00e9 bl\u00e1 en ekki hv\u00edt.<\/li>\n<li>\u201e\u00de\u00e1 er \u00fea\u00f0 m\u00f6guleiki a\u00f0 setja h\u00fafuna \u00e1 s\u00ed\u00f0asta st\u00fadentinn fr\u00e1 Vestskoven \u00ed Albertslund.\u201c \u00c1 d\u00f6nskunni er \u00feetta \u201eS\u00e5 blev der mulighed for at s\u00e6tte huen p\u00e5 \u00e5rets sidste hhx-student\u201c. \u00de\u00f3 a\u00f0 \"mulighed\" geti vissulega \u00fe\u00fdtt 'm\u00f6guleiki' v\u00e6ri 't\u00e6kif\u00e6ri' r\u00e9ttari \u00fe\u00fd\u00f0ing \u00fearna. Og \u00feetta er ekki \u201es\u00ed\u00f0asti st\u00fadentinn\u201c heldur \u201es\u00ed\u00f0asti st\u00fadent \u00e1rsins\u201c.<\/li>\n<li>\u201eMj\u00f6g \u00f6flugt a\u00f0 r\u00e1\u00f0a vi\u00f0 fj\u00f6lskylduna, handboltann og pr\u00f3fin\u201c. \u00c1 d\u00f6nsku: \u201evirkeligt st\u00e6rkt at klare b\u00e5de familie, h\u00e5ndbold og eksamen\u201c. \u201eMj\u00f6g \u00f6flugt\u201c er vond \u00fe\u00fd\u00f0ing \u00e1 \u201evirkelig st\u00e6rkt\u201c \u2013 e\u00f0lilegt v\u00e6ri 'vel af s\u00e9r viki\u00f0'. Og \u201er\u00e1\u00f0a vi\u00f0\u201c er vond \u00fe\u00fd\u00f0ing \u00e1 \u201eklare\u201c \u2013 e\u00f0lilegt v\u00e6ri 'geta sinnt' e\u00f0a eitthva\u00f0 sl\u00edkt.<\/li>\n<li>\u201eEftir a\u00f0 h\u00fafan f\u00f3r \u00e1 loft keyr\u00f0i Hansen fr\u00e1 sk\u00f3lanum \u00ed hv\u00edtum jeppa sem var skreyttur me\u00f0 b\u00e6\u00f0i f\u00e1num og greni\u201c. \u00c1 d\u00f6nsku: \u201eEfter huen kom p\u00e5 plads, blev Mikkel Hansen k\u00f8rt afsted i en hvid Jeep, der var pyntet med b\u00e5de flag og grene\u201c. Undarlegt a\u00f0 segja \u201eh\u00fafan f\u00f3r \u00e1 loft\u201c, Hansen keyr\u00f0i ekki fr\u00e1 sk\u00f3lanum heldur var honum eki\u00f0, og b\u00edllinn var ekki skreyttur me\u00f0 greni, heldur greinum.<\/li>\n<li>\u201est\u00fadentar \u00ed Danm\u00f6rku keyra \u00feannig um g\u00f6tur b\u00e6jarins \u00ed r\u00fatu eftir a\u00f0 h\u00fafan fari \u00e1 loft\u201c. \u00c9g veit ekki hva\u00f0an r\u00fatan kemur \u2013 \u00ed fr\u00e9tt BT er tala\u00f0 um \u201estudentervogn\u201c en vissulega kann \u00feetta a\u00f0 vera \u00far annarri heimild. En \u00fearna er aftur tala\u00f0 um a\u00f0 \u201eh\u00fafan fari \u00e1 loft\u201c sem er undarlegt, og a.m.k. \u00e6tti a\u00f0 nota frams\u00f6guh\u00e1ttinn <em>fer<\/em> en ekki vi\u00f0tengingarh\u00e1ttinn <em>fari<\/em>.<\/li>\n<li>\u201e\u00deetta er svo s\u00e6tt. \u00deetta er svo vel gert. Hann f\u00e6r \u00feetta s\u00e9rstaklega \u00ed dag. Hann var \u00ed sk\u00f3lanum hj\u00e1 okkur en \u00feegar hann flutti hefur \u00feetta veri\u00f0 \u00e1 netinu.\u201c Danska or\u00f0i\u00f0 <em>sejt<\/em> \u00fe\u00fd\u00f0ir ekki 's\u00e6tt'. Og \u201e\u00feegar hann flutti hefur \u00feetta veri\u00f0 \u00e1 netinu\u201c gengur ekki upp, \u00fe\u00f3tt \u00fea\u00f0 standi \u201eda han flyttede\u201c \u00e1 d\u00f6nsku \u2013 ver\u00f0ur a\u00f0 vera 'eftir a\u00f0 hann flutti'.<\/li>\n<li>\u201eA\u00f0 ver\u00f0a st\u00fadent er ekki \u00fea\u00f0 eina g\u00f3\u00f0a sem hefur komi\u00f0 fyrir Danann \u00e1 \u00e1rinu \u00fev\u00ed hann gifti sig unnustu sinni, Stephanie Gundelach, \u00ed ma\u00ed.\u201c Sambandi\u00f0 <em>koma fyrir<\/em> er nota\u00f0 um eitthva\u00f0 sem ma\u00f0ur hefur ekki vald \u00e1 og er \u00fev\u00ed rangt \u00fearna. E\u00f0lilegra v\u00e6ri l\u00edka a\u00f0 nota <em>giftist<\/em> en <em>gifti sig<\/em>.<\/li>\n<\/ul>\n","protected":false},"excerpt":{"rendered":"<p>Eins og oft hefur komi\u00f0 fram vil \u00e9g fara mj\u00f6g varlega \u00ed a\u00f0 gera athugasemdir vi\u00f0 m\u00e1lfar f\u00f3lks og finnst \u00fea\u00f0 oftast hreinn d\u00f3naskapur. En f\u00f3lk sem hefur skrif a\u00f0 atvinnu ver\u00f0ur a\u00f0 vanda sig \u2013 \u00fea\u00f0 er engin \u00e1st\u00e6\u00f0a til a\u00f0 afsaka hro\u00f0virkni. M\u00e9r bl\u00f6skra\u00f0i \u00feegar \u00e9g las \u00feessa fr\u00e9tt \u2013 s\u00e9rstaklega vegna rangra [&hellip;]<\/p>\n","protected":false},"author":141,"featured_media":0,"comment_status":"open","ping_status":"open","sticky":false,"template":"","format":"standard","meta":{"footnotes":""},"categories":[158635],"tags":[],"class_list":["post-2730","post","type-post","status-publish","format-standard","hentry","category-malfar"],"_links":{"self":[{"href":"https:\/\/uni.hi.is\/eirikur\/wp-json\/wp\/v2\/posts\/2730","targetHints":{"allow":["GET"]}}],"collection":[{"href":"https:\/\/uni.hi.is\/eirikur\/wp-json\/wp\/v2\/posts"}],"about":[{"href":"https:\/\/uni.hi.is\/eirikur\/wp-json\/wp\/v2\/types\/post"}],"author":[{"embeddable":true,"href":"https:\/\/uni.hi.is\/eirikur\/wp-json\/wp\/v2\/users\/141"}],"replies":[{"embeddable":true,"href":"https:\/\/uni.hi.is\/eirikur\/wp-json\/wp\/v2\/comments?post=2730"}],"version-history":[{"count":2,"href":"https:\/\/uni.hi.is\/eirikur\/wp-json\/wp\/v2\/posts\/2730\/revisions"}],"predecessor-version":[{"id":3696,"href":"https:\/\/uni.hi.is\/eirikur\/wp-json\/wp\/v2\/posts\/2730\/revisions\/3696"}],"wp:attachment":[{"href":"https:\/\/uni.hi.is\/eirikur\/wp-json\/wp\/v2\/media?parent=2730"}],"wp:term":[{"taxonomy":"category","embeddable":true,"href":"https:\/\/uni.hi.is\/eirikur\/wp-json\/wp\/v2\/categories?post=2730"},{"taxonomy":"post_tag","embeddable":true,"href":"https:\/\/uni.hi.is\/eirikur\/wp-json\/wp\/v2\/tags?post=2730"}],"curies":[{"name":"wp","href":"https:\/\/api.w.org\/{rel}","templated":true}]}}