{"id":2732,"date":"2020-07-18T14:09:14","date_gmt":"2020-07-18T14:09:14","guid":{"rendered":"https:\/\/uni.hi.is\/eirikur\/?p=2732"},"modified":"2020-07-18T14:12:37","modified_gmt":"2020-07-18T14:12:37","slug":"appelsinugul-vidvorun","status":"publish","type":"post","link":"https:\/\/uni.hi.is\/eirikur\/2020\/07\/18\/appelsinugul-vidvorun\/","title":{"rendered":"Appels\u00ednugul vi\u00f0v\u00f6run"},"content":{"rendered":"<p>Eitt <a href=\"https:\/\/www.facebook.com\/groups\/1395992847329077\/search?q=appels%C3%ADnugulur\">vins\u00e6lasta<\/a> tilefni n\u00f6ldurs og tu\u00f0s \u00ed <a href=\"https:\/\/www.facebook.com\/groups\/1395992847329077\">M\u00e1lv\u00f6ndunar\u00fe\u00e6ttinum<\/a> \u00e1 Facebook er l\u00fdsingaror\u00f0i\u00f0 <em>appels\u00ednugulur<\/em>. Tala\u00f0 er um a\u00f0 \u00feetta s\u00e9 lei\u00f0indaor\u00f0, barnam\u00e1l, t\u00f6ku\u00fe\u00fd\u00f0ing, f\u00e1r\u00e1nlegt or\u00f0, \u00f3\u00fej\u00e1lt og asnalegt, o.s.frv. \u00cd sta\u00f0inn eigi a\u00f0 nota <em>rau\u00f0gulur<\/em> \u2013 \u00fea\u00f0 s\u00e9 hi\u00f0 r\u00e9tta heiti \u00e1 \u00feessum lit. Um \u00feetta getur f\u00f3lk skrifa\u00f0 aftur og aftur endalaust, undir merkjum m\u00e1lv\u00f6ndunar.<\/p>\n<p>\u00c9g \u00f3lst upp vi\u00f0 or\u00f0i\u00f0 <em>rau\u00f0gulur<\/em>, enda s\u00e1ust appels\u00ednur aldrei \u00e1 m\u00ednu bernskuheimili nema \u00e1 j\u00f3lunum og \u00e1 m\u00f6rkunum a\u00f0 ma\u00f0ur vissi hvernig \u00fe\u00e6r v\u00e6ru \u00e1 litinn. En or\u00f0i\u00f0 <em>appels\u00ednugulur<\/em> er samt mun eldra \u2013 kemur fyrst fyrir svo a\u00f0 vita\u00f0 s\u00e9 \u00e1ri\u00f0 1916 og er \u00fev\u00ed or\u00f0i\u00f0 meira en aldargamalt. S\u00ed\u00f0an \u00e1 fj\u00f3r\u00f0a \u00e1ratugnum hafa or\u00f0in tv\u00f6 veri\u00f0 notu\u00f0 hli\u00f0 vi\u00f0 hli\u00f0, <em>rau\u00f0gulur<\/em> \u00fe\u00f3 mun algengara framan af. En fr\u00e1 \u00fev\u00ed um 1980 hefur <em>appels\u00ednugulur<\/em> veri\u00f0 mun algengara eins og t\u00f6lur af <em>t\u00edmarit.is<\/em> s\u00fdna.<\/p>\n<p><img decoding=\"async\" class=\"aligncenter\" src=\"https:\/\/uni.hi.is\/eirikur\/files\/2020\/07\/appels\u00ednugulur.png\" width=\"200\" \/><br \/>\nVitanlega er <em>appels\u00ednugulur<\/em> \u00edslenskt or\u00f0. \u00dea\u00f0 er ekki t\u00f6kuor\u00f0 og ekki heldur t\u00f6ku\u00fe\u00fd\u00f0ing \u00fe\u00f3tt vissulega s\u00e9 l\u00edkingin vi\u00f0 lit appels\u00ednu fengin erlendis fr\u00e1 (v\u00e6ntanlega \u00far d\u00f6nsku frekar en ensku). \u00deetta er \u00edslensk n\u00fdmyndun sem \u00e1 s\u00e9r hundra\u00f0 \u00e1ra hef\u00f0 \u00ed m\u00e1linu og margar kynsl\u00f3\u00f0ir hafa alist upp vi\u00f0. A\u00f0 gera \u00fea\u00f0 brottr\u00e6kt \u00far \u00edslensku v\u00e6ri fullkomlega fr\u00e1leitt.<\/p>\n<p>Au\u00f0vita\u00f0 getur f\u00f3lk haft m\u00e1lefnalegar \u00e1st\u00e6\u00f0ur fyrir \u00fev\u00ed a\u00f0 kj\u00f3sa <em>rau\u00f0gulur<\/em> fremur en <em>appels\u00ednugulur<\/em>, s.s. a\u00f0 fyrrnefnda or\u00f0i\u00f0 s\u00e9 eldra. \u00dea\u00f0 er l\u00edka \u00feremur atkv\u00e6\u00f0um styttra og \u00fev\u00ed \u00fej\u00e1lla \u00ed me\u00f0f\u00f6rum. \u00dear a\u00f0 auki finnst \u00fdmsum \u00fea\u00f0 fallegra og ekkert vi\u00f0 \u00fea\u00f0 a\u00f0 athuga. En a\u00f0 agn\u00faast \u00fat \u00ed <em>appels\u00ednugulur<\/em> \u00e1 ekkert skylt vi\u00f0 m\u00e1lv\u00f6ndun.<\/p>\n","protected":false},"excerpt":{"rendered":"<p>Eitt vins\u00e6lasta tilefni n\u00f6ldurs og tu\u00f0s \u00ed M\u00e1lv\u00f6ndunar\u00fe\u00e6ttinum \u00e1 Facebook er l\u00fdsingaror\u00f0i\u00f0 appels\u00ednugulur. Tala\u00f0 er um a\u00f0 \u00feetta s\u00e9 lei\u00f0indaor\u00f0, barnam\u00e1l, t\u00f6ku\u00fe\u00fd\u00f0ing, f\u00e1r\u00e1nlegt or\u00f0, \u00f3\u00fej\u00e1lt og asnalegt, o.s.frv. \u00cd sta\u00f0inn eigi a\u00f0 nota rau\u00f0gulur \u2013 \u00fea\u00f0 s\u00e9 hi\u00f0 r\u00e9tta heiti \u00e1 \u00feessum lit. Um \u00feetta getur f\u00f3lk skrifa\u00f0 aftur og aftur endalaust, undir merkjum m\u00e1lv\u00f6ndunar. [&hellip;]<\/p>\n","protected":false},"author":141,"featured_media":0,"comment_status":"open","ping_status":"open","sticky":false,"template":"","format":"standard","meta":{"footnotes":""},"categories":[158635],"tags":[],"class_list":["post-2732","post","type-post","status-publish","format-standard","hentry","category-malfar"],"_links":{"self":[{"href":"https:\/\/uni.hi.is\/eirikur\/wp-json\/wp\/v2\/posts\/2732","targetHints":{"allow":["GET"]}}],"collection":[{"href":"https:\/\/uni.hi.is\/eirikur\/wp-json\/wp\/v2\/posts"}],"about":[{"href":"https:\/\/uni.hi.is\/eirikur\/wp-json\/wp\/v2\/types\/post"}],"author":[{"embeddable":true,"href":"https:\/\/uni.hi.is\/eirikur\/wp-json\/wp\/v2\/users\/141"}],"replies":[{"embeddable":true,"href":"https:\/\/uni.hi.is\/eirikur\/wp-json\/wp\/v2\/comments?post=2732"}],"version-history":[{"count":6,"href":"https:\/\/uni.hi.is\/eirikur\/wp-json\/wp\/v2\/posts\/2732\/revisions"}],"predecessor-version":[{"id":2739,"href":"https:\/\/uni.hi.is\/eirikur\/wp-json\/wp\/v2\/posts\/2732\/revisions\/2739"}],"wp:attachment":[{"href":"https:\/\/uni.hi.is\/eirikur\/wp-json\/wp\/v2\/media?parent=2732"}],"wp:term":[{"taxonomy":"category","embeddable":true,"href":"https:\/\/uni.hi.is\/eirikur\/wp-json\/wp\/v2\/categories?post=2732"},{"taxonomy":"post_tag","embeddable":true,"href":"https:\/\/uni.hi.is\/eirikur\/wp-json\/wp\/v2\/tags?post=2732"}],"curies":[{"name":"wp","href":"https:\/\/api.w.org\/{rel}","templated":true}]}}