{"id":2780,"date":"2020-08-06T14:41:43","date_gmt":"2020-08-06T14:41:43","guid":{"rendered":"https:\/\/uni.hi.is\/eirikur\/?p=2780"},"modified":"2020-08-06T15:58:49","modified_gmt":"2020-08-06T15:58:49","slug":"obodleg-umraeda","status":"publish","type":"post","link":"https:\/\/uni.hi.is\/eirikur\/2020\/08\/06\/obodleg-umraeda\/","title":{"rendered":"\u00d3bo\u00f0leg umr\u00e6\u00f0a"},"content":{"rendered":"<p>Oft hefur m\u00e9r ofbo\u00f0i\u00f0 umr\u00e6\u00f0an \u00ed <a href=\"https:\/\/www.facebook.com\/groups\/1395992847329077\/\">M\u00e1lv\u00f6ndunar\u00fe\u00e6ttinum<\/a> \u00e1 Facebook \u2013 hneykslunin, hrokinn, umv\u00f6ndunin, yfirl\u00e6ti\u00f0, or\u00f0f\u00e6ri\u00f0, d\u00f3naskapurinn, meinf\u00fdsnin, illgirnin \u2013 en <a href=\"https:\/\/www.facebook.com\/groups\/1395992847329077\/permalink\/2590605661201117\/\">aldrei sem n\u00fa<\/a>. Tilefni\u00f0 var <a href=\"https:\/\/www.visir.is\/k\/58425537-c7d8-4646-8d43-72e838a769dc-1596654433718\">vi\u00f0tal<\/a> vi\u00f0 menntam\u00e1lar\u00e1\u00f0herra \u00ed fr\u00e9ttum St\u00f6\u00f0var 2 \u00ed g\u00e6r \u00fear sem h\u00fan sag\u00f0i \u201esk\u00f3lanir\u201c \u2013 \u00e1n \u201er\u201c. \u00deetta er reyndar ekkert einsd\u00e6mi \u2013 \u00fe\u00f3tt l\u00edti\u00f0 hafi veri\u00f0 <a href=\"https:\/\/timarit.is\/files\/17950881\">skrifa\u00f0<\/a> um \u00feennan frambur\u00f0 hefur lengi veri\u00f0 vita\u00f0 a\u00f0 hann er til og hefur helst veri\u00f0 tengdur vi\u00f0 Su\u00f0urland, einkum \u00c1rness\u00fdslu.<\/p>\n<p>\u00deetta er sem s\u00e9 engin n\u00fdjung og engar l\u00edkur \u00e1 a\u00f0 menntam\u00e1lar\u00e1\u00f0herra hafi teki\u00f0 \u00feennan frambur\u00f0 upp hj\u00e1 sj\u00e1lfri s\u00e9r. En \u00fea\u00f0 er vissulega r\u00e9tt a\u00f0 f\u00e1ir vir\u00f0ast \u00feekkja \u00feennan frambur\u00f0 og \u00fev\u00ed ekkert undarlegt a\u00f0 f\u00f3lk taki eftir honum og spyrjist fyrir um hann. \u00dea\u00f0 er ekki heldur neitt undarlegt a\u00f0 f\u00f3lk sem ekki \u00feekkir frambur\u00f0inn telji hann rangan. Vi\u00f0 erum ansi f\u00f6st \u00ed \u00fev\u00ed a\u00f0 \u00edslenskan s\u00e9 og eigi a\u00f0 vera eins og vi\u00f0 \u00f3lumst upp vi\u00f0 hana \u2013 e\u00f0a eins og okkur var kennt a\u00f0 h\u00fan \u00e6tti a\u00f0 vera.<\/p>\n<p>En \u00fea\u00f0 sem gekk fram af m\u00e9r a\u00f0 \u00feessu sinni var or\u00f0f\u00e6ri\u00f0 \u00ed umr\u00e6\u00f0unni. \u00dear komu me\u00f0al annars fyrir eftirfarandi setningar og setningabrot:<\/p>\n<ul>\n<li>\u201eekki bo\u00f0legt af menntam\u00e1lar\u00e1\u00f0herra landsins\u201c<\/li>\n<li>\u201elinm\u00e6lgi\u201c<\/li>\n<li>\u201eskr\u00edti\u00f0 a\u00f0 heyra \u00feetta latm\u00e6li\u201c<\/li>\n<li>\u201ehefur ekki \u00fe\u00f3tt til fyrirmyndar\u201c<\/li>\n<li>\u201emj\u00f6g sorglegt a\u00f0 menntam\u00e1lar\u00e1\u00f0herra skuli ekki tala betri \u00edslensku\u201c<\/li>\n<li>\u201esnilld a\u00f0 hafa menntam\u00e1lar\u00e1\u00f0herra sem er ekki talandi \u00e1 eigin tungu\u201c<\/li>\n<li>\u201ekann ekki a\u00f0 bera fram r\u00e9ttilega\u201c<\/li>\n<li>\u201esvona mannvitsbrekkur eru vi\u00f0 stj\u00f3rnv\u00f6linn \u00ed menntam\u00e1lum \u00fej\u00f3\u00f0arinnar\u201c<\/li>\n<li>\u201el\u00e1gmarks krafa til menntam\u00e1lar\u00e1\u00f0herra a\u00f0 [\u2026] h\u00fan [\u2026] s\u00e9 \u00feokkalega talandi \u00e1 \u00edslenska tungu\u201c<\/li>\n<li>\u201ebull og getuleysi\u201c<\/li>\n<li>\u201etalkennarar og sk\u00f3lar [\u2026] hafa lausnir vi\u00f0 svona m\u00e1lhelti\u201c<\/li>\n<li>\u201eframmista\u00f0a nefnds menntam\u00e1lar\u00e1\u00f0herra [\u2026] \u00f6fug\u00fer\u00f3un en ekki \u00fer\u00f3un\u201c<\/li>\n<li>\u201eamb\u00f6gur og m\u00e1lhelti\u201c<\/li>\n<li>\u201eekkert til s\u00f3ma\u201c<\/li>\n<li>\u201eofreyni sig vi\u00f0 a\u00f0 reyna a\u00f0 vanda sig\u201c<\/li>\n<li>\u201em\u00f6gulegt a\u00f0 tunguhaft valdi \u00feessum frambur\u00f0i hj\u00e1 r\u00e1\u00f0herranum\u201c<\/li>\n<li>\u201emenntam\u00e1lar\u00e1\u00f0herra \u00fej\u00f3\u00f0arinnar er \u00f3talandi \u00e1 eigin tungu\u201c<\/li>\n<li>\u201eafleitt a\u00f0 vera svona linm\u00e6lt\u201c<\/li>\n<li>\u201ekl\u00fa\u00f0ra svona feitt\u201c<\/li>\n<li>\u201elinm\u00e6li\u00f0 er ekkert n\u00fdtt vandam\u00e1l\u201c<\/li>\n<li>\u201er\u00e1\u00f0herram\u00e1ll\u00fdska\u201c<\/li>\n<li>\u201eof ung til a\u00f0 valda emb\u00e6ttinu\u201c<\/li>\n<li>\u201estressast svona og gengur \u00ed barnd\u00f3m \u00feegar h\u00fan talar\u201c<\/li>\n<li>\u201e\u00feennan s\u00e9rst\u00e6\u00f0a menntam\u00e1lar\u00e1\u00f0herraframbur\u00f0\u201c<\/li>\n<li>\u201ehr\u00e6\u00f0ilegt a\u00f0 heyra\u201c<\/li>\n<\/ul>\n<p>M\u00e9r finnst yfirgengilegt a\u00f0 f\u00f3lk skuli vi\u00f0hafa svona tal um tilgreinda manneskju \u2013 jafnvel \u00fe\u00f3tt menntam\u00e1lar\u00e1\u00f0herra s\u00e9 opinber pers\u00f3na og \u00feurfi vitanlega a\u00f0 \u00feola gagnr\u00fdni. En \u00feetta \u00e1 ekkert skylt vi\u00f0 m\u00e1lefnalega gagnr\u00fdni. \u00deetta er d\u00f3naskapur og pers\u00f3nun\u00ed\u00f0 sem ekki \u00e1 a\u00f0 l\u00ed\u00f0ast \u00ed opinberri umr\u00e6\u00f0u. Og \u00feetta \u00e1 ekki heldur neitt skylt vi\u00f0 m\u00e1lv\u00f6ndun. Dettur virkilega einhverjum \u00ed hug a\u00f0 umr\u00e6\u00f0a af \u00feessu tagi s\u00e9 \u00edslenskri tungu til framdr\u00e1ttar?<\/p>\n","protected":false},"excerpt":{"rendered":"<p>Oft hefur m\u00e9r ofbo\u00f0i\u00f0 umr\u00e6\u00f0an \u00ed M\u00e1lv\u00f6ndunar\u00fe\u00e6ttinum \u00e1 Facebook \u2013 hneykslunin, hrokinn, umv\u00f6ndunin, yfirl\u00e6ti\u00f0, or\u00f0f\u00e6ri\u00f0, d\u00f3naskapurinn, meinf\u00fdsnin, illgirnin \u2013 en aldrei sem n\u00fa. Tilefni\u00f0 var vi\u00f0tal vi\u00f0 menntam\u00e1lar\u00e1\u00f0herra \u00ed fr\u00e9ttum St\u00f6\u00f0var 2 \u00ed g\u00e6r \u00fear sem h\u00fan sag\u00f0i \u201esk\u00f3lanir\u201c \u2013 \u00e1n \u201er\u201c. \u00deetta er reyndar ekkert einsd\u00e6mi \u2013 \u00fe\u00f3tt l\u00edti\u00f0 hafi veri\u00f0 skrifa\u00f0 um \u00feennan [&hellip;]<\/p>\n","protected":false},"author":141,"featured_media":0,"comment_status":"open","ping_status":"open","sticky":false,"template":"","format":"standard","meta":{"footnotes":""},"categories":[158635],"tags":[],"class_list":["post-2780","post","type-post","status-publish","format-standard","hentry","category-malfar"],"_links":{"self":[{"href":"https:\/\/uni.hi.is\/eirikur\/wp-json\/wp\/v2\/posts\/2780","targetHints":{"allow":["GET"]}}],"collection":[{"href":"https:\/\/uni.hi.is\/eirikur\/wp-json\/wp\/v2\/posts"}],"about":[{"href":"https:\/\/uni.hi.is\/eirikur\/wp-json\/wp\/v2\/types\/post"}],"author":[{"embeddable":true,"href":"https:\/\/uni.hi.is\/eirikur\/wp-json\/wp\/v2\/users\/141"}],"replies":[{"embeddable":true,"href":"https:\/\/uni.hi.is\/eirikur\/wp-json\/wp\/v2\/comments?post=2780"}],"version-history":[{"count":4,"href":"https:\/\/uni.hi.is\/eirikur\/wp-json\/wp\/v2\/posts\/2780\/revisions"}],"predecessor-version":[{"id":2784,"href":"https:\/\/uni.hi.is\/eirikur\/wp-json\/wp\/v2\/posts\/2780\/revisions\/2784"}],"wp:attachment":[{"href":"https:\/\/uni.hi.is\/eirikur\/wp-json\/wp\/v2\/media?parent=2780"}],"wp:term":[{"taxonomy":"category","embeddable":true,"href":"https:\/\/uni.hi.is\/eirikur\/wp-json\/wp\/v2\/categories?post=2780"},{"taxonomy":"post_tag","embeddable":true,"href":"https:\/\/uni.hi.is\/eirikur\/wp-json\/wp\/v2\/tags?post=2780"}],"curies":[{"name":"wp","href":"https:\/\/api.w.org\/{rel}","templated":true}]}}