{"id":2957,"date":"2020-09-21T09:30:39","date_gmt":"2020-09-21T09:30:39","guid":{"rendered":"https:\/\/uni.hi.is\/eirikur\/?p=2957"},"modified":"2020-09-21T10:16:37","modified_gmt":"2020-09-21T10:16:37","slug":"hertar-adgerdir","status":"publish","type":"post","link":"https:\/\/uni.hi.is\/eirikur\/2020\/09\/21\/hertar-adgerdir\/","title":{"rendered":"Hertari a\u00f0ger\u00f0ir"},"content":{"rendered":"<p>\u00c1 \u00feessum t\u00edmum \u00feegar s\u00edfellt er veri\u00f0 a\u00f0 gr\u00edpa til einhverra a\u00f0ger\u00f0a \u00ed bar\u00e1ttunni vi\u00f0 k\u00f3r\u00f3nuveiruna heyrir ma\u00f0ur oft tala\u00f0 um <em>hertari a\u00f0ger\u00f0ir<\/em> \u2013 \u00ed mi\u00f0stigi. \u00dea\u00f0 m\u00e1 halda \u00fev\u00ed fram a\u00f0 mi\u00f0stigi\u00f0 s\u00e9 \u00fearna \u00f3\u00fearft vegna \u00feess a\u00f0 \u00fea\u00f0 felist \u00ed grunnmerkingu or\u00f0sins \u2013 n\u00f3g s\u00e9 a\u00f0 segja <em>hertar a\u00f0ger\u00f0ir<\/em>. S\u00e1 munur er \u00e1 merkingu l\u00fdsingaror\u00f0sins <em>har\u00f0ur<\/em> og l\u00fdsingaror\u00f0sins (e\u00f0a l\u00fdsingarh\u00e1ttarins) <em>hertur<\/em> a\u00f0 hi\u00f0 fyrrnefnda felur ekki \u00ed s\u00e9r breytingu \u00e1 \u00e1standi en hi\u00f0 s\u00ed\u00f0arnefnda gerir \u00fea\u00f0.<\/p>\n<p>H\u00e9r spilar l\u00edka inn \u00ed a\u00f0 \u00feegar s\u00edfellt er veri\u00f0 a\u00f0 her\u00f0a a\u00f0ger\u00f0ir finnst f\u00f3lki \u00fea\u00f0 kannski kalla enn frekar \u00e1 mi\u00f0stigi\u00f0 \u2013 <em>um daginn var gripi\u00f0 til hertra a\u00f0ger\u00f0a, og n\u00fa \u00e1 a\u00f0 gr\u00edpa til enn hertari a\u00f0ger\u00f0a<\/em>. \u00dea\u00f0 m\u00e1 l\u00edka halda \u00fev\u00ed fram a\u00f0 \u00feetta geti a\u00f0 einhverju leyti fari\u00f0 eftir \u00fev\u00ed vi\u00f0 hva\u00f0 er mi\u00f0a\u00f0 \u2013 ef mi\u00f0a\u00f0 er vi\u00f0 e\u00f0lilegt \u00e1stand m\u00e1 segja a\u00f0 a\u00f0ger\u00f0irnar s\u00e9u <em>hertari<\/em> en \u00fe\u00e6r sem s\u00ed\u00f0ast var gripi\u00f0 til, en ef mi\u00f0a\u00f0 er vi\u00f0 n\u00faverandi \u00e1stand eru \u00fe\u00e6r bara hertar fr\u00e1 \u00fev\u00ed.<\/p>\n<p>En samt: \u00dea\u00f0 er varla h\u00e6gt a\u00f0 segja a\u00f0 \u00fea\u00f0 s\u00e9 rangt a\u00f0 tala um <em>hertari a\u00f0ger\u00f0ir<\/em> en mi\u00f0stigi\u00f0 er \u00fearna \u00f3\u00fearft \u2013 merkingin skilar s\u00e9r alveg \u00ed frumstiginu. \u00dea\u00f0 er samt sem \u00e1\u00f0ur ekkert undarlegt a\u00f0 f\u00f3lk noti mi\u00f0stig \u00fearna \u2013 vi\u00f0 erum v\u00f6n \u00fev\u00ed a\u00f0 nota mi\u00f0stig einmitt til a\u00f0 t\u00e1kna aukningu \u00e1 \u00fev\u00ed sem \u00ed or\u00f0inu felst, eins \u00fearna er um a\u00f0 r\u00e6\u00f0a, og hyllumst \u00fev\u00ed til a\u00f0 b\u00e6ta mi\u00f0stigsendingunni vi\u00f0 \u00fe\u00f3tt h\u00fan s\u00e9 strangt teki\u00f0 \u00f3\u00fe\u00f6rf.<\/p>\n<p>\u00c1 vissan h\u00e1tt m\u00e1 segja a\u00f0 \u00feetta s\u00e9 hli\u00f0st\u00e6tt \u00fev\u00ed \u00feegar tala\u00f0 er um <em>h\u00e6stlaunu\u00f0ustu<\/em> st\u00f6rfin e\u00f0a f\u00f3lki\u00f0 \u2013 \u00fear er efsta stigi\u00f0 komi\u00f0 fram \u00ed fyrri hluta or\u00f0sins, en af \u00fev\u00ed a\u00f0 vi\u00f0 erum v\u00f6n a\u00f0 t\u00e1kna \u00fea\u00f0 me\u00f0 endingu aftast \u00ed or\u00f0inu finnst okkur h\u00fan \u00feurfa a\u00f0 koma l\u00edka.<\/p>\n","protected":false},"excerpt":{"rendered":"<p>\u00c1 \u00feessum t\u00edmum \u00feegar s\u00edfellt er veri\u00f0 a\u00f0 gr\u00edpa til einhverra a\u00f0ger\u00f0a \u00ed bar\u00e1ttunni vi\u00f0 k\u00f3r\u00f3nuveiruna heyrir ma\u00f0ur oft tala\u00f0 um hertari a\u00f0ger\u00f0ir \u2013 \u00ed mi\u00f0stigi. \u00dea\u00f0 m\u00e1 halda \u00fev\u00ed fram a\u00f0 mi\u00f0stigi\u00f0 s\u00e9 \u00fearna \u00f3\u00fearft vegna \u00feess a\u00f0 \u00fea\u00f0 felist \u00ed grunnmerkingu or\u00f0sins \u2013 n\u00f3g s\u00e9 a\u00f0 segja hertar a\u00f0ger\u00f0ir. S\u00e1 munur er \u00e1 [&hellip;]<\/p>\n","protected":false},"author":141,"featured_media":0,"comment_status":"open","ping_status":"open","sticky":false,"template":"","format":"standard","meta":{"footnotes":""},"categories":[158635],"tags":[],"class_list":["post-2957","post","type-post","status-publish","format-standard","hentry","category-malfar"],"_links":{"self":[{"href":"https:\/\/uni.hi.is\/eirikur\/wp-json\/wp\/v2\/posts\/2957","targetHints":{"allow":["GET"]}}],"collection":[{"href":"https:\/\/uni.hi.is\/eirikur\/wp-json\/wp\/v2\/posts"}],"about":[{"href":"https:\/\/uni.hi.is\/eirikur\/wp-json\/wp\/v2\/types\/post"}],"author":[{"embeddable":true,"href":"https:\/\/uni.hi.is\/eirikur\/wp-json\/wp\/v2\/users\/141"}],"replies":[{"embeddable":true,"href":"https:\/\/uni.hi.is\/eirikur\/wp-json\/wp\/v2\/comments?post=2957"}],"version-history":[{"count":4,"href":"https:\/\/uni.hi.is\/eirikur\/wp-json\/wp\/v2\/posts\/2957\/revisions"}],"predecessor-version":[{"id":2961,"href":"https:\/\/uni.hi.is\/eirikur\/wp-json\/wp\/v2\/posts\/2957\/revisions\/2961"}],"wp:attachment":[{"href":"https:\/\/uni.hi.is\/eirikur\/wp-json\/wp\/v2\/media?parent=2957"}],"wp:term":[{"taxonomy":"category","embeddable":true,"href":"https:\/\/uni.hi.is\/eirikur\/wp-json\/wp\/v2\/categories?post=2957"},{"taxonomy":"post_tag","embeddable":true,"href":"https:\/\/uni.hi.is\/eirikur\/wp-json\/wp\/v2\/tags?post=2957"}],"curies":[{"name":"wp","href":"https:\/\/api.w.org\/{rel}","templated":true}]}}