{"id":3107,"date":"2020-11-01T12:38:30","date_gmt":"2020-11-01T12:38:30","guid":{"rendered":"https:\/\/uni.hi.is\/eirikur\/?p=3107"},"modified":"2020-11-01T12:39:21","modified_gmt":"2020-11-01T12:39:21","slug":"uns","status":"publish","type":"post","link":"https:\/\/uni.hi.is\/eirikur\/2020\/11\/01\/uns\/","title":{"rendered":"Uns"},"content":{"rendered":"<p>Samtengingin <em>uns<\/em> (\u00e1\u00f0ur ritu\u00f0\u00a0<em>unz<\/em>) er nokku\u00f0 algeng \u00ed n\u00fat\u00edmam\u00e1li en \u00fe\u00f3 l\u00edklega bundin vi\u00f0 fremur formlegt ritm\u00e1l \u2013 kemur t\u00e6past fyrir \u00ed talm\u00e1li. \u00deetta er t\u00ed\u00f0artenging sem merkir '\u00feanga\u00f0 til' og er komin af <em>und es<\/em> samkv\u00e6mt <em>\u00cdslenskri or\u00f0sifjab\u00f3k<\/em> \u2013 <em>es<\/em> var fornt tilv\u00edsunaror\u00f0 og <em>und<\/em> merkti 'til \u00feess, fram a\u00f0 \u00fev\u00ed' e\u00f0a eitthva\u00f0 \u00ed \u00fe\u00e1 \u00e1tt.<\/p>\n<p>\u00cd <em>\u00cdslendingas\u00f6gum<\/em> kemur <em>uns<\/em> samtals 36 sinnum fyrir. \u00dea\u00f0 \u00fearf ekki a\u00f0 sko\u00f0a d\u00e6min um or\u00f0i\u00f0 vandlega til a\u00f0 \u00e1tta sig \u00e1 s\u00e9rkennilegum samnefnara \u00feeirra flestra: \u00d6ll nema fj\u00f6gur tengja t\u00ed\u00f0arsetningu me\u00f0 s\u00f6gninni <em>koma<\/em>. \u00deetta getur ekki veri\u00f0 tilviljun. \u00d6nnur t\u00ed\u00f0artenging fornm\u00e1lsins, <em>\u00fear til<\/em>, tengist ekki \u00e1kve\u00f0inni s\u00f6gn \u00e1 neinn samb\u00e6rilegan h\u00e1tt.<\/p>\n<p><img decoding=\"async\" class=\"aligncenter\" src=\"https:\/\/uni.hi.is\/eirikur\/files\/2020\/11\/uns.png\" width=\"600\" \/><\/p>\n<p>\u00c1 \u00feessu er h\u00e6gt a\u00f0 hugsa s\u00e9r tv\u00e6r sk\u00fdringar. \u00d6nnur er s\u00fa a\u00f0 <em>uns <\/em>hafi ekki merkt bara '\u00feanga\u00f0 til' eins og h\u00fan gerir \u00ed n\u00fat\u00edmam\u00e1li, heldur hafi falist \u00ed henni einhver merkingar\u00fe\u00e1ttur til vi\u00f0b\u00f3tar sem tengi hana vi\u00f0 <em>koma<\/em>. \u00dea\u00f0 er ekki auglj\u00f3st hver s\u00e1 merkingar\u00fe\u00e1ttur g\u00e6ti veri\u00f0 \u2013 og hann er a.m.k. l\u00f6ngu horfinn \u00fev\u00ed a\u00f0 <em>uns<\/em> hefur engin s\u00e9rst\u00f6k tengsl vi\u00f0 <em>koma <\/em>\u00ed n\u00fat\u00edmam\u00e1li.<\/p>\n<p>Hin sk\u00fdringin er s\u00fa a\u00f0 \u00feetta s\u00e9 ritvenja, einhvers konar form\u00fala \u2013 h\u00f6fundar e\u00f0a skr\u00e1setjarar sagnanna hafi l\u00e6rt a\u00f0 venja v\u00e6ri a\u00f0 <em>uns<\/em> tengdist <em>koma<\/em>, og hafi fylgt \u00feeirri venju, \u00e1n \u00feess a\u00f0 h\u00fan \u00e6tti s\u00e9r neina merkingarlega sk\u00fdringu. \u00c9g \u00e1 ekkert svar vi\u00f0 \u00fev\u00ed hvor \u00feessara sk\u00fdringa s\u00e9 r\u00e9tt \u2013 og svo g\u00e6ti vitanlega veri\u00f0 einhver \u00feri\u00f0ja sk\u00fdring sem m\u00e9r hefur ekki dotti\u00f0 \u00ed hug.<\/p>\n","protected":false},"excerpt":{"rendered":"<p>Samtengingin uns (\u00e1\u00f0ur ritu\u00f0\u00a0unz) er nokku\u00f0 algeng \u00ed n\u00fat\u00edmam\u00e1li en \u00fe\u00f3 l\u00edklega bundin vi\u00f0 fremur formlegt ritm\u00e1l \u2013 kemur t\u00e6past fyrir \u00ed talm\u00e1li. \u00deetta er t\u00ed\u00f0artenging sem merkir '\u00feanga\u00f0 til' og er komin af und es samkv\u00e6mt \u00cdslenskri or\u00f0sifjab\u00f3k \u2013 es var fornt tilv\u00edsunaror\u00f0 og und merkti 'til \u00feess, fram a\u00f0 \u00fev\u00ed' e\u00f0a eitthva\u00f0 \u00ed [&hellip;]<\/p>\n","protected":false},"author":141,"featured_media":0,"comment_status":"open","ping_status":"open","sticky":false,"template":"","format":"standard","meta":{"footnotes":""},"categories":[158635],"tags":[],"class_list":["post-3107","post","type-post","status-publish","format-standard","hentry","category-malfar"],"_links":{"self":[{"href":"https:\/\/uni.hi.is\/eirikur\/wp-json\/wp\/v2\/posts\/3107","targetHints":{"allow":["GET"]}}],"collection":[{"href":"https:\/\/uni.hi.is\/eirikur\/wp-json\/wp\/v2\/posts"}],"about":[{"href":"https:\/\/uni.hi.is\/eirikur\/wp-json\/wp\/v2\/types\/post"}],"author":[{"embeddable":true,"href":"https:\/\/uni.hi.is\/eirikur\/wp-json\/wp\/v2\/users\/141"}],"replies":[{"embeddable":true,"href":"https:\/\/uni.hi.is\/eirikur\/wp-json\/wp\/v2\/comments?post=3107"}],"version-history":[{"count":2,"href":"https:\/\/uni.hi.is\/eirikur\/wp-json\/wp\/v2\/posts\/3107\/revisions"}],"predecessor-version":[{"id":3109,"href":"https:\/\/uni.hi.is\/eirikur\/wp-json\/wp\/v2\/posts\/3107\/revisions\/3109"}],"wp:attachment":[{"href":"https:\/\/uni.hi.is\/eirikur\/wp-json\/wp\/v2\/media?parent=3107"}],"wp:term":[{"taxonomy":"category","embeddable":true,"href":"https:\/\/uni.hi.is\/eirikur\/wp-json\/wp\/v2\/categories?post=3107"},{"taxonomy":"post_tag","embeddable":true,"href":"https:\/\/uni.hi.is\/eirikur\/wp-json\/wp\/v2\/tags?post=3107"}],"curies":[{"name":"wp","href":"https:\/\/api.w.org\/{rel}","templated":true}]}}