{"id":3327,"date":"2020-02-11T12:00:25","date_gmt":"2020-02-11T12:00:25","guid":{"rendered":"https:\/\/uni.hi.is\/eirikur\/?p=3327"},"modified":"2021-01-04T13:33:18","modified_gmt":"2021-01-04T13:33:18","slug":"tilbrigdi-og-malfarsleg-stettaskipting","status":"publish","type":"post","link":"https:\/\/uni.hi.is\/eirikur\/2020\/02\/11\/tilbrigdi-og-malfarsleg-stettaskipting\/","title":{"rendered":"Tilbrig\u00f0i og m\u00e1lfarsleg st\u00e9ttaskipting"},"content":{"rendered":"<p><strong>13. \u00cdslensk m\u00e1lr\u00e6kt felst \u00ed \u00fev\u00ed a\u00f0 standa gegn m\u00e1lfarslegri st\u00e9ttaskiptingu undir merkjum var\u00f0veislu og verndunar \u00edslenskrar tungu<\/strong><strong>.<\/strong><\/p>\n<p>Tilbrig\u00f0i \u00ed m\u00e1li hafa veri\u00f0 heldur illa s\u00e9\u00f0 \u00e1 \u00cdslandi s\u00ed\u00f0an \u00e1 19. \u00f6ld. \u00dear sem mismunandi m\u00e1l\u00advenjur hafa veri\u00f0 uppi hefur veri\u00f0 l\u00f6g\u00f0 \u00e1hersla \u00e1 a\u00f0 hampa einni \u00feeirra sem r\u00e9ttri en segja hinar \u201erangt m\u00e1l\u201c. \u00deetta gildir \u00e1 flestum svi\u00f0um m\u00e1lsins \u2013 \u00ed beygingum, fallstj\u00f3rn, or\u00f0ar\u00f6\u00f0, setn\u00adinga\u00adger\u00f0 og merkingu or\u00f0a. D\u00e6min eru <a href=\"https:\/\/www.mr.is\/docs\/OlOGottm.pdf\">svo m\u00f6rg og svo vel \u00feekkt<\/a> a\u00f0 \u00f3\u00fearfi er a\u00f0 tilgreina \u00feau h\u00e9r. Eina svi\u00f0 m\u00e1lsins sem hefur sloppi\u00f0 a\u00f0 mestu vi\u00f0 \u00feessa samr\u00e6mingartilbur\u00f0i er frambur\u00f0ur.<\/p>\n<p>Vissu\u00adlega lag\u00f0i Bj\u00f6rn Gu\u00f0finnsson fram <a href=\"https:\/\/timarit.is\/files\/16380311\">till\u00f6gur<\/a> a\u00f0 samr\u00e6mingu frambur\u00f0ar um mi\u00f0ja s\u00ed\u00f0ustu \u00f6ld en \u00feeim var ekki hrundi\u00f0 \u00ed framkv\u00e6md, \u00fe\u00f3tt \u00f3m\u00f6gulegt s\u00e9 a\u00f0 segja hva\u00f0 hef\u00f0i or\u00f0i\u00f0 ef Birni hef\u00f0i enst aldur til a\u00f0 fylgja \u00feeim eftir. \u00de\u00f3tt \u00f3neitanlega hafi bori\u00f0 vi\u00f0 a\u00f0 <a href=\"https:\/\/skemman.is\/bitstream\/1946\/32895\/1\/Lokaritger%C3%B0-vor-2019-%2010.%20ma%C3%AD%202019.pdf\">gr\u00edn s\u00e9 gert<\/a> a\u00f0 sumum frambur\u00f0artilbrig\u00f0um hafa \u00feau sjaldnast veri\u00f0 talin beinl\u00ednis r\u00f6ng. Ekki er \u00f3l\u00edklegt a\u00f0 \u00feetta stafi af \u00fev\u00ed a\u00f0 tilbrig\u00f0in tengdust flest tilteknum land\u00adsv\u00e6\u00f0um og f\u00f3lk greip til varna fyrir sitt h\u00e9ra\u00f0.<\/p>\n<p>\u00deau f\u00e1u tilbrig\u00f0i sem hafa leyfst \u00e1 \u00f6\u00f0rum svi\u00f0um, svo sem \u00ed beygingu og merkingu, hafa flest veri\u00f0 af \u00feessu tagi \u2013 tiltekin beyging e\u00f0a merk\u00ading or\u00f0s <a href=\"https:\/\/www.visindavefur.is\/svar.php?id=1816\">tengist \u00e1kve\u00f0nu landsv\u00e6\u00f0i<\/a> og er \u00feess vegna frekar umborin. Einu fram\u00adbur\u00f0ar\u00adtilbrig\u00f0i, \u201efl\u00e1m\u00e6linu\u201c svokalla\u00f0a, var \u00fe\u00f3 reynt a\u00f0 <a href=\"https:\/\/www.ruv.is\/frett\/herferd-til-ad-utryma-flamaeli\">\u00fatr\u00fdma<\/a> skipulega \u2013 me\u00f0 \u00fdmsum a\u00f0fer\u00f0um sem sumar hverjar \u00fe\u00e6ttu ekki vi\u00f0 h\u00e6fi n\u00fa. En \u00fea\u00f0 var einmitt ekki bundi\u00f0 einu tilteknu land\u00adsv\u00e6\u00f0i heldur kom upp \u00e1 nokkrum st\u00f6\u00f0um \u00e1 landinu \u2013 og sum \u00feeirra landsv\u00e6\u00f0a voru ekki h\u00e1tt skrifu\u00f0 me\u00f0al \u00feeirra sem r\u00e9\u00f0u mestu \u00ed menntun og menningarl\u00edfi.<\/p>\n<p>F\u00f3lk sem r\u00e6\u00f0ur yfir tungum\u00e1linu r\u00e6\u00f0ur yfir \u00fej\u00f3\u00f0f\u00e9laginu og andsta\u00f0an vi\u00f0 tilbrig\u00f0i er \u00ed grunninn p\u00f3lit\u00edk. H\u00fan beinist gegn m\u00e1li \u00feeirra sem eiga undir h\u00f6gg a\u00f0 s\u00e6kja, \u00feeirra sem eru ekki \u00ed valdast\u00f6\u00f0um \u00ed \u00fej\u00f3\u00f0f\u00e9laginu. \u00deess vegna eru landshlutabundin tilbrig\u00f0i vi\u00f0urkennd og jafn\u00advel hampa\u00f0 \u2013 \u00feau eiga s\u00e9r \u00feingmenn. En m\u00e1lbrig\u00f0i sem einkum eru bundin vi\u00f0 ungt f\u00f3lk og f\u00f3lk sem er l\u00edti\u00f0 mennta\u00f0, af erlendum uppruna, e\u00f0a stendur af einhverjum s\u00f6kum h\u00f6llum f\u00e6ti \u00ed \u00fej\u00f3\u00f0f\u00e9laginu eiga s\u00e9r enga \u00feingmenn. \u00deess vegna eru \u00feau ford\u00e6md og voru i\u00f0ulega \u2013 \u00fe\u00f3tt \u00fea\u00f0 sj\u00e1ist sem betur fer sjaldan \u00ed seinni t\u00ed\u00f0 \u2013 tengd vi\u00f0 <a href=\"https:\/\/timarit.is\/files\/11321690\">leti<\/a>, <a href=\"https:\/\/timarit.is\/files\/17085213\">seinf\u00e6rni \u00ed n\u00e1mi<\/a>, <a href=\"https:\/\/timarit.is\/files\/16533095\">greindar\u00adskort<\/a> og <a href=\"https:\/\/timarit.is\/files\/5459369\">h\u00f6fu\u00f0borgarsv\u00e6\u00f0i\u00f0<\/a>.<\/p>\n<p>Me\u00f0 \u00feessu er hvorki veri\u00f0 a\u00f0 segja a\u00f0 \u00f6ll m\u00e1lv\u00f6ndun s\u00e9 af hinu illa n\u00e9 a\u00f0 f\u00f3lk sem amast vi\u00f0 til\u00adbrig\u00f0um \u00ed m\u00e1li s\u00e9 me\u00f0vita\u00f0 a\u00f0 reyna a\u00f0 halda \u00f6\u00f0rum ni\u00f0ri. \u00dev\u00ed fer fjarri. \u00devert \u00e1 m\u00f3ti er enginn vafi \u00e1 a\u00f0 flestum sem gera athugasemdir vi\u00f0 m\u00e1lfar og beita s\u00e9r gegn m\u00e1lbreytingum gengur gott eitt til og vilja fyrst og fremst vernda og var\u00f0veita \u00edslenskuna. En andsta\u00f0a vi\u00f0 tilbrig\u00f0i \u00ed m\u00e1li sem f\u00f3lk hefur i\u00f0ulega tileinka\u00f0 s\u00e9r \u00e1 m\u00e1lt\u00f6kuskei\u00f0i er ekki r\u00e9tta a\u00f0fer\u00f0in til \u00feess.<\/p>\n<p>S\u00fa andsta\u00f0a fletur og geldir m\u00e1li\u00f0, auk \u00feess sem h\u00fan \u00fdtir undir m\u00e1lfarslega mismunun og st\u00e9ttaskiptingu. \u00cd ranns\u00f3knum undanfarinna \u00e1ratuga hafa komi\u00f0 fram sk\u00fdrar v\u00edsbendingar um <a href=\"https:\/\/timarit.is\/page\/5401029#page\/n19\/mode\/2up\">tengsl<\/a> \u00e1kve\u00f0inna ford\u00e6mdra m\u00e1lbrig\u00f0a hj\u00e1 b\u00f6rnum vi\u00f0 menntun og \u00fej\u00f3\u00f0f\u00e9lagsst\u00f6\u00f0u foreldra. \u00dea\u00f0 er alvarleg \u00fer\u00f3un sem vi\u00f0 \u00feurfum a\u00f0 vinna gegn \u00ed sta\u00f0 \u00feess a\u00f0 \u00fdta undir hana.<\/p>\n","protected":false},"excerpt":{"rendered":"<p>13. \u00cdslensk m\u00e1lr\u00e6kt felst \u00ed \u00fev\u00ed a\u00f0 standa gegn m\u00e1lfarslegri st\u00e9ttaskiptingu undir merkjum var\u00f0veislu og verndunar \u00edslenskrar tungu. Tilbrig\u00f0i \u00ed m\u00e1li hafa veri\u00f0 heldur illa s\u00e9\u00f0 \u00e1 \u00cdslandi s\u00ed\u00f0an \u00e1 19. \u00f6ld. \u00dear sem mismunandi m\u00e1l\u00advenjur hafa veri\u00f0 uppi hefur veri\u00f0 l\u00f6g\u00f0 \u00e1hersla \u00e1 a\u00f0 hampa einni \u00feeirra sem r\u00e9ttri en segja hinar \u201erangt m\u00e1l\u201c. [&hellip;]<\/p>\n","protected":false},"author":141,"featured_media":0,"comment_status":"open","ping_status":"open","sticky":false,"template":"","format":"standard","meta":{"footnotes":""},"categories":[158635,158636],"tags":[],"class_list":["post-3327","post","type-post","status-publish","format-standard","hentry","category-malfar","category-malraekt"],"_links":{"self":[{"href":"https:\/\/uni.hi.is\/eirikur\/wp-json\/wp\/v2\/posts\/3327","targetHints":{"allow":["GET"]}}],"collection":[{"href":"https:\/\/uni.hi.is\/eirikur\/wp-json\/wp\/v2\/posts"}],"about":[{"href":"https:\/\/uni.hi.is\/eirikur\/wp-json\/wp\/v2\/types\/post"}],"author":[{"embeddable":true,"href":"https:\/\/uni.hi.is\/eirikur\/wp-json\/wp\/v2\/users\/141"}],"replies":[{"embeddable":true,"href":"https:\/\/uni.hi.is\/eirikur\/wp-json\/wp\/v2\/comments?post=3327"}],"version-history":[{"count":4,"href":"https:\/\/uni.hi.is\/eirikur\/wp-json\/wp\/v2\/posts\/3327\/revisions"}],"predecessor-version":[{"id":3492,"href":"https:\/\/uni.hi.is\/eirikur\/wp-json\/wp\/v2\/posts\/3327\/revisions\/3492"}],"wp:attachment":[{"href":"https:\/\/uni.hi.is\/eirikur\/wp-json\/wp\/v2\/media?parent=3327"}],"wp:term":[{"taxonomy":"category","embeddable":true,"href":"https:\/\/uni.hi.is\/eirikur\/wp-json\/wp\/v2\/categories?post=3327"},{"taxonomy":"post_tag","embeddable":true,"href":"https:\/\/uni.hi.is\/eirikur\/wp-json\/wp\/v2\/tags?post=3327"}],"curies":[{"name":"wp","href":"https:\/\/api.w.org\/{rel}","templated":true}]}}