{"id":3382,"date":"2020-12-11T15:43:52","date_gmt":"2020-12-11T15:43:52","guid":{"rendered":"https:\/\/uni.hi.is\/eirikur\/?p=3382"},"modified":"2020-12-11T15:43:52","modified_gmt":"2020-12-11T15:43:52","slug":"fornafnid-han","status":"publish","type":"post","link":"https:\/\/uni.hi.is\/eirikur\/2020\/12\/11\/fornafnid-han\/","title":{"rendered":"Fornafni\u00f0 h\u00e1n"},"content":{"rendered":"<p>Sumt f\u00f3lk er\u00a0<a href=\"https:\/\/otila.is\/hinsegin-regnhlifin\/kynvitund-og-kyntjaning\/kynsegin\/\"><em>kynsegin<\/em><\/a>, skilgreinir sig ekki sem (eing\u00f6ngu) anna\u00f0hvort karlkyns e\u00f0a kvenkyns. \u00deetta f\u00f3lk vill \u00fev\u00ed ekki a\u00f0 pers\u00f3nuforn\u00f6fnin\u00a0<em>hann\u00a0<\/em>og\u00a0<em>h\u00fan<\/em>\u00a0s\u00e9u notu\u00f0 um \u00fea\u00f0 \u2013 finnst \u00feau ekki eiga vi\u00f0 sig. \u00dea\u00f0 vill reyndar svo vel til a\u00f0 \u00edslensk m\u00e1lfr\u00e6\u00f0i b\u00fd\u00f0ur upp \u00e1 \u00feri\u00f0ja kyni\u00f0, hvorugkyn, sem eins og or\u00f0i\u00f0 bendir til er hvorki karlkyn n\u00e9 kvenkyn, en vandinn er s\u00e1 a\u00f0 hi\u00f0 venjulega \u00feri\u00f0ju pers\u00f3nu fornafn \u00ed hvorugkyni,\u00a0<em>\u00fea\u00f0<\/em>, er sjaldan nota\u00f0 til a\u00f0 v\u00edsa til f\u00f3lks og ekki vel til \u00feess falli\u00f0.<\/p>\n<p>\u00deegar \u00fea\u00f0 er nota\u00f0 \u00e1 \u00feann h\u00e1tt vir\u00f0ist \u00fea\u00f0 oft vera til a\u00f0 tala ni\u00f0ur til f\u00f3lks e\u00f0a gera l\u00edti\u00f0 \u00far \u00fev\u00ed \u2013 a.m.k. er \u00fea\u00f0 upplifun margra a\u00f0 svo s\u00e9. F\u00f3lk sem hvorki vill skilgreina sig sem\u00a0<em>hann<\/em>\u00a0n\u00e9\u00a0<em>h\u00fan<\/em>, og finnst ni\u00f0url\u00e6gjandi a\u00f0\u00a0<em>\u00fea\u00f0\u00a0<\/em>s\u00e9 nota\u00f0 um \u00fea\u00f0, var \u00fev\u00ed \u00ed vanda. Vi\u00f0 hef\u00f0um \u00f6ll gott af a\u00f0 pr\u00f3fa a\u00f0 setja okkur \u00ed spor \u00feessa f\u00f3lks. Okkur li\u00f0i ekki vel ef fj\u00f6lskylda okkar og vinir \u00e6ttu ekki or\u00f0 til a\u00f0 tala um okkur \u2013 or\u00f0 sem vi\u00f0 g\u00e6tum teki\u00f0 til okkar. Okkur fyndist m\u00f3\u00f0urm\u00e1li\u00f0 hafa brug\u00f0ist okkur \u2013 ekki gera r\u00e1\u00f0 fyrir okkur. \u00dea\u00f0 er ekki g\u00f3\u00f0 tilfinning.<\/p>\n<p>\u00deess vegna hafa komi\u00f0 fram\u00a0<a href=\"http:\/\/otila.is\/hinsegin-regnhlifin\/kynvitund-og-kyntjaning\/kynhlutlaus-personufornofn-han-he-hin\/\">nokkrar till\u00f6gur<\/a>\u00a0um n\u00fdtt hvorugkyns \u00feri\u00f0ju pers\u00f3nu fornafn sem nota m\u00e6tti um f\u00f3lk \u00ed sta\u00f0\u00a0<em>\u00fea\u00f0<\/em>. Me\u00f0al \u00feeirra eru\u00a0<em>h\u00e9<\/em>\u00a0og\u00a0<em>h\u00edn<\/em>, en \u00fea\u00f0 or\u00f0 sem hefur n\u00e1\u00f0 mestu flugi er\u00a0<a href=\"https:\/\/knuz.wordpress.com\/2013\/09\/09\/han-nytt-personufornafn\/\"><strong><em>h\u00e1n<\/em><\/strong><\/a>, sem beygist\u00a0<em>h\u00e1n\u00a0<\/em>\u2013\u00a0<em>h\u00e1n<\/em>\u00a0\u2013\u00a0<em>h\u00e1ni<\/em>\u00a0\u2013\u00a0<em>h\u00e1ns<\/em>\u00a0\u2013 \u00ed fleirt\u00f6lu er nota\u00f0\u00a0<em>\u00feau\u00a0<\/em>\u2013\u00a0<em>\u00feau<\/em>\u00a0\u2013\u00a0<em>\u00feeim<\/em>\u00a0\u2013\u00a0<em>\u00feeirra<\/em>. Fyrirmynd or\u00f0sins er s\u00e6nska hvorugkynsfornafni\u00f0\u00a0<em>hen\u00a0<\/em>sem var b\u00fai\u00f0 til \u00ed st\u00edl vi\u00f0\u00a0<em>han<\/em>\u00a0og\u00a0<em>hon<\/em>\u00a0sem kynhlutlaust pers\u00f3nufornafn fyrir nokkrum \u00e1ratugum og hefur hloti\u00f0 talsver\u00f0a \u00fatbrei\u00f0slu. S\u00e9rhlj\u00f3\u00f0i\u00f0 \u00ed\u00a0<em>h<strong>\u00e1<\/strong>n<\/em>, tv\u00edhlj\u00f3\u00f0i\u00f0\u00a0<em>\u00e1<\/em>, er samsett \u00far\u00a0<em>a<\/em>\u00a0og\u00a0<em>\u00fa\u00a0<\/em>og tengir \u00fev\u00ed\u00a0<em>h<strong>a<\/strong>nn<\/em>\u00a0og\u00a0<em>h<strong>\u00fa<\/strong>n<\/em>.<\/p>\n<p>\u00de\u00f3tt\u00a0<em>\u00feau<\/em>\u00a0s\u00e9 formlega s\u00e9\u00f0 fleirtala af\u00a0<em>\u00fea\u00f0<\/em>\u00a0v\u00edsar or\u00f0i\u00f0 l\u00edka til blanda\u00f0s h\u00f3ps karla og kvenna og er \u00fev\u00ed mj\u00f6g oft nota\u00f0 um f\u00f3lk. Fleirt\u00f6lumyndirnar hafa \u00fev\u00ed ekki \u00e1 s\u00e9r \u00feann neikv\u00e6\u00f0a bl\u00e6 sem\u00a0<em>\u00fea\u00f0<\/em>\u00a0hefur \u00feegar \u00fea\u00f0 er nota\u00f0 um f\u00f3lk og \u00feess vegna er engin \u00e1st\u00e6\u00f0a til a\u00f0 skipta \u00feeim \u00fat fyrir eitthva\u00f0 anna\u00f0. \u00de\u00e1gufalls- og eignarfallsmyndirnar eru l\u00edka sameiginlegar \u00f6llum kynjum og \u00fev\u00ed v\u00e6ri mj\u00f6g \u00f3e\u00f0lilegt a\u00f0 setja eitthva\u00f0 anna\u00f0 \u00fear.<\/p>\n<p><em>H\u00e1n<\/em>\u00a0er hvorugkynsfornafn og tekur me\u00f0 s\u00e9r l\u00fdsingaror\u00f0 \u00ed hvorugkyni \u2013\u00a0<em>h\u00e1n er skemmtilegt\/ lasi\u00f0\/ ungt\/ glatt\u00a0<\/em>o.s.frv. \u00ddmsum finnst \u00feetta undarlegt og halda a\u00f0 \u00feau sem vilja l\u00e1ta v\u00edsa til s\u00edn me\u00f0\u00a0<em>h\u00e1n\u00a0<\/em>s\u00e9u \u00e1 m\u00f3ti \u00fev\u00ed a\u00f0 nota hvorugkyn um f\u00f3lk. En svo er ekki \u2013 \u00feau hafa ekkert \u00e1 m\u00f3ti hvorugkyninu \u00fat af fyrir sig. Andsta\u00f0an beinist eing\u00f6ngu gegn \u00fev\u00ed a\u00f0 nota forn\u00f6fnin\u00a0<em>\u00fea\u00f0<\/em>\u00a0og\u00a0<a href=\"https:\/\/timarit.is\/files\/13091161\">\u00feetta<\/a>\u00a0\u00ed v\u00edsun til f\u00f3lks, vegna \u00feess a\u00f0 \u00ed \u00feeirri notkun felist l\u00edtilsvir\u00f0ing.<\/p>\n<p>En upptaka\u00a0<em>h\u00e1n<\/em>\u00a0er ekki \u00f3umdeild og hefur m\u00e6tt nokkurri andst\u00f6\u00f0u. M\u00f6rgum finnst \u00f3t\u00e6kt a\u00f0 taka upp n\u00fdtt fornafn og segja a\u00f0 \u00fea\u00f0 s\u00e9 ekki h\u00e6gt \u2013 \u00fearna s\u00e9 veri\u00f0 a\u00f0 breyta m\u00e1lkerfinu og b\u00e6ta or\u00f0i \u00ed loka\u00f0an flokk. Hvort tveggja er rangt a\u00f0 m\u00ednu mati. \u00c9g er talsma\u00f0ur \u00feess a\u00f0\u00a0<em>h\u00e1n<\/em>\u00a0f\u00e1i \u00feegnr\u00e9tt \u00ed m\u00e1linu og s\u00e9 nota\u00f0 \u00ed v\u00edsun til \u00feeirra sem ekki vilja l\u00e1ta nota karlkyns e\u00f0a kvenkyns pers\u00f3nuforn\u00f6fn um sig. Au\u00f0vita\u00f0 ver\u00f0ur engum skylt a\u00f0 nota \u00fea\u00f0 en \u00feetta sn\u00fdst um vir\u00f0ingu og tillitssemi gagnvart \u00feeim sem er \u00feetta hjartans m\u00e1l.<\/p>\n","protected":false},"excerpt":{"rendered":"<p>Sumt f\u00f3lk er\u00a0kynsegin, skilgreinir sig ekki sem (eing\u00f6ngu) anna\u00f0hvort karlkyns e\u00f0a kvenkyns. \u00deetta f\u00f3lk vill \u00fev\u00ed ekki a\u00f0 pers\u00f3nuforn\u00f6fnin\u00a0hann\u00a0og\u00a0h\u00fan\u00a0s\u00e9u notu\u00f0 um \u00fea\u00f0 \u2013 finnst \u00feau ekki eiga vi\u00f0 sig. \u00dea\u00f0 vill reyndar svo vel til a\u00f0 \u00edslensk m\u00e1lfr\u00e6\u00f0i b\u00fd\u00f0ur upp \u00e1 \u00feri\u00f0ja kyni\u00f0, hvorugkyn, sem eins og or\u00f0i\u00f0 bendir til er hvorki karlkyn n\u00e9 kvenkyn, [&hellip;]<\/p>\n","protected":false},"author":141,"featured_media":0,"comment_status":"open","ping_status":"open","sticky":false,"template":"","format":"standard","meta":{"footnotes":""},"categories":[158635],"tags":[],"class_list":["post-3382","post","type-post","status-publish","format-standard","hentry","category-malfar"],"_links":{"self":[{"href":"https:\/\/uni.hi.is\/eirikur\/wp-json\/wp\/v2\/posts\/3382","targetHints":{"allow":["GET"]}}],"collection":[{"href":"https:\/\/uni.hi.is\/eirikur\/wp-json\/wp\/v2\/posts"}],"about":[{"href":"https:\/\/uni.hi.is\/eirikur\/wp-json\/wp\/v2\/types\/post"}],"author":[{"embeddable":true,"href":"https:\/\/uni.hi.is\/eirikur\/wp-json\/wp\/v2\/users\/141"}],"replies":[{"embeddable":true,"href":"https:\/\/uni.hi.is\/eirikur\/wp-json\/wp\/v2\/comments?post=3382"}],"version-history":[{"count":1,"href":"https:\/\/uni.hi.is\/eirikur\/wp-json\/wp\/v2\/posts\/3382\/revisions"}],"predecessor-version":[{"id":3383,"href":"https:\/\/uni.hi.is\/eirikur\/wp-json\/wp\/v2\/posts\/3382\/revisions\/3383"}],"wp:attachment":[{"href":"https:\/\/uni.hi.is\/eirikur\/wp-json\/wp\/v2\/media?parent=3382"}],"wp:term":[{"taxonomy":"category","embeddable":true,"href":"https:\/\/uni.hi.is\/eirikur\/wp-json\/wp\/v2\/categories?post=3382"},{"taxonomy":"post_tag","embeddable":true,"href":"https:\/\/uni.hi.is\/eirikur\/wp-json\/wp\/v2\/tags?post=3382"}],"curies":[{"name":"wp","href":"https:\/\/api.w.org\/{rel}","templated":true}]}}