{"id":3632,"date":"2021-03-08T12:52:40","date_gmt":"2021-03-08T12:52:40","guid":{"rendered":"https:\/\/uni.hi.is\/eirikur\/?p=3632"},"modified":"2021-03-08T12:53:34","modified_gmt":"2021-03-08T12:53:34","slug":"samraemd-prof","status":"publish","type":"post","link":"https:\/\/uni.hi.is\/eirikur\/2021\/03\/08\/samraemd-prof\/","title":{"rendered":"Samr\u00e6md pr\u00f3f"},"content":{"rendered":"<p>\u00cd dag er haldi\u00f0 samr\u00e6mt k\u00f6nnunarpr\u00f3f \u00ed \u00edslensku \u00ed 9. bekk, og af \u00fev\u00ed tilefni f\u00f3r \u00e9g a\u00f0 velta fyrir m\u00e9r \u00ed hverju v\u00e6ri veri\u00f0 a\u00f0 pr\u00f3fa. \u00c9g hef oft gagnr\u00fdnt samr\u00e6mdu pr\u00f3fin har\u00f0lega fyrir \u00fdmislegt, en alvarlegasta gagnr\u00fdnisatri\u00f0i\u00f0 er a\u00f0 \u00fear var, a.m.k. til skamms t\u00edma, l\u00f6g\u00f0 ofur\u00e1hersla \u00e1 \u201er\u00e9tt\u201c m\u00e1l og \u201erangt\u201c. \u00c1st\u00e6\u00f0an fyrir \u00fev\u00ed a\u00f0 m\u00e9r finnst \u00feetta alvarlegt er a\u00f0 \u00fearna er nemendum mismuna\u00f0 eftir m\u00e1lkennd \u2013 eftir \u00fev\u00ed hva\u00f0a m\u00e1lfar \u00feeir hafa tileinka\u00f0 s\u00e9r \u00e1 m\u00e1lt\u00f6kuskei\u00f0i og er inngr\u00f3i\u00f0 \u00ed m\u00e1lkerfi \u00feeirra.<\/p>\n<p>Tungum\u00e1l sem vi\u00f0 tileinkum okkur \u00e1 m\u00e1lt\u00f6kuskei\u00f0i \u2013 m\u00f3\u00f0urm\u00e1l okkar \u2013 er hluti af okkur sj\u00e1lfum, mikilv\u00e6gur \u00fe\u00e1ttur \u00ed sj\u00e1lfsmynd okkar. \u00deess vegna er \u00f3t\u00e6kt a\u00f0 innr\u00e6ta f\u00f3lki, \u00ed sk\u00f3lum e\u00f0a \u00e1 \u00f6\u00f0rum vettvangi, a\u00f0 \u00fea\u00f0 m\u00e1l sem \u00fea\u00f0 hefur alist upp vi\u00f0 s\u00e9 \u201erangt\u201c \u00ed einhverjum skilningi. Flokkun f\u00f3lks eftir sl\u00edkum m\u00e1lfarsatri\u00f0um, t.d. \u00e1 pr\u00f3fum, er engu betri en mismunun eftir kynfer\u00f0i, sko\u00f0unum, tr\u00fa, kynhneig\u00f0 o.s.frv. sem er b\u00f6nnu\u00f0 \u00ed 65. grein Stj\u00f3rnarskr\u00e1r. A\u00f0 pr\u00f3fa \u00ed sl\u00edkum atri\u00f0um er alls ekki samb\u00e6rilegt vi\u00f0 a\u00f0 pr\u00f3fa \u00ed \u00feekkingaratri\u00f0um sem nemendurnir l\u00e6ra \u00ed sk\u00f3lanum, svo sem or\u00f0flokkagreiningu \u2013 \u00e1n \u00feess a\u00f0 \u00e9g s\u00e9 a\u00f0 m\u00e6la s\u00e9rstaklega me\u00f0 pr\u00f3fum \u00far henni.<\/p>\n<p>N\u00fa veit \u00e9g au\u00f0vita\u00f0 ekki \u00ed hverju var veri\u00f0 a\u00f0 pr\u00f3fa \u00ed dag \u2013 samr\u00e6md pr\u00f3f eru ekki lengur a\u00f0gengileg. Eina v\u00edsbendingin er <a href=\"https:\/\/mms.is\/kynningarprof-0\">kynningarpr\u00f3f<\/a> sem er a\u00f0 finna \u00e1 vef Menntam\u00e1lastofnunar. \u00c9g sko\u00f0a\u00f0i \u00fea\u00f0 og \u00fea\u00f0 olli m\u00e9r miklum vonbrig\u00f0um. Af 19 spurningum \u00ed m\u00e1lnotkunarhluta pr\u00f3fsins sn\u00faast <b>8 <\/b>\u2013 <b>\u00e1tta <\/b>\u2013 um \u201egott m\u00e1l\u201c, og \u201eekki gott m\u00e1l\u201c, \u00fe.e. \u201er\u00e9tt\u201c og \u201erangt\u201c, og \u00fear af kemur \u201e\u00fe\u00e1gufallss\u00fdki\u201c fyrir \u00ed <b>fj\u00f3rum <\/b>spurningum og\u00a0<i>hvor annar<\/i>,\u00a0<i>\u00e9g vill<\/i> og \u201en\u00fdja \u00feolmyndin\u201c \u00ed einni hvert. \u00dea\u00f0 hefur veri\u00f0 s\u00fdnt fram \u00e1 a\u00f0 \u201er\u00e9tta\u201c m\u00e1lnotkunin \u00ed \u00feessum atri\u00f0um er \u00ed \u00f3samr\u00e6mi vi\u00f0 m\u00e1ltilfinningu verulegs hluta m\u00e1lnotenda og \u00fev\u00ed \u00e6tti <b>alls ekki <\/b>a\u00f0 pr\u00f3fa \u00ed \u00feessu a\u00f0 m\u00ednu mati.<\/p>\n<p>Eins og \u00e1\u00f0ur segir er \u00feetta kynningarpr\u00f3f, og \u00fea\u00f0 er hugsanlegt a\u00f0 pr\u00f3fi\u00f0 sem lagt var fyrir \u00ed morgun s\u00e9 allt \u00f6\u00f0ruv\u00edsi \u2013 \u00e9g vona a\u00f0 svo s\u00e9. En s\u00e9 svo er \u00fea\u00f0 l\u00edka mj\u00f6g alvarlegt \u00fev\u00ed a\u00f0 kynningarpr\u00f3fi\u00f0 hl\u00fdtur a\u00f0 vera \u00e6tla\u00f0 til \u00feess a\u00f0 gefa nemendum v\u00edsbendingu um \u00fea\u00f0 vi\u00f0 hverju \u00feeir megi b\u00faast, og \u00e1 hva\u00f0 \u00feeir eigi a\u00f0 leggja \u00e1herslu \u00ed pr\u00f3fundirb\u00faningnum. Ef verulegt \u00f3samr\u00e6mi er \u00e1 milli \u00e1hersluatri\u00f0a \u00ed kynningarpr\u00f3finu og pr\u00f3finu sj\u00e1lfu er \u00fev\u00ed veri\u00f0 a\u00f0 blekkja nemendur og lei\u00f0a \u00fe\u00e1 \u00e1 villig\u00f6tur.<\/p>\n","protected":false},"excerpt":{"rendered":"<p>\u00cd dag er haldi\u00f0 samr\u00e6mt k\u00f6nnunarpr\u00f3f \u00ed \u00edslensku \u00ed 9. bekk, og af \u00fev\u00ed tilefni f\u00f3r \u00e9g a\u00f0 velta fyrir m\u00e9r \u00ed hverju v\u00e6ri veri\u00f0 a\u00f0 pr\u00f3fa. \u00c9g hef oft gagnr\u00fdnt samr\u00e6mdu pr\u00f3fin har\u00f0lega fyrir \u00fdmislegt, en alvarlegasta gagnr\u00fdnisatri\u00f0i\u00f0 er a\u00f0 \u00fear var, a.m.k. til skamms t\u00edma, l\u00f6g\u00f0 ofur\u00e1hersla \u00e1 \u201er\u00e9tt\u201c m\u00e1l og \u201erangt\u201c. \u00c1st\u00e6\u00f0an [&hellip;]<\/p>\n","protected":false},"author":141,"featured_media":0,"comment_status":"open","ping_status":"open","sticky":false,"template":"","format":"standard","meta":{"footnotes":""},"categories":[158635],"tags":[],"class_list":["post-3632","post","type-post","status-publish","format-standard","hentry","category-malfar"],"_links":{"self":[{"href":"https:\/\/uni.hi.is\/eirikur\/wp-json\/wp\/v2\/posts\/3632","targetHints":{"allow":["GET"]}}],"collection":[{"href":"https:\/\/uni.hi.is\/eirikur\/wp-json\/wp\/v2\/posts"}],"about":[{"href":"https:\/\/uni.hi.is\/eirikur\/wp-json\/wp\/v2\/types\/post"}],"author":[{"embeddable":true,"href":"https:\/\/uni.hi.is\/eirikur\/wp-json\/wp\/v2\/users\/141"}],"replies":[{"embeddable":true,"href":"https:\/\/uni.hi.is\/eirikur\/wp-json\/wp\/v2\/comments?post=3632"}],"version-history":[{"count":2,"href":"https:\/\/uni.hi.is\/eirikur\/wp-json\/wp\/v2\/posts\/3632\/revisions"}],"predecessor-version":[{"id":3634,"href":"https:\/\/uni.hi.is\/eirikur\/wp-json\/wp\/v2\/posts\/3632\/revisions\/3634"}],"wp:attachment":[{"href":"https:\/\/uni.hi.is\/eirikur\/wp-json\/wp\/v2\/media?parent=3632"}],"wp:term":[{"taxonomy":"category","embeddable":true,"href":"https:\/\/uni.hi.is\/eirikur\/wp-json\/wp\/v2\/categories?post=3632"},{"taxonomy":"post_tag","embeddable":true,"href":"https:\/\/uni.hi.is\/eirikur\/wp-json\/wp\/v2\/tags?post=3632"}],"curies":[{"name":"wp","href":"https:\/\/api.w.org\/{rel}","templated":true}]}}