{"id":3702,"date":"2021-04-09T10:39:18","date_gmt":"2021-04-09T10:39:18","guid":{"rendered":"https:\/\/uni.hi.is\/eirikur\/?p=3702"},"modified":"2021-04-12T17:10:50","modified_gmt":"2021-04-12T17:10:50","slug":"upp-a-sett","status":"publish","type":"post","link":"https:\/\/uni.hi.is\/eirikur\/2021\/04\/09\/upp-a-sett\/","title":{"rendered":"Upp \u00e1 sett"},"content":{"rendered":"<p>\u00cd Kastlj\u00f3si \u00ed g\u00e6r var K\u00e1ri Stef\u00e1nsson spur\u00f0ur hvort hann teldi a\u00f0 l\u00f6gmenn f\u00f3lks sem sat nau\u00f0ugt \u00ed s\u00f3ttvarnarh\u00fasi hef\u00f0u gert \u00fea\u00f0 \u201eupp \u00e1 sett\u201c a\u00f0 skila greinarger\u00f0um svo seint a\u00f0 s\u00f3ttkv\u00ed skj\u00f3lst\u00e6\u00f0inga \u00feeirra yr\u00f0i runnin \u00fat \u00feegar m\u00e1li\u00f0 k\u00e6mi fyrir Landsr\u00e9tt. K\u00e1ri hv\u00e1\u00f0i og virtist ekki skilja sambandi\u00f0\u00a0<em>upp \u00e1 sett<\/em>. \u00dat fr\u00e1 \u00feessu var\u00f0 mikil umr\u00e6\u00f0a \u00ed h\u00f3pnum M\u00e1lspjall \u00e1 Facebook. Fyrir sumum \u2013 \u00fe. \u00e1 m. m\u00e9r \u2013 er \u00feetta venjulegt m\u00e1l, en \u00ed umr\u00e6\u00f0unni kom \u00ed lj\u00f3s a\u00f0 sambandi\u00f0 vir\u00f0ist vera f\u00e1um kunnugt. \u00cd or\u00f0ab\u00f3kum vir\u00f0ast engin d\u00e6mi um \u00fea\u00f0, og \u00ed <a href=\"https:\/\/malheildir.arnastofnun.is\/?mode=rmh2019#?stats_reduce=word&amp;isCaseInsensitive&amp;searchBy=word&amp;cqp=%5B%5D\"><em>Risam\u00e1lheildinni <\/em><\/a>er ekki eitt einasta d\u00e6mi. Google fann ekki heldur nein d\u00e6mi nema sum \u00feeirra sem eru \u00e1 <em>t\u00edmarit.is <\/em>en \u00feau vir\u00f0ast a\u00f0eins vera \u00e1tta samtals:<\/p>\n<ul>\n<li>\u00c9g hef trassa\u00f0 \u00f6gn a\u00f0 svara \u00fe\u00e9r, r\u00e9tt \u201eupp\u00e1 sett,\u201c af \u00fev\u00ed \u00e9g s\u00e1 af \u201eKringlu,\u201c a\u00f0 \u00fe\u00fa br\u00e1zt \u00fe\u00e9r til N\u00fdja-\u00edslands og bj\u00f3st \u00e9g vi\u00f0 \u00fe\u00fa mundir, ef til vill, tefja \u00fear nokku\u00f0.<\/li>\n<li>En eg get ekki tr\u00faa\u00f0 \u00fev\u00ed a\u00f0 \u00feetta s\u00e9 satt. Eg \u00edmynda m\u00e9r a\u00f0 Dingaan hafi veri\u00f0 a\u00f0 skr\u00f6kva \u00feessu upp \u00e1 sett.<\/li>\n<li>Las b\u00e6jarstj\u00f3ri \u00fea\u00f0 \u00fe\u00e1 upp og taldi hann, a\u00f0 \u00e9g hef\u00f0i gert \u00feetta upp \u00e1 sett til \u00feess, a\u00f0 h\u00e6gt v\u00e6ri a\u00f0 nota m\u00e1li\u00f0 til \u00e1r\u00e1sar \u00e1 meirihlutann.<\/li>\n<li>\u00c1 undanf\u00f6rnum \u00e1rum hefur veri\u00f0 lj\u00f3st a\u00f0 R\u00fassar og Bandarikjamenn gera \u00fea\u00f0 a\u00f0allega upp \u00e1 sett a\u00f0 vera a\u00f0 deila.<\/li>\n<li>\u201e\u00c9g ger\u00f0i \u00fea\u00f0 svona upp \u00e1 sett a\u00f0 fara \u00ed n\u00edunda s\u00e6ti\u00f0,\u201c sag\u00f0i Gunnlaugur Finnsson [...], en \u00e1 kj\u00f6rd\u00e6mis\u00feingi frams\u00f3knarmanna \u00ed Vestfjar\u00f0akj\u00f6rd\u00e6mi um helgina tapa\u00f0i Gunnlaugur \u00f6\u00f0ru s\u00e6tinu til \u00d3lafs \u00de. \u00de\u00f3r\u00f0arsonar.<\/li>\n<li>Ef Magdalena Schram e\u00f0a a\u00f0rir sem n\u00fa sj\u00e1 s\u00e9r leik \u00e1 bor\u00f0i me\u00f0 \u00e1r\u00f3\u00f0ur gegn Fluglei\u00f0um halda a\u00f0 flugf\u00e9lag geri \u00fea\u00f0 upp \u00e1 sett a\u00f0 halda ekki \u00e1\u00e6tlun \u00fe\u00e1 er h\u00fan haldin miklum misskilningi.<\/li>\n<li>Samt er \u00feessi grein, sem h\u00f6fundur kallar \u201eA\u00f0 hl\u00e6ja upp \u00e1 sett\u201c allrar athygli ver\u00f0, \u00fe\u00f3tt \u00e9g kunni ekki vi\u00f0 \u00fea\u00f0 m\u00e1lfar \u201ea\u00f0 hl\u00e6ja upp \u00e1 sett\u201c. \u00c9g held a\u00f0 \u00feetta s\u00e9 \u00f3\u00fe\u00f6rf tikt\u00fara. \u00deetta heitir \u00e1 gamalgr\u00f3inni \u00edslensku a\u00f0 gera s\u00e9r upp hl\u00e1tur \u2013 l\u00e1tast.<\/li>\n<li>Fr\u00e9ttalj\u00f3si\u00f0 l\u00fdsir \u00e1 \u00d3laf Dav\u00ed\u00f0sson forstj\u00f3ra \u00dej\u00f3\u00f0hagsstofnunar og svona upp\u00e1 sett spyrjum vi\u00f0 hva\u00f0 ver\u00f0b\u00f3lgan s\u00e9.<\/li>\n<\/ul>\n<p>\u00cd umr\u00e6\u00f0unni var nefnt a\u00f0 sambandi\u00f0 myndi vera g\u00f6mul d\u00f6nskusletta, og \u00fea\u00f0 m\u00e1 vel vera \u2013 hugsanlega g\u00e6ti \u00fea\u00f0 veri\u00f0 komi\u00f0 af <i>p\u00e5sat<\/i>,\u00a0t.d. \u00ed sambandinu <i>p\u00e5sat brand <\/i>'\u00edkveikja', e\u00f0a \u00e1tt eitthva\u00f0 skylt vi\u00f0 <i>p\u00e5 s\u00e6t og vis<\/i>.\u00a0\u00dea\u00f0 er hins vegar athyglisvert a\u00f0 elsta d\u00e6mi\u00f0 h\u00e9r a\u00f0 ofan er \u00far br\u00e9fi Stephans G. Stephanssonar fr\u00e1 1901 og \u00fea\u00f0 n\u00e6sta \u00far vestur\u00edslenska bla\u00f0inu <i>L\u00f6gbergi <\/i>fr\u00e1 1912, en svo kemur sambandi\u00f0 ekki fyrir aftur fyrr en 1953, og hin d\u00e6min eru \u00f6ll fr\u00e1 \u00e1ttunda \u00e1ratugnum. \u00dat fr\u00e1 \u00feessu er freistandi a\u00f0 geta \u00feess til a\u00f0 \u00feetta s\u00e9 \u00far ensku \u2013 \u00fea\u00f0 sk\u00fdri fyrstu tv\u00f6 d\u00e6min, en svo fari sambandi\u00f0 a\u00f0 sj\u00e1st \u00e1 \u00cdslandi me\u00f0 auknum enskum \u00e1hrifum eftir str\u00ed\u00f0. En \u00feetta er bara hugdetta.<\/p>\n<p>En hva\u00f0 merkir sambandi\u00f0? \u00cd umr\u00e6\u00f0unni var nefnt a\u00f0 \u00fea\u00f0 merkti 'af \u00e1settu r\u00e1\u00f0i', og \u00fea\u00f0 m\u00e1 til sanns vegar f\u00e6ra \u2013 s\u00fa merking \u00e1 vel vi\u00f0 notkun \u00feess \u00ed Kastlj\u00f3sinu \u00ed g\u00e6r. En \u00e9g held a\u00f0 \u00fea\u00f0 s\u00e9 fleira \u00ed \u00feessu. \u00c9g held a\u00f0 merkingu sambandsins s\u00e9 best l\u00fdst me\u00f0 'setja upp leiktj\u00f6ld \/ leikmynd'. Leiktj\u00f6ld eru sett upp til a\u00f0 eitthva\u00f0 s\u00e9 \u00e1 svi\u00f0inu \u2013 en \u00feau geta l\u00edka veri\u00f0 sett upp til a\u00f0 fela eitthva\u00f0 sem \u00e1horfendur eiga ekki a\u00f0 sj\u00e1. \u00dea\u00f0 sem er gert <em>upp \u00e1 sett <\/em>er stundum gert \u00e1n \u00e1st\u00e6\u00f0u, \u201eaf \u00fev\u00ed bara\u201c, en stundum er \u00fea\u00f0 gert til a\u00f0 brei\u00f0a yfir eitthva\u00f0. \u00c9g held a\u00f0 d\u00e6min h\u00e9r a\u00f0 ofan sta\u00f0festi \u00feennan skilning. Or\u00f0i\u00f0 <em>sett <\/em>bendir l\u00edka til leikh\u00fasm\u00e1ls.<\/p>\n","protected":false},"excerpt":{"rendered":"<p>\u00cd Kastlj\u00f3si \u00ed g\u00e6r var K\u00e1ri Stef\u00e1nsson spur\u00f0ur hvort hann teldi a\u00f0 l\u00f6gmenn f\u00f3lks sem sat nau\u00f0ugt \u00ed s\u00f3ttvarnarh\u00fasi hef\u00f0u gert \u00fea\u00f0 \u201eupp \u00e1 sett\u201c a\u00f0 skila greinarger\u00f0um svo seint a\u00f0 s\u00f3ttkv\u00ed skj\u00f3lst\u00e6\u00f0inga \u00feeirra yr\u00f0i runnin \u00fat \u00feegar m\u00e1li\u00f0 k\u00e6mi fyrir Landsr\u00e9tt. K\u00e1ri hv\u00e1\u00f0i og virtist ekki skilja sambandi\u00f0\u00a0upp \u00e1 sett. \u00dat fr\u00e1 \u00feessu var\u00f0 [&hellip;]<\/p>\n","protected":false},"author":141,"featured_media":0,"comment_status":"open","ping_status":"open","sticky":false,"template":"","format":"standard","meta":{"footnotes":""},"categories":[158635],"tags":[],"class_list":["post-3702","post","type-post","status-publish","format-standard","hentry","category-malfar"],"_links":{"self":[{"href":"https:\/\/uni.hi.is\/eirikur\/wp-json\/wp\/v2\/posts\/3702","targetHints":{"allow":["GET"]}}],"collection":[{"href":"https:\/\/uni.hi.is\/eirikur\/wp-json\/wp\/v2\/posts"}],"about":[{"href":"https:\/\/uni.hi.is\/eirikur\/wp-json\/wp\/v2\/types\/post"}],"author":[{"embeddable":true,"href":"https:\/\/uni.hi.is\/eirikur\/wp-json\/wp\/v2\/users\/141"}],"replies":[{"embeddable":true,"href":"https:\/\/uni.hi.is\/eirikur\/wp-json\/wp\/v2\/comments?post=3702"}],"version-history":[{"count":7,"href":"https:\/\/uni.hi.is\/eirikur\/wp-json\/wp\/v2\/posts\/3702\/revisions"}],"predecessor-version":[{"id":3709,"href":"https:\/\/uni.hi.is\/eirikur\/wp-json\/wp\/v2\/posts\/3702\/revisions\/3709"}],"wp:attachment":[{"href":"https:\/\/uni.hi.is\/eirikur\/wp-json\/wp\/v2\/media?parent=3702"}],"wp:term":[{"taxonomy":"category","embeddable":true,"href":"https:\/\/uni.hi.is\/eirikur\/wp-json\/wp\/v2\/categories?post=3702"},{"taxonomy":"post_tag","embeddable":true,"href":"https:\/\/uni.hi.is\/eirikur\/wp-json\/wp\/v2\/tags?post=3702"}],"curies":[{"name":"wp","href":"https:\/\/api.w.org\/{rel}","templated":true}]}}