{"id":3758,"date":"2021-04-27T10:03:43","date_gmt":"2021-04-27T10:03:43","guid":{"rendered":"https:\/\/uni.hi.is\/eirikur\/?p=3758"},"modified":"2021-04-27T10:03:43","modified_gmt":"2021-04-27T10:03:43","slug":"ad-lesa-sig-ser-til","status":"publish","type":"post","link":"https:\/\/uni.hi.is\/eirikur\/2021\/04\/27\/ad-lesa-sig-ser-til\/","title":{"rendered":"A\u00f0 lesa sig\/s\u00e9r til"},"content":{"rendered":"<p>\u00c9g s\u00e1 \u00ed M\u00e1lv\u00f6ndunar\u00fe\u00e6ttinum <a href=\"https:\/\/www.facebook.com\/groups\/1395992847329077\/permalink\/2794421444152870\/\">innlegg<\/a> \u00fear sem h\u00f6fundur sag\u00f0ist vera n\u00fdb\u00fainn a\u00f0 sj\u00e1 \u00e1 Facebook \u00ferj\u00fa d\u00e6mi um sambandi\u00f0 <em>lesa <strong>sig<\/strong> til um eitthva\u00f0<\/em> \u00ed sta\u00f0 <em>lesa <strong>s\u00e9r<\/strong> til um eitthva\u00f0 <\/em>og var a\u00f0 velta \u00fev\u00ed fyrir s\u00e9r hvort \u00feetta g\u00e6ti veri\u00f0 r\u00e9tt. \u00d6llum sem \u00fe\u00e1tt t\u00f3ku \u00ed umr\u00e6\u00f0unni fannst \u00feetta framandi og k\u00f6nnu\u00f0ust ekki vi\u00f0 a\u00f0 hafa heyrt \u00fea\u00f0 e\u00f0a s\u00e9\u00f0. \u00c9g segi \u00fea\u00f0 sama \u2013 \u00e9g \u00feekki \u00feetta a\u00f0eins me\u00f0 \u00fe\u00e1gufalli, og \u00ed <em>\u00cdslenskri n\u00fat\u00edmam\u00e1lsor\u00f0ab\u00f3k<\/em> er sambandi\u00f0 eing\u00f6ngu <a href=\"https:\/\/islenskordabok.arnastofnun.is\/ord\/26201\">gefi\u00f0<\/a> me\u00f0 \u00fe\u00e1gufalli, <em>lesa s\u00e9r til um &lt;vi\u00f0fangsefni\u00f0&gt;<\/em>. M\u00e9r fannst samt \u00e1st\u00e6\u00f0a til a\u00f0 kanna \u00feetta n\u00e1nar.<\/p>\n<p>\u00cd <em>Risam\u00e1lheildinni<\/em> reyndust vera 200 <a href=\"https:\/\/malheildir.arnastofnun.is\/?mode=rmh2019#?hide_stats&amp;stats_reduce=word&amp;isCaseInsensitive&amp;cqp=%5Blemma%20%3D%20%22lesa%22%20%25c%5D%20%5B%5D%7B0,0%7D%20%5B(word%20%3D%20%22sig%22%20%25c%20%7C%20word%20%3D%20%22mig%22%20%25c%20%7C%20word%20%3D%20%22%C3%BEig%22%20%25c)%5D%20%5B%5D%7B0,0%7D%20%5Bword%20%3D%20%22til%22%20%25c%5D&amp;search_tab=1&amp;hpp=1000&amp;searchBy=word&amp;search=cqp\">d\u00e6mi<\/a> um <em>lesa mig <\/em>\/ <em>\u00feig<\/em> \/ <em>sig til<\/em>, og \u00e1 <em>t\u00edmarit.is<\/em> voru d\u00e6min h\u00e1tt \u00e1 \u00feri\u00f0ja hundra\u00f0. D\u00e6min um \u00fe\u00e1gufalli\u00f0 eru vissulega 15-20 sinnum fleiri, en samt sem \u00e1\u00f0ur er \u00feetta umtalsver\u00f0ur fj\u00f6ldi, \u00feolfallsd\u00e6ma, a.m.k. 400 (einhver d\u00e6manna \u00ed <em>Risam\u00e1lheildinni<\/em> og \u00e1 <em>t\u00edmarit.is<\/em> eru sennilega \u00feau s\u00f6mu). \u00dea\u00f0 er \u00fev\u00ed ekki h\u00e6gt a\u00f0 afgrei\u00f0a \u00feolfalli\u00f0 sem einhvers konar mist\u00f6k e\u00f0a villu. \u00deetta er ekki heldur n\u00fdtt \u2013 elsta d\u00e6mi\u00f0 sem \u00e9g fann var fr\u00e1 1941, 80 \u00e1ra gamalt. Elsta d\u00e6mi\u00f0 um \u00fe\u00e1gufalli\u00f0 er talsvert eldra, fr\u00e1 1907, en sambandi\u00f0 er sjaldg\u00e6ft lengi framan af \u2013 \u00fea\u00f0 er ekki fyrr en upp \u00far 1970 sem t\u00ed\u00f0ni \u00feess fer a\u00f0 aukast.<\/p>\n<p>\u00deetta er gott d\u00e6mi um \u00fea\u00f0 sem \u00e9g hef oft nefnt, a\u00f0 neti\u00f0 og samf\u00e9lagsmi\u00f0lar draga fram \u00fdmis tilbrig\u00f0i \u00ed m\u00e1linu sem vi\u00f0 h\u00f6fum ekki veitt athygli. \u00dea\u00f0 er nefnilega alls \u00f3v\u00edst a\u00f0 vi\u00f0 t\u00f6kum eftir \u00fev\u00ed hvort vi\u00f0m\u00e6landi okkar notar \u00feolfall e\u00f0a \u00fe\u00e1gufall \u00ed <em>\u00e9g las m* til um \u00feetta<\/em> e\u00f0a <em>h\u00fan las s* til um \u00feetta<\/em>. Fornafni\u00f0 <em>mig <\/em>\/ <em>m\u00e9r<\/em> e\u00f0a <em>sig<\/em> \/ <em>s\u00e9r <\/em>er \u00fearna \u00ed \u00e1herslulausri st\u00f6\u00f0u og \u00ed samfelldu tali ver\u00f0ur \u00fea\u00f0 oft \u00f3greinilegt, nema fyrsta hlj\u00f3\u00f0i\u00f0 sem er \u00fea\u00f0 sama \u00ed \u00feolfalli og \u00fe\u00e1gufalli. \u00dea\u00f0 er l\u00edka eitt grundvallaratri\u00f0i \u00ed talskynjun okkar a\u00f0 geta \u00ed ey\u00f0urnar \u2013 vi\u00f0 heyrum \u00fea\u00f0 sem vi\u00f0 b\u00faumst vi\u00f0 a\u00f0 heyra, gerum r\u00e1\u00f0 fyrir a\u00f0 vi\u00f0m\u00e6landinn noti m\u00e1li\u00f0 \u00e1 sama h\u00e1tt og vi\u00f0. En \u00ed ritu\u00f0u m\u00e1li kemur munurinn vitanlega fram.<\/p>\n<p>\u00dea\u00f0 er sem s\u00e9 l\u00f6ng hef\u00f0 fyrir b\u00e6\u00f0i \u00feolfalli og \u00fe\u00e1gufalli \u00ed \u00feessu sambandi og engin \u00e1st\u00e6\u00f0a til a\u00f0 kalla anna\u00f0 r\u00e9tt en hitt rangt. Vi\u00f0 \u00feurfum a\u00f0 vi\u00f0urkenna og s\u00e6tta okkur vi\u00f0 a\u00f0 fj\u00f6ldi f\u00f3lks notar m\u00e1li\u00f0 \u00f6\u00f0ruv\u00edsi en vi\u00f0. \u00dea\u00f0 \u00fe\u00fd\u00f0ir ekki a\u00f0 vi\u00f0 \u00feurfum a\u00f0 breyta okkar m\u00e1lnotkun \u2013 tungum\u00e1li\u00f0 \u00feolir alveg tilbrig\u00f0i.<\/p>\n","protected":false},"excerpt":{"rendered":"<p>\u00c9g s\u00e1 \u00ed M\u00e1lv\u00f6ndunar\u00fe\u00e6ttinum innlegg \u00fear sem h\u00f6fundur sag\u00f0ist vera n\u00fdb\u00fainn a\u00f0 sj\u00e1 \u00e1 Facebook \u00ferj\u00fa d\u00e6mi um sambandi\u00f0 lesa sig til um eitthva\u00f0 \u00ed sta\u00f0 lesa s\u00e9r til um eitthva\u00f0 og var a\u00f0 velta \u00fev\u00ed fyrir s\u00e9r hvort \u00feetta g\u00e6ti veri\u00f0 r\u00e9tt. \u00d6llum sem \u00fe\u00e1tt t\u00f3ku \u00ed umr\u00e6\u00f0unni fannst \u00feetta framandi og k\u00f6nnu\u00f0ust ekki [&hellip;]<\/p>\n","protected":false},"author":141,"featured_media":0,"comment_status":"open","ping_status":"open","sticky":false,"template":"","format":"standard","meta":{"footnotes":""},"categories":[158635],"tags":[],"class_list":["post-3758","post","type-post","status-publish","format-standard","hentry","category-malfar"],"_links":{"self":[{"href":"https:\/\/uni.hi.is\/eirikur\/wp-json\/wp\/v2\/posts\/3758","targetHints":{"allow":["GET"]}}],"collection":[{"href":"https:\/\/uni.hi.is\/eirikur\/wp-json\/wp\/v2\/posts"}],"about":[{"href":"https:\/\/uni.hi.is\/eirikur\/wp-json\/wp\/v2\/types\/post"}],"author":[{"embeddable":true,"href":"https:\/\/uni.hi.is\/eirikur\/wp-json\/wp\/v2\/users\/141"}],"replies":[{"embeddable":true,"href":"https:\/\/uni.hi.is\/eirikur\/wp-json\/wp\/v2\/comments?post=3758"}],"version-history":[{"count":1,"href":"https:\/\/uni.hi.is\/eirikur\/wp-json\/wp\/v2\/posts\/3758\/revisions"}],"predecessor-version":[{"id":3759,"href":"https:\/\/uni.hi.is\/eirikur\/wp-json\/wp\/v2\/posts\/3758\/revisions\/3759"}],"wp:attachment":[{"href":"https:\/\/uni.hi.is\/eirikur\/wp-json\/wp\/v2\/media?parent=3758"}],"wp:term":[{"taxonomy":"category","embeddable":true,"href":"https:\/\/uni.hi.is\/eirikur\/wp-json\/wp\/v2\/categories?post=3758"},{"taxonomy":"post_tag","embeddable":true,"href":"https:\/\/uni.hi.is\/eirikur\/wp-json\/wp\/v2\/tags?post=3758"}],"curies":[{"name":"wp","href":"https:\/\/api.w.org\/{rel}","templated":true}]}}