{"id":3969,"date":"2021-08-02T08:00:15","date_gmt":"2021-08-02T08:00:15","guid":{"rendered":"https:\/\/uni.hi.is\/eirikur\/?p=3969"},"modified":"2021-09-06T20:07:36","modified_gmt":"2021-09-06T20:07:36","slug":"madur-enn-og-aftur","status":"publish","type":"post","link":"https:\/\/uni.hi.is\/eirikur\/2021\/08\/02\/madur-enn-og-aftur\/","title":{"rendered":"Ma\u00f0ur enn og aftur"},"content":{"rendered":"<p>\u00c9g hef stundum r\u00e6tt um merkingu or\u00f0sins <em>ma\u00f0ur <\/em>og samsetninga af \u00fev\u00ed. N\u00fdlega var \u00e9g a\u00f0 lesa \u00ed\u00fer\u00f3ttafr\u00e9ttir \u00e1 <em>mbl.is<\/em> og staldra\u00f0i vi\u00f0 <a href=\"https:\/\/www.mbl.is\/sport\/ol\/2021\/08\/02\/tryggdi_ser_olympiugull_i_fyrsta_kasti_a_fyrstu_lei\/\">eftirfarandi m\u00e1lsgrein<\/a>: \u201eBanda\u00adr\u00edkja\u00adkon\u00adan Val\u00adarie Allm\u00adan reynd\u00adist hlut\u00adsk\u00f6rp\u00adust \u00ed \u00far\u00adslit\u00adum kvenna \u00ed kringlukasti \u00e1 \u00d3lymp\u00ad\u00edu\u00adleik\u00adun\u00adum \u00ed T\u00f3k\u00fd\u00f3 \u00ed dag.\u201c \u00c9g \u00e1tta\u00f0i mig \u00e1 \u00fev\u00ed a\u00f0 m\u00e9r v\u00e6ri l\u00edfsins \u00f3m\u00f6gulegt a\u00f0 segja \u201eBanda\u00adr\u00edkja\u00ad<strong>ma\u00f0urinn<\/strong> Val\u00adarie Allm\u00adan . . .\u201c. \u00dea\u00f0 stafar ekki af einhverri kynjap\u00f3lit\u00edskri r\u00e9tthugsun \u2013 svona er bara raunveruleg m\u00e1lkennd m\u00edn.<\/p>\n<p>Aftur \u00e1 m\u00f3ti g\u00e6ti \u00e9g alveg sagt \u201eVal\u00adarie Allm\u00adan er Bandar\u00edkjama\u00f0ur sem sigra\u00f0i \u00ed kringlukasti kvenna \u00e1 \u00d3lymp\u00eduleikunum \u00ed dag\u201c. \u00dea\u00f0 skiptir sem s\u00e9 m\u00e1li fyrir mig hvort <em>Bandar\u00edkjama\u00f0ur<\/em> stendur hli\u00f0st\u00e6tt nafninu \u2013 \u00e1 undan \u00fev\u00ed \u2013 e\u00f0a sem sagnfylling me\u00f0 s\u00f6gninni <em>vera<\/em>. \u00cd flj\u00f3tu brag\u00f0i s\u00fdnist m\u00e9r \u00e1 <em>Risam\u00e1lheildinni<\/em> a\u00f0 \u00e9g s\u00e9 ekki einn um \u00feessa tilfinningu <em>\u2013<\/em> \u00fear eru n\u00e1nast engin d\u00e6mi um a\u00f0 kvenmannsnafn komi \u00e1 eftir <em>Bandar\u00edkjama\u00f0urinn<\/em>.<\/p>\n<p>Sama m\u00e1li gegnir um \u00f6nnur \u00fej\u00f3\u00f0aheiti sem enda \u00e1 <em>-ma\u00f0ur \u2013 <\/em>\u00e9g get ekki haft \u00feau \u00e1 undan kvenmannsnafni. Aftur \u00e1 m\u00f3ti er \u00e9g ekki \u00ed neinum vandr\u00e6\u00f0um me\u00f0 a\u00f0 nota \u00f6nnur karlkyns \u00fej\u00f3\u00f0aheiti \u00e1 undan kvenmannsn\u00f6fnum - <em>Englendingurinn Theresa May<\/em>, <em>\u00dej\u00f3\u00f0verjinn Angela Merkel<\/em>, <em>Frakkinn Marine le Pen<\/em>, o.s.frv. \u00dea\u00f0 er sem s\u00e9 ekki kyni\u00f0 sem skiptir m\u00e1li, heldur or\u00f0hlutinn <em>-ma\u00f0ur<\/em>. \u00deetta er enn eitt d\u00e6mi um \u00fea\u00f0 hvernig or\u00f0i\u00f0 <em>ma\u00f0ur<\/em> hefur sterk tengsl vi\u00f0 karlmenn \u00ed huga m\u00e1lnotenda \u2013 a.m.k. m\u00ednum huga.<\/p>\n","protected":false},"excerpt":{"rendered":"<p>\u00c9g hef stundum r\u00e6tt um merkingu or\u00f0sins ma\u00f0ur og samsetninga af \u00fev\u00ed. N\u00fdlega var \u00e9g a\u00f0 lesa \u00ed\u00fer\u00f3ttafr\u00e9ttir \u00e1 mbl.is og staldra\u00f0i vi\u00f0 eftirfarandi m\u00e1lsgrein: \u201eBanda\u00adr\u00edkja\u00adkon\u00adan Val\u00adarie Allm\u00adan reynd\u00adist hlut\u00adsk\u00f6rp\u00adust \u00ed \u00far\u00adslit\u00adum kvenna \u00ed kringlukasti \u00e1 \u00d3lymp\u00ad\u00edu\u00adleik\u00adun\u00adum \u00ed T\u00f3k\u00fd\u00f3 \u00ed dag.\u201c \u00c9g \u00e1tta\u00f0i mig \u00e1 \u00fev\u00ed a\u00f0 m\u00e9r v\u00e6ri l\u00edfsins \u00f3m\u00f6gulegt a\u00f0 segja \u201eBanda\u00adr\u00edkja\u00adma\u00f0urinn Val\u00adarie [&hellip;]<\/p>\n","protected":false},"author":141,"featured_media":0,"comment_status":"open","ping_status":"open","sticky":false,"template":"","format":"standard","meta":{"footnotes":""},"categories":[158635],"tags":[],"class_list":["post-3969","post","type-post","status-publish","format-standard","hentry","category-malfar"],"_links":{"self":[{"href":"https:\/\/uni.hi.is\/eirikur\/wp-json\/wp\/v2\/posts\/3969","targetHints":{"allow":["GET"]}}],"collection":[{"href":"https:\/\/uni.hi.is\/eirikur\/wp-json\/wp\/v2\/posts"}],"about":[{"href":"https:\/\/uni.hi.is\/eirikur\/wp-json\/wp\/v2\/types\/post"}],"author":[{"embeddable":true,"href":"https:\/\/uni.hi.is\/eirikur\/wp-json\/wp\/v2\/users\/141"}],"replies":[{"embeddable":true,"href":"https:\/\/uni.hi.is\/eirikur\/wp-json\/wp\/v2\/comments?post=3969"}],"version-history":[{"count":1,"href":"https:\/\/uni.hi.is\/eirikur\/wp-json\/wp\/v2\/posts\/3969\/revisions"}],"predecessor-version":[{"id":3970,"href":"https:\/\/uni.hi.is\/eirikur\/wp-json\/wp\/v2\/posts\/3969\/revisions\/3970"}],"wp:attachment":[{"href":"https:\/\/uni.hi.is\/eirikur\/wp-json\/wp\/v2\/media?parent=3969"}],"wp:term":[{"taxonomy":"category","embeddable":true,"href":"https:\/\/uni.hi.is\/eirikur\/wp-json\/wp\/v2\/categories?post=3969"},{"taxonomy":"post_tag","embeddable":true,"href":"https:\/\/uni.hi.is\/eirikur\/wp-json\/wp\/v2\/tags?post=3969"}],"curies":[{"name":"wp","href":"https:\/\/api.w.org\/{rel}","templated":true}]}}