{"id":3994,"date":"2021-09-21T08:00:26","date_gmt":"2021-09-21T08:00:26","guid":{"rendered":"https:\/\/uni.hi.is\/eirikur\/?p=3994"},"modified":"2021-09-23T08:59:28","modified_gmt":"2021-09-23T08:59:28","slug":"skildi","status":"publish","type":"post","link":"https:\/\/uni.hi.is\/eirikur\/2021\/09\/21\/skildi\/","title":{"rendered":"Skildi"},"content":{"rendered":"<p>N\u00fdlega rakst \u00e9g \u00e1 texta fr\u00e1 1925 \u00fear sem tala\u00f0 er um \u201eskildin utan \u00e1 b\u00fa\u00f0irnar\u201c. \u00c9g h\u00e9lt fyrst a\u00f0 <em>skildin<\/em> v\u00e6ri prentvilla fyrir <em>skiltin<\/em> en f\u00f3r samt a\u00f0 sko\u00f0a m\u00e1li\u00f0 n\u00e1nar. \u00de\u00e1 kom \u00ed lj\u00f3s a\u00f0 <em>skildi<\/em> er flettior\u00f0 \u00ed <em>\u00cdslenskri or\u00f0sifjab\u00f3k<\/em> \u00ed merkingunni 'skilti, nafnspjald' og sagt vera n\u00fdyr\u00f0i \u00ed n\u00fat\u00edmam\u00e1li, tengt <em>skj\u00f6ldur<\/em>. Or\u00f0i\u00f0 er einnig a\u00f0 finna \u00ed <em>\u00cdslensk-danskri or\u00f0ab\u00f3k<\/em> Sigf\u00fasar Bl\u00f6ndal fr\u00e1 1920-1924 og meira a\u00f0 segja \u00ed <em>\u00cdslenskri or\u00f0ab\u00f3k<\/em> sem tekur miki\u00f0 af or\u00f0um fr\u00e1 Bl\u00f6ndal \u00fe\u00f3tt \u00feau hafi ekki veri\u00f0 notu\u00f0 \u00ed marga \u00e1ratugi.<\/p>\n<p>\u00c1 <em>t\u00edmarit.is <\/em>er a\u00f0 finna \u00f6rf\u00e1 d\u00e6mi um <em>skildi<\/em>, \u00fea\u00f0 elsta sem \u00e9g fann er fr\u00e1 1899 og \u00fea\u00f0 yngsta fr\u00e1 1945. \u00deetta n\u00fdyr\u00f0i vir\u00f0ist \u00fev\u00ed aldrei hafa n\u00e1\u00f0 neinu flugi, heldur hefur <em>skilti <\/em>veri\u00f0 nota\u00f0 \u00ed sta\u00f0inn. \u00dea\u00f0 er t\u00f6kuor\u00f0 \u00far d\u00f6nsku fr\u00e1 19. \u00f6ld, skylt <em>skj\u00f6ldur<\/em>. B\u00e6\u00f0i or\u00f0in, <em>skildi <\/em>og <em>skilti<\/em>, eru \u00fev\u00ed af s\u00f6mu r\u00f3t \u00fe\u00f3tt lei\u00f0 \u00feeirra inn \u00ed \u00edslenskuna s\u00e9 \u00f3l\u00edk - anna\u00f0 t\u00f6kuor\u00f0 en hitt \u00edslensk n\u00fdmyndun. M\u00e9r finnst <em>skildi<\/em> fallegra or\u00f0 en \u00far \u00feessu ver\u00f0ur \u00fea\u00f0 varla teki\u00f0 upp \u00ed sta\u00f0inn fyrir <em>skilti<\/em>.<\/p>\n","protected":false},"excerpt":{"rendered":"<p>N\u00fdlega rakst \u00e9g \u00e1 texta fr\u00e1 1925 \u00fear sem tala\u00f0 er um \u201eskildin utan \u00e1 b\u00fa\u00f0irnar\u201c. \u00c9g h\u00e9lt fyrst a\u00f0 skildin v\u00e6ri prentvilla fyrir skiltin en f\u00f3r samt a\u00f0 sko\u00f0a m\u00e1li\u00f0 n\u00e1nar. \u00de\u00e1 kom \u00ed lj\u00f3s a\u00f0 skildi er flettior\u00f0 \u00ed \u00cdslenskri or\u00f0sifjab\u00f3k \u00ed merkingunni 'skilti, nafnspjald' og sagt vera n\u00fdyr\u00f0i \u00ed n\u00fat\u00edmam\u00e1li, tengt skj\u00f6ldur. [&hellip;]<\/p>\n","protected":false},"author":141,"featured_media":0,"comment_status":"open","ping_status":"open","sticky":false,"template":"","format":"standard","meta":{"footnotes":""},"categories":[158635],"tags":[],"class_list":["post-3994","post","type-post","status-publish","format-standard","hentry","category-malfar"],"_links":{"self":[{"href":"https:\/\/uni.hi.is\/eirikur\/wp-json\/wp\/v2\/posts\/3994","targetHints":{"allow":["GET"]}}],"collection":[{"href":"https:\/\/uni.hi.is\/eirikur\/wp-json\/wp\/v2\/posts"}],"about":[{"href":"https:\/\/uni.hi.is\/eirikur\/wp-json\/wp\/v2\/types\/post"}],"author":[{"embeddable":true,"href":"https:\/\/uni.hi.is\/eirikur\/wp-json\/wp\/v2\/users\/141"}],"replies":[{"embeddable":true,"href":"https:\/\/uni.hi.is\/eirikur\/wp-json\/wp\/v2\/comments?post=3994"}],"version-history":[{"count":1,"href":"https:\/\/uni.hi.is\/eirikur\/wp-json\/wp\/v2\/posts\/3994\/revisions"}],"predecessor-version":[{"id":3995,"href":"https:\/\/uni.hi.is\/eirikur\/wp-json\/wp\/v2\/posts\/3994\/revisions\/3995"}],"wp:attachment":[{"href":"https:\/\/uni.hi.is\/eirikur\/wp-json\/wp\/v2\/media?parent=3994"}],"wp:term":[{"taxonomy":"category","embeddable":true,"href":"https:\/\/uni.hi.is\/eirikur\/wp-json\/wp\/v2\/categories?post=3994"},{"taxonomy":"post_tag","embeddable":true,"href":"https:\/\/uni.hi.is\/eirikur\/wp-json\/wp\/v2\/tags?post=3994"}],"curies":[{"name":"wp","href":"https:\/\/api.w.org\/{rel}","templated":true}]}}