{"id":4086,"date":"2022-01-24T11:43:03","date_gmt":"2022-01-24T11:43:03","guid":{"rendered":"https:\/\/uni.hi.is\/eirikur\/?p=4086"},"modified":"2022-10-06T14:56:45","modified_gmt":"2022-10-06T14:56:45","slug":"hvernig-tala-konur-um-sig-sjalfar","status":"publish","type":"post","link":"https:\/\/uni.hi.is\/eirikur\/2022\/01\/24\/hvernig-tala-konur-um-sig-sjalfar\/","title":{"rendered":"Hva\u00f0a or\u00f0 nota konur um sig sj\u00e1lfar?"},"content":{"rendered":"<p>Me\u00f0al \u00feess sem \u00fearf a\u00f0 huga a\u00f0 \u00ed umr\u00e6\u00f0u um m\u00e1l og kyn er hvernig f\u00f3lk talar um sig sj\u00e1lft. Tala karlmenn um sig sem <em>menn<\/em> e\u00f0a <em>karla<\/em>? Tala konur um sig sem <em>menn<\/em> e\u00f0a <em>konur<\/em> \u2013 e\u00f0a <em>manneskjur<\/em>? \u00c9g sko\u00f0a\u00f0i \u00feetta svol\u00edti\u00f0 \u00ed <em>Risam\u00e1lheildinni<\/em> sem hefur a\u00f0 geyma 1,64 milljar\u00f0a or\u00f0a \u00far fj\u00f6lbreyttum textum, n\u00e6r \u00f6llum fr\u00e1 \u00feessari \u00f6ld. \u00c9g leita\u00f0i a\u00f0 samb\u00f6ndunum <em>\u00c9g er mikill ___ma\u00f0ur<\/em> og <em>\u00c9g er mikil ___manneskja <\/em>\u00fear sem ___ stendur fyrir hva\u00f0a fyrripart sem er, og sko\u00f0a\u00f0i kyn m\u00e6landans \u2013 langoftast er h\u00e6gt a\u00f0 komast a\u00f0 \u00fev\u00ed me\u00f0 \u00fev\u00ed a\u00f0 sko\u00f0a textana sem d\u00e6min eru \u00far. Til samanbur\u00f0ar sko\u00f0a\u00f0i \u00e9g l\u00edka d\u00e6mi um <em>\u00c9g er mikill ___karl<\/em> og <em>\u00c9g er mikil ___kona<\/em>.<\/p>\n<p>Setningar af \u00feessu tagi eru heppilegar vegna \u00feess a\u00f0 l\u00fdsingaror\u00f0i\u00f0 <em>mikil<\/em>(<em>l<\/em>) tryggir a\u00f0 \u00ed \u00feeim felst oftast sj\u00e1lfsl\u00fdsing. \u00dearna er ekki um a\u00f0 r\u00e6\u00f0a fastm\u00f3ta\u00f0 starfs- e\u00f0a hlutverksheiti eins og <em>al\u00feingisma\u00f0ur<\/em>, <em>sj\u00f3ma\u00f0ur<\/em>, <em>forma\u00f0ur<\/em> e\u00f0a eitthva\u00f0 sl\u00edkt, heldur mat f\u00f3lks \u00e1 d\u00e6miger\u00f0um eiginleika s\u00ednum. \u00dev\u00ed eru \u00feessi or\u00f0 oft frekar sjaldg\u00e6f og jafnvel einnota. \u00dea\u00f0 reyndust vera 213 d\u00e6mi um <em>\u00c9g er mikill ___ma\u00f0ur<\/em> \u00ed safninu. \u00dear af var kona m\u00e6landi \u00ed 25 d\u00e6mum og af \u00feeim voru 15 \u00far Al\u00feingisr\u00e6\u00f0um sem \u00fe\u00f3 eru a\u00f0eins 13,5% af heildartextamagninu. Um sambandi\u00f0 <em>\u00c9g er mikil ___manneskja<\/em> var 51 d\u00e6mi og kona m\u00e6landi \u00ed \u00f6llum tilvikum. Um <em>\u00c9g er mikil ___kona<\/em> voru svo 24 d\u00e6mi en a\u00f0eins fj\u00f6gur um <em>\u00c9g er mikill ___karl<\/em>.<\/p>\n<p>\u00dea\u00f0 er athyglisvert a\u00f0 af \u00feeim 25 d\u00e6mum um samsetningar me\u00f0 -<em>ma\u00f0ur <\/em>sem konurnar notu\u00f0u voru 12 um or\u00f0i\u00f0 <em>talsma\u00f0ur<\/em> og 7 um or\u00f0i\u00f0 <em>stu\u00f0ningsma\u00f0ur<\/em>. \u00deessi or\u00f0 eru einmitt \u00f3d\u00e6miger\u00f0 fyrir or\u00f0 \u00ed \u00feessari setningager\u00f0, a.m.k. <em>talsma\u00f0ur<\/em> \u2013 t\u00e1kna hlutverk fremur en vera sj\u00e1lfsl\u00fdsing. A\u00f0 auki er ekki h\u00e6gt a\u00f0 vera bara\u00a0<em>talsma\u00f0ur\u00a0<\/em>e\u00f0a\u00a0<em>stu\u00f0ningsma\u00f0ur<\/em>, heldur ver\u00f0ur eitthva\u00f0 meira a\u00f0 fylgja. \u00deetta s\u00fdnir gl\u00f6ggt a\u00f0 konur nota sjaldnast samsetningar me\u00f0 <em>-ma\u00f0ur<\/em> \u00feegar \u00fe\u00e6r l\u00fdsa sj\u00e1lfum s\u00e9r. Ef vi\u00f0 sleppum <em>talsma\u00f0ur<\/em> og <em>stu\u00f0ningsma\u00f0ur<\/em> eru sex d\u00e6mi um a\u00f0 konur noti samsetningar me\u00f0 <em>-ma\u00f0ur<\/em>, 51 d\u00e6mi um a\u00f0 konur noti samsetningar me\u00f0 <em>-manneskja<\/em>, og 21 d\u00e6mi um a\u00f0 konur noti samsetningar me\u00f0 <em>-kona<\/em>.<\/p>\n<p>Samkv\u00e6mt \u00feessu er <em>ma\u00f0ur<\/em> ekki heppilegt sem kynhlutlaust or\u00f0 \u2013 og <em>manneskja<\/em> ekki heldur.<\/p>\n","protected":false},"excerpt":{"rendered":"<p>Me\u00f0al \u00feess sem \u00fearf a\u00f0 huga a\u00f0 \u00ed umr\u00e6\u00f0u um m\u00e1l og kyn er hvernig f\u00f3lk talar um sig sj\u00e1lft. Tala karlmenn um sig sem menn e\u00f0a karla? Tala konur um sig sem menn e\u00f0a konur \u2013 e\u00f0a manneskjur? \u00c9g sko\u00f0a\u00f0i \u00feetta svol\u00edti\u00f0 \u00ed Risam\u00e1lheildinni sem hefur a\u00f0 geyma 1,64 milljar\u00f0a or\u00f0a \u00far fj\u00f6lbreyttum textum, [&hellip;]<\/p>\n","protected":false},"author":141,"featured_media":0,"comment_status":"open","ping_status":"open","sticky":false,"template":"","format":"standard","meta":{"footnotes":""},"categories":[158635],"tags":[],"class_list":["post-4086","post","type-post","status-publish","format-standard","hentry","category-malfar"],"_links":{"self":[{"href":"https:\/\/uni.hi.is\/eirikur\/wp-json\/wp\/v2\/posts\/4086","targetHints":{"allow":["GET"]}}],"collection":[{"href":"https:\/\/uni.hi.is\/eirikur\/wp-json\/wp\/v2\/posts"}],"about":[{"href":"https:\/\/uni.hi.is\/eirikur\/wp-json\/wp\/v2\/types\/post"}],"author":[{"embeddable":true,"href":"https:\/\/uni.hi.is\/eirikur\/wp-json\/wp\/v2\/users\/141"}],"replies":[{"embeddable":true,"href":"https:\/\/uni.hi.is\/eirikur\/wp-json\/wp\/v2\/comments?post=4086"}],"version-history":[{"count":4,"href":"https:\/\/uni.hi.is\/eirikur\/wp-json\/wp\/v2\/posts\/4086\/revisions"}],"predecessor-version":[{"id":4573,"href":"https:\/\/uni.hi.is\/eirikur\/wp-json\/wp\/v2\/posts\/4086\/revisions\/4573"}],"wp:attachment":[{"href":"https:\/\/uni.hi.is\/eirikur\/wp-json\/wp\/v2\/media?parent=4086"}],"wp:term":[{"taxonomy":"category","embeddable":true,"href":"https:\/\/uni.hi.is\/eirikur\/wp-json\/wp\/v2\/categories?post=4086"},{"taxonomy":"post_tag","embeddable":true,"href":"https:\/\/uni.hi.is\/eirikur\/wp-json\/wp\/v2\/tags?post=4086"}],"curies":[{"name":"wp","href":"https:\/\/api.w.org\/{rel}","templated":true}]}}