{"id":4131,"date":"2022-02-19T14:08:08","date_gmt":"2022-02-19T14:08:08","guid":{"rendered":"https:\/\/uni.hi.is\/eirikur\/?p=4131"},"modified":"2022-02-19T14:08:08","modified_gmt":"2022-02-19T14:08:08","slug":"thaverandi-eda-thaverdandi","status":"publish","type":"post","link":"https:\/\/uni.hi.is\/eirikur\/2022\/02\/19\/thaverandi-eda-thaverdandi\/","title":{"rendered":"\u00de\u00e1verandi e\u00f0a \u00fe\u00e1ver\u00f0andi?"},"content":{"rendered":"<p>\u00cd dag s\u00e1 \u00e9g \u00ed bla\u00f0i augl\u00fdsingu um skr\u00e1ningu \u00e1 vi\u00f0bur\u00f0 sem \u00e1 a\u00f0 fara fram \u00ed mars. \u00cd augl\u00fdsingunni st\u00f3\u00f0: \u201eTeki\u00f0 ver\u00f0ur mi\u00f0 af \u00fe\u00e1verandi s\u00f3ttvarnarreglum hva\u00f0 fj\u00f6lda gesta \u00ed sal var\u00f0ar.\u201c \u00c9g staldra\u00f0i vi\u00f0 or\u00f0i\u00f0 <em>\u00fe\u00e1verandi<\/em>. \u00dea\u00f0 er svo sem auglj\u00f3st hva\u00f0 \u00fea\u00f0 merkir \u00ed \u00feessu samhengi \u2013 sem s\u00e9 \u00fe\u00e6r reglur sem ver\u00f0a \u00ed gildi \u00feegar vi\u00f0bur\u00f0urinn fer fram, hverjar sem \u00fe\u00e6r ver\u00f0a. En er h\u00e6gt a\u00f0 nota or\u00f0i\u00f0 <em>\u00fe\u00e1verandi <\/em>\u00e1 \u00feennan h\u00e1tt?<\/p>\n<p>Sk\u00fdringin \u00e1 <em>\u00fe\u00e1verandi<\/em> \u00ed <em>\u00cdslenskri n\u00fat\u00edmam\u00e1lsor\u00f0ab\u00f3k <\/em>er '\u00ed st\u00f6\u00f0u e\u00f0a hlutverki \u00e1 vissum t\u00edma, sem n\u00fa er li\u00f0inn'. \u00deetta held \u00e9g a\u00f0 samr\u00e6mist venjulegri notkun or\u00f0sins \u2013 \u00fea\u00f0 v\u00edsar til \u00feess sem er li\u00f0i\u00f0 eins og or\u00f0i\u00f0 <em>\u00fe\u00e1 <\/em>gerir venjulega \u00ed samsetningum. Vi\u00f0 erum ekki \u00ed vafa um a\u00f0 <em>\u00fe\u00e1t\u00ed\u00f0 <\/em>v\u00edsar til li\u00f0ins t\u00edma og sama held \u00e9g a\u00f0 gildi um <em>\u00fe\u00e1gildandi<\/em>, <em>\u00fe\u00e1lifandi<\/em>, <em>\u00fe\u00e1\u00fer\u00e1<\/em> og fleiri or\u00f0. \u00cd <em>\u00cdslenskri or\u00f0ab\u00f3k<\/em> er atviksor\u00f0i\u00f0 <em>\u00fe\u00e1<\/em> sk\u00fdrt '\u00e1 \u00feeirri stund, \u00ed \u00fea\u00f0 skipti\u00f0 (einkum um li\u00f0inn t\u00edma)'.<\/p>\n<p>En \u00fe\u00f3tt <em>\u00fe\u00e1<\/em> vir\u00f0ist oft tengjast li\u00f0num t\u00edma \u00ed huga m\u00e1lnotenda getur \u00fea\u00f0 au\u00f0vita\u00f0 v\u00edsa\u00f0 til \u00f3komins t\u00edma l\u00edka. \u00c9g get t.d. sagt <em>\u00e9g var\u00f0 fimmtugur \u00e1ri\u00f0 2005 og <strong>\u00fe\u00e1<\/strong> h\u00e9lt \u00e9g veislu<\/em> en einnig <em>\u00e9g ver\u00f0 sj\u00f6tugur \u00e1ri\u00f0 2025 og <strong>\u00fe\u00e1<\/strong> \u00e6tla \u00e9g a\u00f0 halda veislu<\/em>. Er \u00fe\u00e1 nokku\u00f0 a\u00f0 \u00fev\u00ed a\u00f0 nota <em>\u00fe\u00e1verandi<\/em> um \u00f3kominn t\u00edma \u00feegar samhengi\u00f0 s\u00fdnir gl\u00f6gglega a\u00f0 ekki er v\u00edsa\u00f0 til li\u00f0ins t\u00edma eins og \u00ed d\u00e6minu sem \u00e9g nefndi \u00ed upphafi? V\u00e6ri s\u00fa notkun ekki fullkomlega r\u00f6kr\u00e9tt?<\/p>\n<p>J\u00fa, vissulega v\u00e6ri h\u00fan \u00fea\u00f0. En eins og h\u00e9r hefur oft veri\u00f0 l\u00f6g\u00f0 \u00e1hersla \u00e1 er tungum\u00e1li\u00f0 alls ekki alltaf \u201er\u00f6kr\u00e9tt\u201c \u2013 og \u00e1 ekki a\u00f0 vera \u00fea\u00f0. \u00dea\u00f0 sem h\u00e9r skiptir m\u00e1li er a\u00f0 \u00feessi notkun or\u00f0sins sty\u00f0st ekki vi\u00f0 m\u00e1lvenju. \u00dea\u00f0 er m\u00e1lvenja a\u00f0 <em>\u00fe\u00e1verandi<\/em> v\u00edsi til li\u00f0ins t\u00edma og e\u00f0lilegt og \u00e6skilegt a\u00f0 halda sig vi\u00f0 \u00fea\u00f0. Finnist f\u00f3lki \u00e6skilegt a\u00f0 hafa s\u00e9rstakt or\u00f0 fyrir \u00fe\u00e1 merkingu sem um er a\u00f0 r\u00e6\u00f0a \u00ed \u00e1\u00f0urnefndri augl\u00fdsingu k\u00e6mi alveg til greina a\u00f0 b\u00faa til or\u00f0i\u00f0 <em>\u00fe\u00e1ver<strong>\u00f0<\/strong>andi <\/em>til a\u00f0 n\u00e1 henni.<\/p>\n","protected":false},"excerpt":{"rendered":"<p>\u00cd dag s\u00e1 \u00e9g \u00ed bla\u00f0i augl\u00fdsingu um skr\u00e1ningu \u00e1 vi\u00f0bur\u00f0 sem \u00e1 a\u00f0 fara fram \u00ed mars. \u00cd augl\u00fdsingunni st\u00f3\u00f0: \u201eTeki\u00f0 ver\u00f0ur mi\u00f0 af \u00fe\u00e1verandi s\u00f3ttvarnarreglum hva\u00f0 fj\u00f6lda gesta \u00ed sal var\u00f0ar.\u201c \u00c9g staldra\u00f0i vi\u00f0 or\u00f0i\u00f0 \u00fe\u00e1verandi. \u00dea\u00f0 er svo sem auglj\u00f3st hva\u00f0 \u00fea\u00f0 merkir \u00ed \u00feessu samhengi \u2013 sem s\u00e9 \u00fe\u00e6r reglur sem [&hellip;]<\/p>\n","protected":false},"author":141,"featured_media":0,"comment_status":"open","ping_status":"open","sticky":false,"template":"","format":"standard","meta":{"footnotes":""},"categories":[158635],"tags":[],"class_list":["post-4131","post","type-post","status-publish","format-standard","hentry","category-malfar"],"_links":{"self":[{"href":"https:\/\/uni.hi.is\/eirikur\/wp-json\/wp\/v2\/posts\/4131","targetHints":{"allow":["GET"]}}],"collection":[{"href":"https:\/\/uni.hi.is\/eirikur\/wp-json\/wp\/v2\/posts"}],"about":[{"href":"https:\/\/uni.hi.is\/eirikur\/wp-json\/wp\/v2\/types\/post"}],"author":[{"embeddable":true,"href":"https:\/\/uni.hi.is\/eirikur\/wp-json\/wp\/v2\/users\/141"}],"replies":[{"embeddable":true,"href":"https:\/\/uni.hi.is\/eirikur\/wp-json\/wp\/v2\/comments?post=4131"}],"version-history":[{"count":1,"href":"https:\/\/uni.hi.is\/eirikur\/wp-json\/wp\/v2\/posts\/4131\/revisions"}],"predecessor-version":[{"id":4132,"href":"https:\/\/uni.hi.is\/eirikur\/wp-json\/wp\/v2\/posts\/4131\/revisions\/4132"}],"wp:attachment":[{"href":"https:\/\/uni.hi.is\/eirikur\/wp-json\/wp\/v2\/media?parent=4131"}],"wp:term":[{"taxonomy":"category","embeddable":true,"href":"https:\/\/uni.hi.is\/eirikur\/wp-json\/wp\/v2\/categories?post=4131"},{"taxonomy":"post_tag","embeddable":true,"href":"https:\/\/uni.hi.is\/eirikur\/wp-json\/wp\/v2\/tags?post=4131"}],"curies":[{"name":"wp","href":"https:\/\/api.w.org\/{rel}","templated":true}]}}