{"id":4297,"date":"2022-05-14T15:42:08","date_gmt":"2022-05-14T15:42:08","guid":{"rendered":"https:\/\/uni.hi.is\/eirikur\/?p=4297"},"modified":"2022-05-14T15:52:37","modified_gmt":"2022-05-14T15:52:37","slug":"islensk-malnefnd","status":"publish","type":"post","link":"https:\/\/uni.hi.is\/eirikur\/2022\/05\/14\/islensk-malnefnd\/","title":{"rendered":"\u00cdslensk m\u00e1lnefnd"},"content":{"rendered":"<p><a href=\"http:\/\/islenskan.is\/?fbclid=IwAR3ksMEwzmbSBINvvjK56Ivyjd24jEM7_Eta3QCoNhFyPC9ImCYvymZlSpc\">\u00cdslensk m\u00e1lnefnd<\/a> var stofnu\u00f0 \u00e1ri\u00f0 1964. Hlutverk hennar er samkv\u00e6mt <a href=\"https:\/\/l.facebook.com\/l.php?u=https%3A%2F%2Fwww.althingi.is%2Faltext%2Fstjt%2F2011.061.html%3Ffbclid%3DIwAR1EcV9_JLkhcNNzT01bfNawDV1WDw44vGeFSJjPXX0of-qzrKJ0IAmTTXU&amp;h=AT1MMu41e3UwuynsDVkooPrNkCcxsAjFYwQY9BAOy-QqjQmSQzzcY40rcboBGS_NERfdVhsmkLNlBXg_RLuYhwMmt-Gh_7EEJwqO6NZmtTQ9OknObH4wTFZQ3zUaR9KvoA&amp;__tn__=-UK-R&amp;c%5b0%5d=AT08CMCqbecP34lFuQxqKId7dRqA2RUWY3qI6E6y8dYXRaV-MC65pHWufpEqXNqBdGpkhkwwpd_CKo1PThD99CiIg3oj_T-72lrpBiaFmNlLtbIcmxrN1xbAwAvaRLOvSTCoHRt8OnIUUkbS2P4xTg6YzMYoLNNom0ca0D2f3i6aXggNMWoM9KaplWwvmzqnBKRdZcDvBd0\">l\u00f6gum<\/a> \u201ea\u00f0 veita stj\u00f3rnv\u00f6ldum r\u00e1\u00f0gj\u00f6f um m\u00e1lefni \u00edslenskrar tungu \u00e1 fr\u00e6\u00f0ilegum grundvelli og gera till\u00f6gur til r\u00e1\u00f0herra um m\u00e1lstefnu, auk \u00feess a\u00f0 \u00e1lykta \u00e1rlega um st\u00f6\u00f0u \u00edslenskrar tungu\u201c. Nefndina skipu\u00f0u upphaflega \u00fer\u00edr og s\u00ed\u00f0ar fimm menn, allt h\u00e1sk\u00f3lakennarar \u00ed \u00edslensku e\u00f0a akadem\u00edskir starfsmenn ranns\u00f3knastofnana. \u00c1ri\u00f0 1989 var nefndin st\u00e6kku\u00f0 a\u00f0 mun \u00ed \u00feeim tilgangi a\u00f0 f\u00e1 inn fleiri sj\u00f3narmi\u00f0, og \u00ed hana b\u00e6tt fulltr\u00faum \u00fdmissa hagsmunaa\u00f0ila. Vegna st\u00e6r\u00f0ar nefndarinnar \u00fe\u00f3tti \u00fe\u00e1 nau\u00f0synlegt a\u00f0 h\u00fan kysi s\u00e9r s\u00e9rstaka fimm manna stj\u00f3rn. \u00deetta skipulag stendur enn, \u00fe\u00f3tt sm\u00e1v\u00e6gilegar breytingar hafi veri\u00f0 ger\u00f0ar \u00e1 fj\u00f6lda nefndarmanna og tilnefningara\u00f0ilum.<\/p>\n<p>\u00cd fullskipa\u00f0ri m\u00e1lnefnd sitja n\u00fa <a href=\"https:\/\/l.facebook.com\/l.php?u=http%3A%2F%2Fislenskan.is%2Fum-islenska-malnefnd%3Ffbclid%3DIwAR3p2RAi1lTdd9SdgPdSydSgmst8FKd2_9YwKjEMPvk3WRFmP21zg7Hh19Y&amp;h=AT2d96xXwR53HAJ7Oy-WWyx7iTm42IwFY4HaCR5gSFyfKxVukCM1ShAIcudAb5ZnLQZv6nFWqHrS2vO7HhgobYrlJ4Msy-oW_QlJRy3pQVzAi7jIx5HYQwFtVGXB6pHVvw&amp;__tn__=-UK-R&amp;c%5b0%5d=AT08CMCqbecP34lFuQxqKId7dRqA2RUWY3qI6E6y8dYXRaV-MC65pHWufpEqXNqBdGpkhkwwpd_CKo1PThD99CiIg3oj_T-72lrpBiaFmNlLtbIcmxrN1xbAwAvaRLOvSTCoHRt8OnIUUkbS2P4xTg6YzMYoLNNom0ca0D2f3i6aXggNMWoM9KaplWwvmzqnBKRdZcDvBd0\">16 manns<\/a>. T\u00edu \u00feeirra eru fulltr\u00faar f\u00e9laga og stofnana sem vinna me\u00f0 \u00edslenskt m\u00e1l \u00e1 einn e\u00f0a annan h\u00e1tt. \u00deetta eru R\u00edkis\u00fatvarpi\u00f0, \u00dej\u00f3\u00f0leikh\u00fasi\u00f0, Samt\u00f6k m\u00f3\u00f0urm\u00e1lskennara, Rit\u00adh\u00f6f\u00adunda\u00adsamband \u00cdslands, Bla\u00f0amannaf\u00e9lag \u00cdslands, \u00cd\u00f0or\u00f0af\u00e9lagi\u00f0 (fyrir h\u00f6nd or\u00f0anefnda), Banda\u00adlag \u00fe\u00fd\u00f0enda og t\u00falka, Sta\u00f0lar\u00e1\u00f0 \u00cdslands, Uppl\u00fdsing (f\u00e9lag b\u00f3kasafns- og uppl\u00fdsingafr\u00e6\u00f0inga) og Hag\u00feenkir. A\u00f0 auki er fulltr\u00fai Sambands \u00edslenskra sveitarf\u00e9\u00adlaga og fulltr\u00fai skipa\u00f0ur \u00far h\u00f3pi innflytjenda, tveir fulltr\u00faar samstarfsnefndar h\u00e1sk\u00f3lastigsins, og svo forma\u00f0ur og varaforma\u00f0ur skipa\u00f0ir af r\u00e1\u00f0herra. 14 af 16 nefndarm\u00f6nnum n\u00fa eru me\u00f0 einhverja h\u00e1sk\u00f3lamenntun \u00ed \u00edslensku.<\/p>\n<p>\u00deetta skipulag endurspeglar \u00farelt vi\u00f0horf til tungum\u00e1lsins og hverjum \u00fea\u00f0 komi vi\u00f0. \u00dea\u00f0 m\u00e1 segja a\u00f0 n\u00e6stum allir nefndarmenn s\u00e9u fulltr\u00faar \u201eframlei\u00f0enda\u201c (e\u00f0a \u201eeigenda\u201c) tungum\u00e1lsins, f\u00f3lks sem hefur atvinnu af \u00fev\u00ed a\u00f0 vinna me\u00f0 \u00edslenskt m\u00e1l, en fulltr\u00faa \u201eneytenda\u201c m\u00e1lsins, almennra m\u00e1lnotenda, vanti n\u00e6r algerlega \u00ed nefndina. \u00dev\u00ed ver\u00f0ur a\u00f0 breyta. \u00dea\u00f0 m\u00e6tti hugsa s\u00e9r a\u00f0 \u00ed henni v\u00e6ru t.d. fulltr\u00faar samtaka atvinnurekenda og launaf\u00f3lks, \u00d6r\u00adyrkja\u00adbandalagsins, Samtakanna \u00b478, Kvenr\u00e9ttindaf\u00e9lagsins, \u00cd\u00fer\u00f3ttasambands \u00cdslands, Heimilis og sk\u00f3la, Lands\u00adsam\u00adtaka \u00edslenskra st\u00fadenta, Sambands \u00edslenskra framhaldssk\u00f3lanema og Samtaka P\u00f3l\u00adverja \u00e1 \u00cds\u00adlandi. \u00dear me\u00f0 v\u00e6ru komnir jafnmargir fulltr\u00faar \u201eneytenda\u201c og \u201eframlei\u00f0enda\u201c \u00ed nefndina.<\/p>\n<p>Nefndin v\u00e6ri \u00fe\u00e1 or\u00f0in 25 manna. Sl\u00edk nefnd er vitaskuld of st\u00f3r til a\u00f0 h\u00e6gt s\u00e9 a\u00f0 gera r\u00e1\u00f0 fyrir a\u00f0 h\u00fan fundi oft e\u00f0a fundir hennar ver\u00f0i skil\u00advirkir. Hins vegar by\u00f0i \u00feessi skipan upp \u00e1 a\u00f0 nefndinni yr\u00f0i skipt \u00ed undirnefndir \u00fear sem fj\u00f6l\u00adbreytt sj\u00f3narmi\u00f0 fengju a\u00f0 nj\u00f3ta s\u00edn \u00ed hverri nefnd. \u00deetta g\u00e6tu t.d. veri\u00f0 fimm nefndir sem hver v\u00e6ri skipu\u00f0 fimm manns og fj\u00f6llu\u00f0u um mismunandi vi\u00f0fangsefni. Ein nefndin g\u00e6ti fjalla\u00f0 um st\u00f6\u00f0u \u00edslenskunnar og \u00edslenskan m\u00e1lsta\u00f0al, \u00f6nnur um sk\u00f3lam\u00e1l og m\u00e1lefni ungs f\u00f3lks, s\u00fa \u00feri\u00f0ja um m\u00e1lefni fj\u00f6lmi\u00f0la og atvinnul\u00edfs, s\u00fa fj\u00f3r\u00f0a um m\u00e1l og mannr\u00e9ttindi me\u00f0 s\u00e9rst\u00f6ku tilliti til vi\u00f0kv\u00e6mra h\u00f3pa eins og samkynhneig\u00f0ra og fatla\u00f0s f\u00f3lks, og s\u00fa fimmta um \u00edslensku sem anna\u00f0 m\u00e1l og m\u00e1lefni innflytjenda.<\/p>\n<p>Formenn nefndanna fimm g\u00e6tu s\u00ed\u00f0an mynda\u00f0 stj\u00f3rn \u00cdslenskrar m\u00e1lnefndar. Til greina k\u00e6mi a\u00f0 endurra\u00f0a \u00ed undirnefndirnar \u00e1 hverju \u00e1ri e\u00f0a anna\u00f0 hvert \u00e1r og mikil\u00adv\u00e6gt v\u00e6ri a\u00f0 ra\u00f0a \u00ed nefndirnar eftir \u00feekkingu e\u00f0a \u00e1huga \u00e1 vi\u00f0fangsefni \u00feeirra, en jafn\u00adframt \u00feyrfti a\u00f0 g\u00e6ta \u00feess a\u00f0 mismunandi sj\u00f3narmi\u00f0 fengju a\u00f0 nj\u00f3ta s\u00edn \u00ed \u00f6llum nefndum. \u00c9g er sannf\u00e6r\u00f0ur um a\u00f0 \u00feessi nefndarskipun g\u00e6ti h\u00f6f\u00f0a\u00f0 betur til almennra m\u00e1lnotenda en s\u00fa sem n\u00fa er, a\u00f0 n\u00faverandi nefndarf\u00f3lki \u00f3l\u00f6stu\u00f0u. M\u00e1lnefndin \u00e1 sextugsafm\u00e6li eftir tv\u00f6 \u00e1r, 2024 \u2013 \u00fea\u00f0 v\u00e6ri g\u00f3\u00f0 afm\u00e6lisgj\u00f6f til hennar og \u00edslenskra m\u00e1lnotenda a\u00f0 n\u00fd l\u00f6g um nefndina t\u00e6kju gildi \u00e1 afm\u00e6lis\u00e1rinu.<\/p>\n","protected":false},"excerpt":{"rendered":"<p>\u00cdslensk m\u00e1lnefnd var stofnu\u00f0 \u00e1ri\u00f0 1964. Hlutverk hennar er samkv\u00e6mt l\u00f6gum \u201ea\u00f0 veita stj\u00f3rnv\u00f6ldum r\u00e1\u00f0gj\u00f6f um m\u00e1lefni \u00edslenskrar tungu \u00e1 fr\u00e6\u00f0ilegum grundvelli og gera till\u00f6gur til r\u00e1\u00f0herra um m\u00e1lstefnu, auk \u00feess a\u00f0 \u00e1lykta \u00e1rlega um st\u00f6\u00f0u \u00edslenskrar tungu\u201c. Nefndina skipu\u00f0u upphaflega \u00fer\u00edr og s\u00ed\u00f0ar fimm menn, allt h\u00e1sk\u00f3lakennarar \u00ed \u00edslensku e\u00f0a akadem\u00edskir starfsmenn ranns\u00f3knastofnana. \u00c1ri\u00f0 [&hellip;]<\/p>\n","protected":false},"author":141,"featured_media":0,"comment_status":"open","ping_status":"open","sticky":false,"template":"","format":"standard","meta":{"footnotes":""},"categories":[158635],"tags":[],"class_list":["post-4297","post","type-post","status-publish","format-standard","hentry","category-malfar"],"_links":{"self":[{"href":"https:\/\/uni.hi.is\/eirikur\/wp-json\/wp\/v2\/posts\/4297","targetHints":{"allow":["GET"]}}],"collection":[{"href":"https:\/\/uni.hi.is\/eirikur\/wp-json\/wp\/v2\/posts"}],"about":[{"href":"https:\/\/uni.hi.is\/eirikur\/wp-json\/wp\/v2\/types\/post"}],"author":[{"embeddable":true,"href":"https:\/\/uni.hi.is\/eirikur\/wp-json\/wp\/v2\/users\/141"}],"replies":[{"embeddable":true,"href":"https:\/\/uni.hi.is\/eirikur\/wp-json\/wp\/v2\/comments?post=4297"}],"version-history":[{"count":2,"href":"https:\/\/uni.hi.is\/eirikur\/wp-json\/wp\/v2\/posts\/4297\/revisions"}],"predecessor-version":[{"id":4299,"href":"https:\/\/uni.hi.is\/eirikur\/wp-json\/wp\/v2\/posts\/4297\/revisions\/4299"}],"wp:attachment":[{"href":"https:\/\/uni.hi.is\/eirikur\/wp-json\/wp\/v2\/media?parent=4297"}],"wp:term":[{"taxonomy":"category","embeddable":true,"href":"https:\/\/uni.hi.is\/eirikur\/wp-json\/wp\/v2\/categories?post=4297"},{"taxonomy":"post_tag","embeddable":true,"href":"https:\/\/uni.hi.is\/eirikur\/wp-json\/wp\/v2\/tags?post=4297"}],"curies":[{"name":"wp","href":"https:\/\/api.w.org\/{rel}","templated":true}]}}