{"id":4326,"date":"2022-06-13T14:31:01","date_gmt":"2022-06-13T14:31:01","guid":{"rendered":"https:\/\/uni.hi.is\/eirikur\/?p=4326"},"modified":"2022-06-13T14:31:01","modified_gmt":"2022-06-13T14:31:01","slug":"henni-var-brunad-upp-a-svid","status":"publish","type":"post","link":"https:\/\/uni.hi.is\/eirikur\/2022\/06\/13\/henni-var-brunad-upp-a-svid\/","title":{"rendered":"Henni var bruna\u00f0 upp \u00e1 svi\u00f0"},"content":{"rendered":"<p>\u00cd <a href=\"https:\/\/www.mbl.is\/frettir\/innlent\/2022\/06\/11\/send_med_einkavel_til_ad_troda_upp_a_kvoldvokunni\/?fbclid=IwAR0-dMknHNRr47vv11mf14R8-jD8Y3dRbrkKRQ5LWQ8SgSvFVph271371Do\">fr\u00e1s\u00f6gn<\/a> af fer\u00f0 s\u00f6ngkonunnar Br\u00edetar til Vestmannaeyja rakst \u00e9g \u00e1 setninguna \u201eHenni var bruna\u00f0 af flugvellinum og beint upp \u00e1 svi\u00f0.\u201c M\u00e9r fannst \u00feetta athyglisvert \u00fev\u00ed a\u00f0 \u00feetta er ekki venjuleg notkun sagnarinnar <em>bruna<\/em>. Sambandi\u00f0 <em>henni var bruna\u00f0<\/em> l\u00edtur \u00fat eins og \u00feolmynd af germyndinni (<em>einhver<\/em>) <em>bruna\u00f0i henni<\/em>, \u00fear sem <em>henni<\/em> er andlag \u00ed \u00fe\u00e1gufalli. En <em>bruna<\/em> er venjulega \u00e1hrifslaus, tekur ekki me\u00f0 s\u00e9r andlag \u2013 vi\u00f0 segjum <em>b\u00edllinn brunar<\/em> en yfirleitt ekki <em>h\u00fan bruna\u00f0i b\u00edlnum<\/em> e\u00f0a <em>\u00e9g bruna\u00f0i henni \u00ed b\u00e6inn<\/em>. Einst\u00f6ku sl\u00edk d\u00e6mi eru \u00fe\u00f3 til.<\/p>\n<p>\u00cd <em>V\u00ed\u00f0f\u00f6rla <\/em>1982 segir \u201eHann t\u00f3k b\u00edlinn og bruna\u00f0i honum eftir bor\u00f0inu\u201c og \u00ed <em>DV<\/em> 1985 segir \u201eH\u00fan t\u00f3k \u00fev\u00ed or\u00f0alaust \u00ed handf\u00f6ngin \u00e1 st\u00f3lnum og bruna\u00f0i honum \u00fat \u00e1 gang\u201c. \u00c1 netinu m\u00e1 finna germyndard\u00e6mi eins og \u201emamman \u00fat \u00e1 n\u00e6rf\u00f6tunum og me\u00f0 verkjapillurnar \u00ed hendinni og bruna\u00f0i henni \u00ed laugina\u201c, og \u00feolmyndard\u00e6mi eins og \u201evi\u00f0 fengum ofbo\u00f0slega stuttan t\u00edma me\u00f0 henni \u00e1\u00f0ur en henni var bruna\u00f0 upp \u00e1 V\u00f6kudeild\u201c, \u201eHonum var bruna\u00f0 \u00e1 a\u00f0ger\u00f0arbor\u00f0i\u00f0 hi\u00f0 snarasta og reynt a\u00f0 laga vandam\u00e1li\u00f0\u201c og \u201eB\u00edlnum var bruna\u00f0 \u00fat a\u00f0 S\u00f6gade \u00fear sem hann beyg\u00f0i til h\u00e6gri e\u00f0a \u00ed austur\u201c.<\/p>\n<p>\u00dea\u00f0 eru sem s\u00e9 til b\u00e6\u00f0i d\u00e6mi um a\u00f0 <em>bruna b\u00edl<\/em> og <em>bruna f\u00f3lki<\/em>, \u00fe.e. 'bruna me\u00f0 f\u00f3lk \u00ed b\u00edl'. \u00deetta er hli\u00f0st\u00e6tt vi\u00f0 a\u00f0 b\u00e6\u00f0i er h\u00e6gt a\u00f0 tala um a\u00f0 <em>aka b\u00edl<\/em> og <em>aka f\u00f3lki<\/em>, <em>keyra b\u00edl<\/em> og <em>keyra f\u00f3lk<\/em>(<em>i<\/em>) \u2013 og l\u00edka <em>flj\u00faga flugv\u00e9l <\/em>og <em>flj\u00faga far\u00feegum<\/em>. \u00dearna er \u00e1hrifslausa s\u00f6gnin <em>bruna <\/em>ger\u00f0 a\u00f0 \u00e1hrifss\u00f6gn. Sl\u00edkt er ekki einsd\u00e6mi. S\u00f6gnin <em>streyma<\/em> var t.d. <a href=\"https:\/\/uni.hi.is\/eirikur\/2020\/08\/13\/streyma\/?fbclid=IwAR0aKtiyfnnFj-5JGPRyQ6MBgkV3YjgpLQQeYYC1NwTtktiVSQFyuhc1jms\">\u00e1hrifslaus<\/a> til skamms t\u00edma \u2013 <em>\u00e1in streymir<\/em>, en \u00fea\u00f0 er enginn sem <em>streymir \u00e1nni<\/em>. En \u00e1 s\u00ed\u00f0ustu \u00e1rum hefur merking sagnarinnar v\u00edkka\u00f0 \u00fat og h\u00fan fengi\u00f0 andlag \u2013 n\u00fa er tala\u00f0 um a\u00f0 <em>streyma kvikmyndum<\/em>, <em>streyma fundum<\/em> o.s.frv., \u00e1n \u00feess a\u00f0 ger\u00f0ar s\u00e9u athugasemdir vi\u00f0 \u00fea\u00f0.<\/p>\n<p>Enn n\u00e6rt\u00e6kara er a\u00f0 taka d\u00e6mi af s\u00f6gninni <em>flj\u00faga<\/em> sem til skamms t\u00edma var <a href=\"https:\/\/uni.hi.is\/eirikur\/2021\/09\/23\/ad-fljuga-farthegum\/?fbclid=IwAR0ab8A2pq4JKjhPjmCys_8EYPl7yXTvcQUjyOsKdMiOxFpAot3yB7WWzfc\">\u00e1hrifslaus<\/a> og t\u00f3k ekki me\u00f0 s\u00e9r neitt andlag, a\u00f0eins frumlag. <em>Fuglar flugu<\/em>, og <em>\u00f6rvar flugu<\/em>, en enginn <em>flaug fuglum<\/em> e\u00f0a <em>\u00f6rvum<\/em> e\u00f0a neinu \u00f6\u00f0ru. \u00dea\u00f0 var ekki fyrr en eftir tilkomu flugv\u00e9la \u00ed byrjun 20. aldar a\u00f0 \u00fe\u00f6rf skapa\u00f0ist \u00e1 a\u00f0 l\u00e1ta <em>flj\u00faga <\/em>f\u00e1 andlag. Elsta d\u00e6mi sem \u00e9g hef fundi\u00f0 um \u00fea\u00f0 er \u00ed <em>Dagsbr\u00fan <\/em>1917: \u201eV\u00e9linni var flogi\u00f0 \u00ed 1500 til 2000 metra h\u00e6\u00f0.\u201c \u00deessa merkingu sagnarinnar er ekki a\u00f0 finna \u00ed <em>\u00cdslensk-danskri or\u00f0ab\u00f3k<\/em> fr\u00e1 1920-1924. N\u00fa dettur au\u00f0vita\u00f0 engum \u00ed hug a\u00f0 nokku\u00f0 s\u00e9 athugavert vi\u00f0 a\u00f0 <em>flj\u00faga flugv\u00e9lum<\/em> \u00fe\u00f3tt stundum s\u00e9u reyndar ger\u00f0ar athugasemdir vi\u00f0 a\u00f0 <em>flj\u00faga far\u00feegum<\/em>.<\/p>\n<p>N\u00fdjungar eins og <em>henni var bruna\u00f0 upp \u00e1 svi\u00f0<\/em> og <em>hann bruna\u00f0i b\u00edlnum eftir bor\u00f0inu<\/em> eiga s\u00e9r \u00fev\u00ed sk\u00fdr ford\u00e6mi \u00ed heg\u00f0un annarra sagna \u00e1 svipu\u00f0u merkingarsvi\u00f0i og \u00fer\u00f3un sem hefur or\u00f0i\u00f0 \u00ed notkun annarra sagna. \u00c9g \u00e6tla ekki a\u00f0 m\u00e6la s\u00e9rstaklega me\u00f0 \u00feessum n\u00fdjungum e\u00f0a leggja til a\u00f0 f\u00f3lk taki \u00fe\u00e6r upp, og \u00e1 svo sem ekki von \u00e1 a\u00f0 \u00fe\u00e6r brei\u00f0ist \u00fat, en m\u00e9r finnst \u00feetta vera skemmtileg d\u00e6mi um skapandi m\u00e1lnotkun. Merking setninganna liggur \u00ed augum uppi og \u00e9g s\u00e9 ekki a\u00f0 \u00feessi v\u00edkkun \u00e1 notkunarsvi\u00f0i sagnarinnar <em>bruna <\/em>spilli m\u00e1linu \u00e1 nokkurn h\u00e1tt.<\/p>\n","protected":false},"excerpt":{"rendered":"<p>\u00cd fr\u00e1s\u00f6gn af fer\u00f0 s\u00f6ngkonunnar Br\u00edetar til Vestmannaeyja rakst \u00e9g \u00e1 setninguna \u201eHenni var bruna\u00f0 af flugvellinum og beint upp \u00e1 svi\u00f0.\u201c M\u00e9r fannst \u00feetta athyglisvert \u00fev\u00ed a\u00f0 \u00feetta er ekki venjuleg notkun sagnarinnar bruna. Sambandi\u00f0 henni var bruna\u00f0 l\u00edtur \u00fat eins og \u00feolmynd af germyndinni (einhver) bruna\u00f0i henni, \u00fear sem henni er andlag \u00ed [&hellip;]<\/p>\n","protected":false},"author":141,"featured_media":0,"comment_status":"open","ping_status":"open","sticky":false,"template":"","format":"standard","meta":{"footnotes":""},"categories":[158635],"tags":[],"class_list":["post-4326","post","type-post","status-publish","format-standard","hentry","category-malfar"],"_links":{"self":[{"href":"https:\/\/uni.hi.is\/eirikur\/wp-json\/wp\/v2\/posts\/4326","targetHints":{"allow":["GET"]}}],"collection":[{"href":"https:\/\/uni.hi.is\/eirikur\/wp-json\/wp\/v2\/posts"}],"about":[{"href":"https:\/\/uni.hi.is\/eirikur\/wp-json\/wp\/v2\/types\/post"}],"author":[{"embeddable":true,"href":"https:\/\/uni.hi.is\/eirikur\/wp-json\/wp\/v2\/users\/141"}],"replies":[{"embeddable":true,"href":"https:\/\/uni.hi.is\/eirikur\/wp-json\/wp\/v2\/comments?post=4326"}],"version-history":[{"count":1,"href":"https:\/\/uni.hi.is\/eirikur\/wp-json\/wp\/v2\/posts\/4326\/revisions"}],"predecessor-version":[{"id":4327,"href":"https:\/\/uni.hi.is\/eirikur\/wp-json\/wp\/v2\/posts\/4326\/revisions\/4327"}],"wp:attachment":[{"href":"https:\/\/uni.hi.is\/eirikur\/wp-json\/wp\/v2\/media?parent=4326"}],"wp:term":[{"taxonomy":"category","embeddable":true,"href":"https:\/\/uni.hi.is\/eirikur\/wp-json\/wp\/v2\/categories?post=4326"},{"taxonomy":"post_tag","embeddable":true,"href":"https:\/\/uni.hi.is\/eirikur\/wp-json\/wp\/v2\/tags?post=4326"}],"curies":[{"name":"wp","href":"https:\/\/api.w.org\/{rel}","templated":true}]}}