{"id":4402,"date":"2022-08-07T12:00:49","date_gmt":"2022-08-07T12:00:49","guid":{"rendered":"https:\/\/uni.hi.is\/eirikur\/?p=4402"},"modified":"2022-09-19T09:31:09","modified_gmt":"2022-09-19T09:31:09","slug":"malspjall-2","status":"publish","type":"post","link":"https:\/\/uni.hi.is\/eirikur\/2022\/08\/07\/malspjall-2\/","title":{"rendered":"M\u00e1lspjall tveggja \u00e1ra"},"content":{"rendered":"<p>Eins og oft hefur komi\u00f0 fram er tilgangur Facebook-h\u00f3psins <a href=\"https:\/\/www.facebook.com\/groups\/malspjall\">M\u00e1lspjall<\/a> a\u00f0 skapa vettvang fyrir j\u00e1kv\u00e6\u00f0a umr\u00e6\u00f0u og fr\u00e6\u00f0slu um \u00edslenskt m\u00e1l og tilbrig\u00f0i \u00ed \u00fev\u00ed og notkun \u00feess. \u00dea\u00f0 er bjargf\u00f6st sko\u00f0un m\u00edn a\u00f0 forsenda fyrir \u00fev\u00ed a\u00f0 \u00edslenska lifi \u00e1fram s\u00e9 s\u00fa a\u00f0 henni s\u00e9 gefi\u00f0 svigr\u00fam \u2013 a\u00f0 \u00fea\u00f0 s\u00e9 vi\u00f0urkennt a\u00f0 h\u00fan eigi s\u00e9r \u00fdmis tilbrig\u00f0i og henni megi beita \u00e1 margv\u00edslegan h\u00e1tt, og f\u00f3lk s\u00e9 ekki \u00e1 nokkurn h\u00e1tt ni\u00f0url\u00e6gt e\u00f0a ja\u00f0arsett vegna m\u00e1lfars s\u00edns. Einstrengingsleg \u201em\u00e1lv\u00f6ndun\u201c sem vi\u00f0urkennir engin tilbrig\u00f0i \u00ed frambur\u00f0i, beygingum, or\u00f0f\u00e6ri, setningager\u00f0, merkingu, m\u00e1lbeitingu e\u00f0a \u00f6\u00f0ru sem m\u00e1li\u00f0 var\u00f0ar er engin m\u00e1lv\u00f6ndun, heldur m\u00e1lspj\u00f6ll \u2013 tilr\u00e6\u00f0i vi\u00f0 \u00edslenskuna og v\u00edsasti vegurinn til a\u00f0 hrekja m\u00e1lnotendur fr\u00e1 henni, jafnvel \u00ed fa\u00f0m enskunnar.<\/p>\n<p>Vi\u00f0 erum flest alin upp vi\u00f0 a\u00f0 eitt tilbrig\u00f0i m\u00e1lsins s\u00e9 r\u00e9tt en \u00f6nnur r\u00f6ng, og \u00fea\u00f0 er erfitt og jafnvel s\u00e1rsaukafullt \u00feegar barnal\u00e6rd\u00f3mur okkar er dreginn \u00ed efa e\u00f0a honum hafna\u00f0. \u00c9g veit a\u00f0 m\u00f6rgum finnst \u00e9g r\u00edfa ni\u00f0ur \u00fea\u00f0 sem f\u00f3lk l\u00e6r\u00f0i a\u00f0 v\u00e6ri r\u00e9tt, og finnst \u00fea\u00f0 jafnvel \u00e1r\u00e1s \u00e1 foreldra s\u00edna e\u00f0a kennara sem br\u00fdndu fyrir \u00feeim a\u00f0 vanda m\u00e1l sitt og tala ekki rangt m\u00e1l. En tilgangur minn er alls ekki a\u00f0 r\u00e1\u00f0ast gegn m\u00e1lv\u00f6ndun e\u00f0a \u00fdta undir m\u00e1lbreytingar \u00fe\u00f3tt \u00fea\u00f0 kunni stundum a\u00f0 l\u00edta \u00feannig \u00fat, og \u00e9g skil vel a\u00f0 \u00fdmsum skuli stundum s\u00e1rna e\u00f0a bl\u00f6skra m\u00e1lflutningur minn. Tilgangur minn er s\u00e1 einn a\u00f0 f\u00e1 f\u00f3lk til a\u00f0 hugsa um \u00edslenskuna og beitingu hennar \u00e1 gagnr\u00fdninn h\u00e1tt og vekja athygli \u00e1 \u00fev\u00ed a\u00f0 \u00fe\u00f3tt eitt s\u00e9 r\u00e9tt \u00fearf anna\u00f0 ekki a\u00f0 vera rangt.<\/p>\n<p>\u00dea\u00f0 \u00fe\u00fd\u00f0ir ekki a\u00f0 ekki megi lei\u00f0beina f\u00f3lki og fr\u00e6\u00f0a \u00fea\u00f0 um m\u00e1lhef\u00f0. \u00devert \u00e1 m\u00f3ti \u2013 \u00fea\u00f0 er e\u00f0lilegt og br\u00e1\u00f0nau\u00f0synlegt. En \u00fea\u00f0 m\u00e1 ekki gera af yfirl\u00e6ti, hneykslun, hroka og van\u00feekkingu, me\u00f0 dylgjum e\u00f0a brigslum um f\u00e1fr\u00e6\u00f0i, heimsku, m\u00e1lf\u00e1t\u00e6kt og hro\u00f0virkni, heldur ver\u00f0ur a\u00f0 setja lei\u00f0beiningar og fr\u00e6\u00f0slu fram af \u00feekkingu, skilningi, umbur\u00f0arlyndi og vir\u00f0ingu. \u00c9g er sannf\u00e6r\u00f0ur um a\u00f0 m\u00e1lfarsumr\u00e6\u00f0a \u00e1 \u00feeim n\u00f3tum er til \u00feess fallin a\u00f0 gl\u00e6\u00f0a \u00e1huga m\u00e1lnotenda \u00e1 tungum\u00e1linu og hvetja \u00feau til \u00feess a\u00f0 huga a\u00f0 \u00fev\u00ed hvernig \u00feau umgangast \u00fea\u00f0. \u00dea\u00f0 er margfalt v\u00e6nlegra til a\u00f0 stu\u00f0la a\u00f0 vi\u00f0gangi \u00edslenskunnar en \u00f3r\u00f6kstuddir sleggjud\u00f3mar um \u201er\u00e9tt\u201c m\u00e1l og \u201erangt\u201c sem \u00fear a\u00f0 auki eru oft bygg\u00f0ir \u00e1 vafas\u00f6mum forsendum.<\/p>\n","protected":false},"excerpt":{"rendered":"<p>Eins og oft hefur komi\u00f0 fram er tilgangur Facebook-h\u00f3psins M\u00e1lspjall a\u00f0 skapa vettvang fyrir j\u00e1kv\u00e6\u00f0a umr\u00e6\u00f0u og fr\u00e6\u00f0slu um \u00edslenskt m\u00e1l og tilbrig\u00f0i \u00ed \u00fev\u00ed og notkun \u00feess. \u00dea\u00f0 er bjargf\u00f6st sko\u00f0un m\u00edn a\u00f0 forsenda fyrir \u00fev\u00ed a\u00f0 \u00edslenska lifi \u00e1fram s\u00e9 s\u00fa a\u00f0 henni s\u00e9 gefi\u00f0 svigr\u00fam \u2013 a\u00f0 \u00fea\u00f0 s\u00e9 vi\u00f0urkennt a\u00f0 h\u00fan [&hellip;]<\/p>\n","protected":false},"author":141,"featured_media":0,"comment_status":"open","ping_status":"open","sticky":false,"template":"","format":"standard","meta":{"footnotes":""},"categories":[158635],"tags":[],"class_list":["post-4402","post","type-post","status-publish","format-standard","hentry","category-malfar"],"_links":{"self":[{"href":"https:\/\/uni.hi.is\/eirikur\/wp-json\/wp\/v2\/posts\/4402","targetHints":{"allow":["GET"]}}],"collection":[{"href":"https:\/\/uni.hi.is\/eirikur\/wp-json\/wp\/v2\/posts"}],"about":[{"href":"https:\/\/uni.hi.is\/eirikur\/wp-json\/wp\/v2\/types\/post"}],"author":[{"embeddable":true,"href":"https:\/\/uni.hi.is\/eirikur\/wp-json\/wp\/v2\/users\/141"}],"replies":[{"embeddable":true,"href":"https:\/\/uni.hi.is\/eirikur\/wp-json\/wp\/v2\/comments?post=4402"}],"version-history":[{"count":2,"href":"https:\/\/uni.hi.is\/eirikur\/wp-json\/wp\/v2\/posts\/4402\/revisions"}],"predecessor-version":[{"id":4519,"href":"https:\/\/uni.hi.is\/eirikur\/wp-json\/wp\/v2\/posts\/4402\/revisions\/4519"}],"wp:attachment":[{"href":"https:\/\/uni.hi.is\/eirikur\/wp-json\/wp\/v2\/media?parent=4402"}],"wp:term":[{"taxonomy":"category","embeddable":true,"href":"https:\/\/uni.hi.is\/eirikur\/wp-json\/wp\/v2\/categories?post=4402"},{"taxonomy":"post_tag","embeddable":true,"href":"https:\/\/uni.hi.is\/eirikur\/wp-json\/wp\/v2\/tags?post=4402"}],"curies":[{"name":"wp","href":"https:\/\/api.w.org\/{rel}","templated":true}]}}