{"id":4405,"date":"2022-08-08T13:19:42","date_gmt":"2022-08-08T13:19:42","guid":{"rendered":"https:\/\/uni.hi.is\/eirikur\/?p=4405"},"modified":"2022-08-08T13:56:40","modified_gmt":"2022-08-08T13:56:40","slug":"geggjad-fjor","status":"publish","type":"post","link":"https:\/\/uni.hi.is\/eirikur\/2022\/08\/08\/geggjad-fjor\/","title":{"rendered":"Geggja\u00f0 fj\u00f6r"},"content":{"rendered":"<p>\u00c9g hef s\u00e9\u00f0 \u00e1 netinu nokkra umr\u00e6\u00f0u um or\u00f0i\u00f0 <em>geggja\u00f0<\/em> eftir <a href=\"https:\/\/l.facebook.com\/l.php?u=https%3A%2F%2Fwww.ruv.is%2Ffrett%2F2022%2F08%2F07%2Fgeggjad-eitt-thad-vinsaelasta-i-maltiskunni%3Ffbclid%3DIwAR3UIKqMWZ9w-ToXC5DYTutrNzxWwrR30Wl_VHDWWzObydq17xSHh725VWU&amp;h=AT0Lhy3Rm20Wh-aWW7mNI_qmskTlxnFNTcEg_XgzeIbp3FEduB7yiXHxRps94u4fKAwpX3a4HjqxrCJ9Qg4i4V2lhRwNox-BiRLa3CtspjXoG3YCrshTSCawVic1e82z0g&amp;__tn__=-UK-R&amp;c%5b0%5d=AT1_3dj4ItdNbyq2VTI9sUd7L80t75y-Szs1vn9UdWQAtGKjLb1lDr7QQtTnnREi--RAUhBSn4dmZ8LnIiCbn1-FWDztBsocMgN1TXvIThThxXKsf-L4aL25Xdyeo4X7OuvIk1iXvrQAJdSOO3wiRjOS6Fwb\">\u00fatvarpsfr\u00e9tt<\/a> \u00ed g\u00e6r \u00fear sem fram kom a\u00f0 \u00fea\u00f0 v\u00e6ri miki\u00f0 t\u00edskuor\u00f0 um \u00feessar mundir. Sumum finnst \u00f3t\u00e6kt a\u00f0 nota \u00fea\u00f0 sem hr\u00f3s e\u00f0a upphr\u00f3pun vegna tengsla \u00feess vi\u00f0 or\u00f0i\u00f0 <em>ge\u00f0veikur<\/em>. En \u00feessi tv\u00f6 or\u00f0 eru or\u00f0sifjafr\u00e6\u00f0ilega \u00f3skyld, og \u00fe\u00f3tt <em>geggja\u00f0ur <\/em>geti vissulega haft merkinguna 'sturla\u00f0ur, ge\u00f0veikur' er \u00fea\u00f0 hvorki eina merking or\u00f0sins n\u00e9 hin upprunalega eins og J\u00f3n G. Fri\u00f0j\u00f3nsson hefur <a href=\"http:\/\/malfar.arnastofnun.is\/grein\/73832?fbclid=IwAR1pvsAZjSi-rc8lQ9HNgmAXmZ0jBshEn98xqeDlYWnE0svQ4oJfX4x_6nQ\">raki\u00f0<\/a>. Elsta <a href=\"https:\/\/l.facebook.com\/l.php?u=http%3A%2F%2Fritmalssafn.arnastofnun.is%2Fdaemi%2F147104%3Ffbclid%3DIwAR1pbFwzzVdNUxeVP4haaAygOc3OhiuRVZrblpnX84IIEVycxUMm4A3OjaE&amp;h=AT0GY_oAW8z00QltGcCuVVmbufouYOgQRST5lvm_xN8kwfpb9iVOLXqKDG35ki3DJi6dztSX7eBEAhcZchHYJc5TbJ5smOEbmejeb1-7X8l1KJJjeEh5YFNwZ5RMWblIcQ&amp;__tn__=-UK-R&amp;c%5b0%5d=AT1_3dj4ItdNbyq2VTI9sUd7L80t75y-Szs1vn9UdWQAtGKjLb1lDr7QQtTnnREi--RAUhBSn4dmZ8LnIiCbn1-FWDztBsocMgN1TXvIThThxXKsf-L4aL25Xdyeo4X7OuvIk1iXvrQAJdSOO3wiRjOS6Fwb\">d\u00e6mi<\/a> um or\u00f0i\u00f0 \u00ed <em>Ritm\u00e1lssafni \u00c1rnastofnunar<\/em> er fr\u00e1 1760 og \u00fear hefur \u00fea\u00f0 merkinguna 'brengla\u00f0ur, \u00far lagi genginn'. \u00dea\u00f0 samr\u00e6mist elstu d\u00e6mum um s\u00f6gnina <em>geggjast<\/em>, t.d. \u00far kv\u00e6\u00f0inu \u201e\u00deorkell \u00feunni\u201c eftir J\u00f3nas Hallgr\u00edmsson, \u00ed <em>Fj\u00f6lni<\/em> 1845: \u201eGeggjast allur gu\u00f0sor\u00f0alestur, \/ \u00e1 gr\u00e1tunum tv\u00edst\u00edgur prestur.\u201c<\/p>\n<p>\u00deessa merkingu hefur or\u00f0i\u00f0 yfirleitt \u00ed d\u00e6mum fr\u00e1 19. \u00f6ld. \u00cd <em>Hir\u00f0i<\/em> 1858 segir: \u201eHverjum skyns\u00f6mum manni m\u00e1 \u00fev\u00ed varla vera grunlaust um, a\u00f0 \u00fear sje eitthva\u00f0 geggja\u00f0, \u00fear sem menn telja l\u00e6knandi d\u00fdrasj\u00fakd\u00f3m, hver svo sem hann er, me\u00f0 landpl\u00e1gum.\u201c \u00cd <em>Sk\u00fdrslum um landshagi \u00e1 \u00cdslandi<\/em> 1858 segir: \u201e\u00e1ri\u00f0 1770 telja \u00feeir ekki nema 112,809, en segja \u00fear\u00e1m\u00f3t, a\u00f0 \u00e1ri\u00f0 1760 hafi fj\u00e1rtalan veri\u00f0 491,934; en eitthva\u00f0 er geggja\u00f0 \u00ed \u00feessu.\u201c \u00cd <em>\u00dej\u00f3\u00f0\u00f3lfi<\/em> 1860 segir: \u201eHugsunart\u00f3l h\u00f6fundarins m\u00e6tti vel vera geggja\u00f0 fr\u00e1 \u00fev\u00ed sem gu\u00f0 hefir skapa\u00f0 \u00feau.\u201c \u00cd <em>Heimdalli<\/em> 1884 segir: \u201e\u00fev\u00ed hvort sem \u00fea\u00f0 er satt e\u00f0a ekki, \u00fe\u00e1 er \u00fea\u00f0 eitthva\u00f0 geggja\u00f0, \u00feegar a\u00f0rar eins s\u00f6gur eru sag\u00f0ar um mann.\u201c \u00cd <em>L\u00f6gbergi <\/em>1890 segir: \u201eEn jeg er h\u00e1lfhr\u00e6ddur um a\u00f0 fjelagshugmyndin sje nokku\u00f0 geggju\u00f0 hj\u00e1 m\u00f6rgum \u00cdslendingum.\u201c<\/p>\n<p>\u00cd elstu d\u00e6mum \u00fear sem merkingin er 'sturla\u00f0ur, ge\u00f0veikur' fylgir eitthvert or\u00f0 til sk\u00fdringar \u00e1 geggjuninni. \u00cd <em>Landsyfirr\u00e9ttard\u00f3mum<\/em> 1852 segir: \u201esum systkini hans anna\u00f0 hvort s\u00e9u fr\u00e1vita e\u00f0a geggju\u00f0 \u00e1 s\u00f6nsum.\u201c \u00cd <em>Sk\u00edrni<\/em> 1883 segir: \u201ema\u00f0urinn v\u00e6ri svo geggja\u00f0ur \u00e1 vitinu, a\u00f0 hann yr\u00f0i a\u00f0 flytja til vitfirringasp\u00edtala.\u201c \u00cd <em>Leifi<\/em> 1884 segir: \u201eEn Sage ljet ekki neitt \u00e1 \u00feessu bera, heldur lofa\u00f0i l\u00e6kninum a\u00f0 \u00e1l\u00edta sig geggja\u00f0an \u00e1 s\u00f6nsunum.\u201c \u00cd <em>\u00dej\u00f3\u00f0viljanum<\/em> 1887 segir: \u201eS\u00e9 b\u00f3ndinn fjarverandi, geggja\u00f0ur \u00e1 ge\u00f0smununum e\u00f0a fatla\u00f0ur \u00e1 einhvern h\u00e1tt.\u201c Einnig eru d\u00e6mi um <em>geggja\u00f0ur \u00e1 skynseminni<\/em> \/ <em>\u00e1 vitsmunum<\/em> \/ <em>\u00e1 ge\u00f0i<\/em> \/ <em>\u00ed h\u00f6f\u00f0inu<\/em> \/ <em>\u00ed kollinum<\/em> o.fl. En vegna \u00feess a\u00f0 or\u00f0i\u00f0 <em>geggja\u00f0ur<\/em> var svo oft nota\u00f0 \u00ed \u00feessu samhengi yfirt\u00f3k \u00fea\u00f0 flj\u00f3tlega merkingu fylgior\u00f0sins eins og n\u00fa er t.d. a\u00f0 <a href=\"https:\/\/l.facebook.com\/l.php?u=https%3A%2F%2Funi.hi.is%2Feirikur%2F2021%2F10%2F27%2Fhenni-var-byrlad%2F%3Ffbclid%3DIwAR1nmTqfsf4vEPgPLX4HZrGfYqaPm5kiAh81qAIkOHbB65EmCmYB8Xwnzcs&amp;h=AT1lAzaHoIq0DcegaypmDoZGV-9393Jp_gaNLci0SeytvNeQNfBK2eWEFJia1Yl2ry7vBjkRh1rjqkyTgx9iyHrg0VMlj0ymQFxqMZpJsOBbGp4tresXH3Yvp5khmrVS0w&amp;__tn__=-UK-R&amp;c%5b0%5d=AT1_3dj4ItdNbyq2VTI9sUd7L80t75y-Szs1vn9UdWQAtGKjLb1lDr7QQtTnnREi--RAUhBSn4dmZ8LnIiCbn1-FWDztBsocMgN1TXvIThThxXKsf-L4aL25Xdyeo4X7OuvIk1iXvrQAJdSOO3wiRjOS6Fwb\">gerast<\/a> me\u00f0 s\u00f6gnina <em>byrla<\/em>.<\/p>\n<p>Elsta d\u00e6mi sem \u00e9g finn um merkinguna 'sturla\u00f0ur, ge\u00f0veikur' \u00e1n \u00feess a\u00f0 sk\u00fdring fylgi er \u00ed <em>L\u00f6gbergi <\/em>1891: \u201eMenn h\u00f6f\u00f0u \u00e1\u00f0ur veri\u00f0 hr\u00e6ddir um, a\u00f0 hann mundi vera eitthva\u00f0 geggja\u00f0ur, en h\u00f6f\u00f0u ekki n\u00f3gu sterkar g\u00e6tur \u00e1 honum.\u201c \u00c1 20. \u00f6ld ver\u00f0ur \u00feetta a\u00f0almerking or\u00f0sins en d\u00e6mi um merkinguna 'brengla\u00f0ur, \u00far lagi f\u00e6r\u00f0ur' finnast samt \u00e1 fyrstu \u00e1ratugum aldarinnar. \u00deannig segir \u00ed <em>\u00cdsafold <\/em>1918: \u201eEitthva\u00f0 meira en l\u00edti\u00f0 geggja\u00f0 hl\u00fdtur \u00e1standi\u00f0 \u00ed B\u00falgar\u00edu a\u00f0 vera or\u00f0i\u00f0, \u00far \u00fev\u00ed svo slunginn ma\u00f0ur og Ferdinand keisari hefir eigi treyst s\u00e9r a\u00f0 sitja.\u201c \u00cd <em>Jafna\u00f0armanninum <\/em>1927 segir: \u201e\u00cdhaldi\u00f0 \u00ed landinu [\u2026] vir\u00f0ist hafa or\u00f0i\u00f0 h\u00e1lf geggja\u00f0 yfir \u00feessum 2370 kr\u00f3num.\u201c \u00cd <em>I\u00f0unni<\/em> 1930 segir: \u201e\u00dea\u00f0 er eitthva\u00f0 geggja\u00f0 \u00fearna uppi \u2013 eitthva\u00f0, sem gu\u00f0 hefir misskili\u00f0.\u201c<\/p>\n<p>Ein einhvern t\u00edma eftir mi\u00f0ja 20. \u00f6ld gengur or\u00f0i\u00f0 \u00ed endurn\u00fdjun l\u00edfdaga, og \u00fe\u00e1 einkum hvorugkyni\u00f0 <em>geggja\u00f0<\/em>. \u00cd <em>F\u00e1lkanum<\/em> 1964 segir: \u201e\u00de\u00e1 ver\u00f0ur oft alveg geggja\u00f0 fj\u00f6r.\u201c \u00cd <em>T\u00edmanum<\/em> 1966 segir: \u201eF\u00f3lki\u00f0 leitar st\u00f6\u00f0ugt meiri skemmtana og or\u00f0in \u201egeggja\u00f0 fj\u00f6r\u201c vir\u00f0ast yfirskrift \u00f3ska \u00feess og vi\u00f0leitni.\u201c F\u00f3lk sem var ungt \u00e1 sj\u00f6unda og \u00e1ttunda \u00e1ratugnum minnist \u00feess a\u00f0 or\u00f0i\u00f0 hafi veri\u00f0 miki\u00f0 nota\u00f0 \u00ed svipu\u00f0u samhengi \u00fe\u00f3tt s\u00fa notkun komi ekki miki\u00f0 fram \u00e1 prenti. \u00cd \u00c1ram\u00f3taskaupi Sj\u00f3nvarpsins 1969 <a href=\"https:\/\/l.facebook.com\/l.php?u=https%3A%2F%2Fwww.youtube.com%2Fwatch%3Fv%3D00-I5lDA7Zc%26fbclid%3DIwAR2AL_tmVPPSMsyRfs561uza8_dSRellhunZCHu5eiuN6UzBzZLkpAa13mc&amp;h=AT0hEQjYYWL7DSz1D77gXkwRMNFb_8qicckKkbWVc2T3sYppCBBD-SzMYMjzQqHh9MJ_w2PokoAZQ7WOmZ0Q9SpyJzPs0tiNGAwGUqBC-JYwrCg6eE8t0CW-CCmTDOMdow&amp;__tn__=-UK-R&amp;c%5b0%5d=AT1_3dj4ItdNbyq2VTI9sUd7L80t75y-Szs1vn9UdWQAtGKjLb1lDr7QQtTnnREi--RAUhBSn4dmZ8LnIiCbn1-FWDztBsocMgN1TXvIThThxXKsf-L4aL25Xdyeo4X7OuvIk1iXvrQAJdSOO3wiRjOS6Fwb\">s\u00f6ng<\/a> Flosi \u00d3lafsson lagi\u00f0 \u201e\u00dea\u00f0 er svo geggja\u00f0\u201c sem var gefi\u00f0 \u00fat \u00e1 pl\u00f6tu sumari\u00f0 eftir, og hefur v\u00e6ntanlega gefi\u00f0 or\u00f0inu byr undir b\u00e1\u00f0a v\u00e6ngi. \u00cd br\u00e9fi fr\u00e1 \u201eGamalli konu\u201c \u00ed <em>Dagbla\u00f0inu<\/em> 1977 segir: \u201eSum or\u00f0, eins og til d\u00e6mis \u00e6\u00f0islegt, ofsalegt, geggja\u00f0 o.fl., gengu eins og rau\u00f0ur \u00fer\u00e1\u00f0ur \u00ed gegnum allt samtali\u00f0.\u201c<\/p>\n<p>\u00c1ri\u00f0 1987 var heiti kvikmyndarinnar \u201eOne Crazy Summer\u201c \u00fe\u00fdtt sem <em>Geggja\u00f0 sumar <\/em>og upp \u00far \u00fev\u00ed vir\u00f0ist or\u00f0i\u00f0 ver\u00f0a hin venjulega samsv\u00f6run vi\u00f0 enska l\u00fdsingaror\u00f0i\u00f0 <em>crazy <\/em>og notkun \u00feess \u00e1 prenti st\u00f3reykst, \u00ed margv\u00edslegu samhengi. \u00de\u00e1 ver\u00f0ur allt m\u00f6gulegt <em>geggja\u00f0<\/em> \u2013 <em>stu\u00f0<\/em>, <em>rokk<\/em>, <em>\u00fej\u00f3\u00f0f\u00e9lag<\/em>, <em>ver\u00f0<\/em>, <em>lj\u00f3\u00f0<\/em>, <em>part\u00ed<\/em>, <em>n\u00e6turl\u00edf<\/em>, <em>\u00e1stand<\/em>, <em>r\u00e1\u00f0h\u00fas<\/em>, <em>leikrit<\/em>, <em>andr\u00famsloft<\/em>, <em>\u00edmyndunarafl<\/em>, <em>gr\u00edn<\/em> o.m.fl. \u00c1ri\u00f0 1992 ger\u00f0i \u00c1rb\u00e6jarsafn hippat\u00edmabilinu 1968-1972 skil \u00ed s\u00fdningu sem nefndist \u201e\u00dea\u00f0 er svo geggja\u00f0\u201c. \u00c9g s\u00e9 ekki betur en \u00e1 \u00feessum \u00e1rum s\u00e9 or\u00f0i\u00f0 nota\u00f0 \u00e1 sama h\u00e1tt og n\u00fa, nema hva\u00f0 \u00fea\u00f0 er or\u00f0i\u00f0 miklu algengara. \u00c1 \u00feessum t\u00edma er l\u00edka fari\u00f0 a\u00f0 nota or\u00f0i\u00f0 sem atviksor\u00f0, l\u00e1ta \u00fea\u00f0 standa me\u00f0 l\u00fdsingaror\u00f0i \u2013 \u201eEr me\u00f0 geggja\u00f0 gott eintak af n\u00fdlegum Yamaha 5 strengja bassa til s\u00f6lu\u201c segir \u00ed <em>DV<\/em> 1988.<\/p>\n<p>\u00cd raun og veru m\u00e1 segja a\u00f0 grundvallarmerking <em>geggja\u00f0ur<\/em> s\u00e9 s\u00fa sama \u00ed \u00f6llum tilvikum, \u00fe.e. 'v\u00edkur fr\u00e1 normi, \u00f3venjulegur'. \u00dea\u00f0 m\u00e1 bera \u00feetta saman vi\u00f0 l\u00fdsingaror\u00f0i\u00f0 <em>fr\u00e1b\u00e6r<\/em> sem upphaflega <a href=\"https:\/\/uni.hi.is\/eirikur\/2022\/01\/30\/gengisbreyting-lysingarorda\/?fbclid=IwAR0Ao8tICQI8ZB-ESXSXo1mAvD-s-hqm7d9tBEu1x7J1v2doYIRYipJIrgE\">merkti<\/a> 'sem ber fr\u00e1, \u00f3venjulegur'. B\u00e6\u00f0i or\u00f0in hafa \u00fer\u00f3ast \u00e1 svipa\u00f0an h\u00e1tt \u00feannig a\u00f0 fr\u00e1viki\u00f0 fr\u00e1 norminu sem gat veri\u00f0 hlutlaust e\u00f0a neikv\u00e6tt er n\u00fa yfirleitt j\u00e1kv\u00e6tt. Einnig m\u00e1 bera <em>geggja\u00f0ur<\/em> saman vi\u00f0 <em>brj\u00e1la\u00f0ur <\/em>sem er upphaflega l\u00fdsingarh\u00e1ttur af s\u00f6gninni <em>brj\u00e1la<\/em> sem n\u00fa er ekki lengur notu\u00f0 en merkir 'f\u00e6ra \u00far lagi'. L\u00fdsingaror\u00f0i\u00f0 <em>brj\u00e1la\u00f0ur<\/em> getur <a href=\"https:\/\/l.facebook.com\/l.php?u=https%3A%2F%2Fislenskordabok.arnastofnun.is%2Ford%2F6947%3Ffbclid%3DIwAR1PDPFPt3wMj5wUscO_BKAZ2DHahl8UQMeaW-QKKtFKoUQgSJW6Gyn601M&amp;h=AT2U-LSxzPC9bf7gN228-YYKZmRCzXYMnAC75t9j0pwn4YbByb3g72C7DjWy9EtmvrUwpisxfaaFLfoDdopypMEqfLjS3WiUVP7CYVR26aqQxjY7xkIRCxQRcpEOphtFpw&amp;__tn__=-UK-R&amp;c%5b0%5d=AT1_3dj4ItdNbyq2VTI9sUd7L80t75y-Szs1vn9UdWQAtGKjLb1lDr7QQtTnnREi--RAUhBSn4dmZ8LnIiCbn1-FWDztBsocMgN1TXvIThThxXKsf-L4aL25Xdyeo4X7OuvIk1iXvrQAJdSOO3wiRjOS6Fwb\">merkt<\/a> 'sturla\u00f0ur, vitfirrtur' og \u00ed elstu d\u00e6mum er oft b\u00e6tt vi\u00f0 <em>\u00e1 ge\u00f0smunum<\/em> e\u00f0a <em>\u00e1 ge\u00f0i<\/em>. En r\u00e9tt eins og me\u00f0 <em>geggja\u00f0ur<\/em> getur merking \u00feeirra sambanda f\u00e6rst yfir \u00e1 l\u00fdsingaror\u00f0i\u00f0, \u00fe\u00f3tt \u00fea\u00f0 s\u00e9 l\u00edka nota\u00f0 \u00e1 margv\u00edslegan annan h\u00e1tt \u2013 eins og <em>geggja\u00f0ur<\/em>.<\/p>\n","protected":false},"excerpt":{"rendered":"<p>\u00c9g hef s\u00e9\u00f0 \u00e1 netinu nokkra umr\u00e6\u00f0u um or\u00f0i\u00f0 geggja\u00f0 eftir \u00fatvarpsfr\u00e9tt \u00ed g\u00e6r \u00fear sem fram kom a\u00f0 \u00fea\u00f0 v\u00e6ri miki\u00f0 t\u00edskuor\u00f0 um \u00feessar mundir. Sumum finnst \u00f3t\u00e6kt a\u00f0 nota \u00fea\u00f0 sem hr\u00f3s e\u00f0a upphr\u00f3pun vegna tengsla \u00feess vi\u00f0 or\u00f0i\u00f0 ge\u00f0veikur. En \u00feessi tv\u00f6 or\u00f0 eru or\u00f0sifjafr\u00e6\u00f0ilega \u00f3skyld, og \u00fe\u00f3tt geggja\u00f0ur geti vissulega haft [&hellip;]<\/p>\n","protected":false},"author":141,"featured_media":0,"comment_status":"open","ping_status":"open","sticky":false,"template":"","format":"standard","meta":{"footnotes":""},"categories":[158635],"tags":[],"class_list":["post-4405","post","type-post","status-publish","format-standard","hentry","category-malfar"],"_links":{"self":[{"href":"https:\/\/uni.hi.is\/eirikur\/wp-json\/wp\/v2\/posts\/4405","targetHints":{"allow":["GET"]}}],"collection":[{"href":"https:\/\/uni.hi.is\/eirikur\/wp-json\/wp\/v2\/posts"}],"about":[{"href":"https:\/\/uni.hi.is\/eirikur\/wp-json\/wp\/v2\/types\/post"}],"author":[{"embeddable":true,"href":"https:\/\/uni.hi.is\/eirikur\/wp-json\/wp\/v2\/users\/141"}],"replies":[{"embeddable":true,"href":"https:\/\/uni.hi.is\/eirikur\/wp-json\/wp\/v2\/comments?post=4405"}],"version-history":[{"count":2,"href":"https:\/\/uni.hi.is\/eirikur\/wp-json\/wp\/v2\/posts\/4405\/revisions"}],"predecessor-version":[{"id":4407,"href":"https:\/\/uni.hi.is\/eirikur\/wp-json\/wp\/v2\/posts\/4405\/revisions\/4407"}],"wp:attachment":[{"href":"https:\/\/uni.hi.is\/eirikur\/wp-json\/wp\/v2\/media?parent=4405"}],"wp:term":[{"taxonomy":"category","embeddable":true,"href":"https:\/\/uni.hi.is\/eirikur\/wp-json\/wp\/v2\/categories?post=4405"},{"taxonomy":"post_tag","embeddable":true,"href":"https:\/\/uni.hi.is\/eirikur\/wp-json\/wp\/v2\/tags?post=4405"}],"curies":[{"name":"wp","href":"https:\/\/api.w.org\/{rel}","templated":true}]}}