{"id":4414,"date":"2022-08-17T22:07:37","date_gmt":"2022-08-17T22:07:37","guid":{"rendered":"https:\/\/uni.hi.is\/eirikur\/?p=4414"},"modified":"2022-08-17T22:10:48","modified_gmt":"2022-08-17T22:10:48","slug":"naudsyn-breytinga-a-malstadli-og-islenskukennslu","status":"publish","type":"post","link":"https:\/\/uni.hi.is\/eirikur\/2022\/08\/17\/naudsyn-breytinga-a-malstadli-og-islenskukennslu\/","title":{"rendered":"Nau\u00f0syn breytinga \u00e1 m\u00e1lsta\u00f0li og \u00edslenskukennslu"},"content":{"rendered":"<p>\u00cd dag flutti \u00e9g <a href=\"https:\/\/notendur.hi.is\/eirikur\/SMG.pdf?fbclid=IwAR3shuWUI0hGXsYCVCupfM0uwDh66zfFHI0o6wl_xfR4LCb9NJL8V4s8Ll8\">erindi<\/a> um m\u00e1lsta\u00f0al, m\u00e1lbrig\u00f0i, \u201er\u00e9tt\u201c m\u00e1l og \u201erangt\u201c \u00e1 n\u00e1mskei\u00f0i Samtaka m\u00f3\u00f0urm\u00e1lskennara fyrir grunnsk\u00f3lakennara. \u00dea\u00f0 var skemmtilegt, nemendur \u00e1hugasamir, \u00f6nnur erindi \u00e1hugaver\u00f0, og umr\u00e6\u00f0ur mj\u00f6g gagnlegar. En \u00e9g sannf\u00e6rist alltaf betur og betur um a\u00f0 \u00fea\u00f0 er mj\u00f6g br\u00fdnt a\u00f0 endursko\u00f0a \u00edslenskan m\u00e1lsta\u00f0al og f\u00e6ra hann n\u00e6r \u00fev\u00ed m\u00e1li sem raunverulega er tala\u00f0 \u00ed landinu. M\u00e1lsta\u00f0allinn mi\u00f0ast vi\u00f0 \u00fea\u00f0 sem \u00fe\u00f3tti vanda\u00f0 ritm\u00e1l \u00e1 fyrri hluta 20. aldar. S\u00ed\u00f0an hefur \u00fej\u00f3\u00f0f\u00e9lagi\u00f0 breyst g\u00edfurlega og almenn m\u00e1lnotkun l\u00edka, enda hl\u00fdtur tungum\u00e1li\u00f0 a\u00f0 ver\u00f0a a\u00f0 \u00fej\u00f3na samf\u00e9laginu \u00e1 hverjum t\u00edma.<\/p>\n<p>En m\u00e1lsta\u00f0allinn hefur ekki breyst \u2013 hann tekur ekki tillit til breytinga sem eru \u00e1ratuga e\u00f0a jafnvel alda gamlar og n\u00e1 til verulegs hluta \u00fej\u00f3\u00f0arinnar, breytinga sem ver\u00f0a \u00fev\u00ed a\u00f0 teljast \u201er\u00e9tt m\u00e1l\u201c samkv\u00e6mt vi\u00f0urkenndri skilgreiningu. Bili\u00f0 milli hans og raunverulegrar m\u00e1lnotkunar fer \u00fev\u00ed s\u00edfellt breikkandi og \u00fea\u00f0 kom fram \u00e1 n\u00e1mskei\u00f0inu \u00ed dag a\u00f0 m\u00f6rg atri\u00f0i m\u00e1lsta\u00f0alsins eru fjarri m\u00e1li flestra grunnsk\u00f3lanema. \u00dea\u00f0 \u00fej\u00f3nar engum tilgangi og er beinl\u00ednis ska\u00f0legt fyrir \u00edslenskuna a\u00f0 streitast vi\u00f0 a\u00f0 halda sl\u00edkum atri\u00f0um a\u00f0 nemendum. Breytingar \u00e1 m\u00e1lsta\u00f0linum \u00feola enga bi\u00f0.<\/p>\n<p>En \u00e9g styrkist l\u00edka s\u00edfellt \u00ed \u00feeirri tr\u00fa a\u00f0 vi\u00f0 \u00feurfum a\u00f0 endursko\u00f0a \u00edslenskukennslu og kennsluefni \u00ed grunnsk\u00f3lum. \u00dea\u00f0 kom fram \u00e1 n\u00e1mskei\u00f0inu a\u00f0 Menntam\u00e1lastofnun hefur veri\u00f0 a\u00f0 gefa \u00fat n\u00fdtt kennsluefni \u00ed samr\u00e6mi vi\u00f0 a\u00f0aln\u00e1mskr\u00e1 en s\u00e9r sig einnig tilneydda til a\u00f0 endurprenta eldri b\u00e6kur me\u00f0 forskriftarm\u00e1lfr\u00e6\u00f0i og \u00e6fingahefti me\u00f0 ey\u00f0ufyllingum til a\u00f0 koma til m\u00f3ts vi\u00f0 eindregnar \u00f3skir margra kennara. \u00cd m\u00e1lfr\u00e6\u00f0ib\u00f3kunum er ofur\u00e1hersla l\u00f6g\u00f0 \u00e1 \u201er\u00e9tt\u201c m\u00e1l og \u201erangt\u201c, og \u00e1 m\u00e1lfr\u00e6\u00f0ilega greiningu \u00e1n tengsla vi\u00f0 raunverulega m\u00e1lnotkun nemenda. \u00dea\u00f0 er ekki \u00e1hugavekjandi e\u00f0a v\u00e6nlegt til \u00e1rangurs.<\/p>\n<p>Ey\u00f0ufyllingarnar eru \u00fe\u00f3 verstar. Sumir nemendur kunna \u00fea\u00f0 sem veri\u00f0 er a\u00f0 \u00fej\u00e1lfa en ney\u00f0ast samt til a\u00f0 vinna verkefnin og hl\u00fdtur a\u00f0 finnast \u00fea\u00f0 hundlei\u00f0inlegt. A\u00f0rir nemendur eru \u00f3vissir \u00e1 \u00fev\u00ed sem verkefnin eiga a\u00f0 \u00fej\u00e1lfa en \u00e9g hef enga tr\u00fa \u00e1 \u00fev\u00ed a\u00f0 \u00feeir l\u00e6ri miki\u00f0 \u00e1 \u00fev\u00ed a\u00f0 gera fj\u00f6ldann allan af sams konar andlausum \u00e6fingum. \u00deetta \u00fej\u00f3nar fyrst og fremst \u00feeim tilgangi a\u00f0 halda nemendum uppteknum. \u00c1 hinn b\u00f3ginn er \u00e9g hr\u00e6ddur um a\u00f0 \u00e6fingar af \u00feessu tagi eigi st\u00f3ran \u00fe\u00e1tt \u00ed a\u00f0 gera \u00edslensku a\u00f0 frekar \u00f3vins\u00e6lli n\u00e1msgrein eins og ranns\u00f3knir hafa s\u00fdnt fram \u00e1 a\u00f0 h\u00fan er.<\/p>\n<p>\u00dea\u00f0 er oft kalla\u00f0 eftir aukinni \u00edslenskukennslu \u00ed grunnsk\u00f3lum, og fyrir tveimur \u00e1rum lag\u00f0i mennta- og menningarm\u00e1lar\u00e1\u00f0uneyti\u00f0 fram <a href=\"https:\/\/l.facebook.com\/l.php?u=https%3A%2F%2Fsamradsgatt.island.is%2Foll-mal%2F%24Cases%2FDetails%2F%3Fid%3D2749%26fbclid%3DIwAR0kaRScYKQywEsIombp0Ozwotjk6s7Lm7oJha95U11TqtwXRqw0fvZPEzs&amp;h=AT2LwbfTqUM4ZLqF2piPXpjLEzO3uWklrxVuw8DVgJBEP5XssPVbM6TArCllJw2PVK7jdZm2MOvbOhtI1Bw1ULVDLtIqA8TNgiie9mrbDm2Acxvj7Dozgo8j7nagRFsQsA&amp;__tn__=-UK-R&amp;c%5b0%5d=AT1wqpmIt8mdG5JPHXiYFXDhK3tM0ajIwmifO3GW-EvrO1bpFeKExsXYwolRgzPiUe3tWDQJ-lml8m5UW2ysXofJ3CzipXr9ONLU_a34Wvdw3_ApbSq_yX6M-tYdvx6LdvKWXkG5d5yoxZrzetCuTayCuwSZfExMYWJ8u1USN9tlystURgQnGmdcHDRQ-oQegnLkVNfam3vsBvBpRw\">till\u00f6gu<\/a> a\u00f0 breytingu \u00e1 vi\u00f0mi\u00f0unarstundaskr\u00e1 grunnsk\u00f3la, \u00fear sem gert var r\u00e1\u00f0 fyrir a\u00f0 \u00edslenskukennsla \u00ed 1.-7. bekk yr\u00f0i aukin, um samtals 460 m\u00edn\u00fatur \u00e1 viku. Fj\u00f6ldi athugasemda barst vi\u00f0 \u00feessa till\u00f6gu og henni hefur ekki veri\u00f0 hrint \u00ed framkv\u00e6md. M\u00edn sko\u00f0un er s\u00fa a\u00f0 \u00f3\u00fearft s\u00e9 a\u00f0 auka \u00feann t\u00edma sem vari\u00f0 er \u00ed \u00edslenskukennslu \u2013 hins vegar s\u00e9 mj\u00f6g mikilv\u00e6gt a\u00f0 n\u00fdta t\u00edmann betur og draga \u00far \u00f3frj\u00f3rri greiningarvinnu, kennslu um \u201er\u00e9tt\u201c m\u00e1l og \u201erangt\u201c og ey\u00f0ufyllingum.<\/p>\n<p>En hva\u00f0 \u00e1 a\u00f0 koma \u00ed sta\u00f0inn? \u00dea\u00f0 er vissulega h\u00e6gara um a\u00f0 tala en \u00ed a\u00f0 komast og \u00e9g hef ekki forsendur til a\u00f0 koma me\u00f0 \u00edtarlegar till\u00f6gur um \u00fea\u00f0. \u00c9g legg samt \u00e1herslu \u00e1 a\u00f0 m\u00e9r finnst sj\u00e1lfsagt a\u00f0 kenna einhverja m\u00e1lfr\u00e6\u00f0i en ekki sem sj\u00e1lfst\u00e6tt vi\u00f0fangsefni, heldur \u00ed tengslum vi\u00f0 m\u00e1lnotkun. \u00c1 n\u00e1mskei\u00f0inu \u00ed dag tala\u00f0i Hanna \u00d3lad\u00f3ttir um nemendami\u00f0a\u00f0a kennslu \u2013 kennslu sem t\u00e6ki mi\u00f0 af nemendunum sj\u00e1lfum, m\u00e1li \u00feeirra og \u00e1hugasvi\u00f0um. \u00c9g held a\u00f0 \u00fea\u00f0 skipti miklu m\u00e1li, og meginatri\u00f0i a\u00f0 s\u00fdna m\u00e1li nemendanna vir\u00f0ingu \u00ed sta\u00f0 \u00feess a\u00f0 tala \u00fea\u00f0 ni\u00f0ur \u2013 l\u00e1ta b\u00f6rn og unglinga finna a\u00f0 \u00feau eigi sj\u00e1lf hlutdeild \u00ed m\u00e1linu.<\/p>\n","protected":false},"excerpt":{"rendered":"<p>\u00cd dag flutti \u00e9g erindi um m\u00e1lsta\u00f0al, m\u00e1lbrig\u00f0i, \u201er\u00e9tt\u201c m\u00e1l og \u201erangt\u201c \u00e1 n\u00e1mskei\u00f0i Samtaka m\u00f3\u00f0urm\u00e1lskennara fyrir grunnsk\u00f3lakennara. \u00dea\u00f0 var skemmtilegt, nemendur \u00e1hugasamir, \u00f6nnur erindi \u00e1hugaver\u00f0, og umr\u00e6\u00f0ur mj\u00f6g gagnlegar. En \u00e9g sannf\u00e6rist alltaf betur og betur um a\u00f0 \u00fea\u00f0 er mj\u00f6g br\u00fdnt a\u00f0 endursko\u00f0a \u00edslenskan m\u00e1lsta\u00f0al og f\u00e6ra hann n\u00e6r \u00fev\u00ed m\u00e1li sem raunverulega [&hellip;]<\/p>\n","protected":false},"author":141,"featured_media":0,"comment_status":"open","ping_status":"open","sticky":false,"template":"","format":"standard","meta":{"footnotes":""},"categories":[158635],"tags":[],"class_list":["post-4414","post","type-post","status-publish","format-standard","hentry","category-malfar"],"_links":{"self":[{"href":"https:\/\/uni.hi.is\/eirikur\/wp-json\/wp\/v2\/posts\/4414","targetHints":{"allow":["GET"]}}],"collection":[{"href":"https:\/\/uni.hi.is\/eirikur\/wp-json\/wp\/v2\/posts"}],"about":[{"href":"https:\/\/uni.hi.is\/eirikur\/wp-json\/wp\/v2\/types\/post"}],"author":[{"embeddable":true,"href":"https:\/\/uni.hi.is\/eirikur\/wp-json\/wp\/v2\/users\/141"}],"replies":[{"embeddable":true,"href":"https:\/\/uni.hi.is\/eirikur\/wp-json\/wp\/v2\/comments?post=4414"}],"version-history":[{"count":2,"href":"https:\/\/uni.hi.is\/eirikur\/wp-json\/wp\/v2\/posts\/4414\/revisions"}],"predecessor-version":[{"id":4416,"href":"https:\/\/uni.hi.is\/eirikur\/wp-json\/wp\/v2\/posts\/4414\/revisions\/4416"}],"wp:attachment":[{"href":"https:\/\/uni.hi.is\/eirikur\/wp-json\/wp\/v2\/media?parent=4414"}],"wp:term":[{"taxonomy":"category","embeddable":true,"href":"https:\/\/uni.hi.is\/eirikur\/wp-json\/wp\/v2\/categories?post=4414"},{"taxonomy":"post_tag","embeddable":true,"href":"https:\/\/uni.hi.is\/eirikur\/wp-json\/wp\/v2\/tags?post=4414"}],"curies":[{"name":"wp","href":"https:\/\/api.w.org\/{rel}","templated":true}]}}