{"id":4584,"date":"2021-05-05T22:00:00","date_gmt":"2021-05-05T22:00:00","guid":{"rendered":"https:\/\/uni.hi.is\/eirikur\/?p=4584"},"modified":"2022-10-09T09:59:42","modified_gmt":"2022-10-09T09:59:42","slug":"enska-i-studentakjallaranum","status":"publish","type":"post","link":"https:\/\/uni.hi.is\/eirikur\/2021\/05\/05\/enska-i-studentakjallaranum\/","title":{"rendered":"Enska \u00ed St\u00fadentakjallaranum"},"content":{"rendered":"<p>Aldrei \u00feessu vant nenntum vi\u00f0 ekki a\u00f0 elda \u00ed kv\u00f6ld og r\u00f6ltum \u00ed St\u00fadentakjallarann til a\u00f0 f\u00e1 okkur hamborgara. \u00dear blasir <a href=\"https:\/\/scontent-cph2-1.xx.fbcdn.net\/v\/t1.6435-9\/182560102_10158382952288871_5578461519446335269_n.jpg?_nc_cat=102&amp;ccb=1-7&amp;_nc_sid=5cd70e&amp;_nc_ohc=KNCZZkmwH6oAX9Hh_1J&amp;_nc_ht=scontent-cph2-1.xx&amp;oh=00_AT85tLShKUXKdiYBlWhhSysGWODEJp2hDt9RgFgyRwZogw&amp;oe=63670A89\">\u00feetta<\/a> skilti vi\u00f0 \u00ed dyrunum. \u00c9g \u00e1 svo sem ekki von \u00e1 a\u00f0 \u00fea\u00f0 vefjist fyrir neinum af gestum kjallarans a\u00f0 skilja skilti\u00f0 \u00fe\u00f3tt \u00fea\u00f0 s\u00e9 eing\u00f6ngu \u00e1 ensku, en \u00fea\u00f0 gerir m\u00e1li\u00f0 bara verra \u2013 vegna \u00feess a\u00f0 allir skilja \u00feetta gerir enginn athugasemd. Vi\u00f0 erum or\u00f0in \u00f3n\u00e6m fyrir \u00fev\u00ed a\u00f0 enskan umlykur okkur s\u00edfellt meir.<\/p>\n<p>\u00c9g veit vel a\u00f0 margir af gestum kjallarans eru erlendir st\u00fadentar sem ekki skilja \u00edslensku og \u00fea\u00f0 er sj\u00e1lfsagt m\u00e1l a\u00f0 hafa uppl\u00fdsingar \u00e1 ensku \u2013 <strong>\u00e1samt<\/strong> \u00edslensku, en <strong>ekki \u00ed sta\u00f0<\/strong> hennar. \u00deetta er \u00ed fullkominni andst\u00f6\u00f0u vi\u00f0 m\u00e1lstefnu H\u00e1sk\u00f3lans. \u00c9g veit l\u00edka a\u00f0 \u00fea\u00f0 er F\u00e9lagsstofnun st\u00fadenta sem rekur St\u00fadentakjallarann og m\u00e1lstefnan tekur ekki til hennar, en m\u00e9r finnst samt a\u00f0 stofnunin \u00e6tti a\u00f0 sj\u00e1 s\u00f3ma sinn \u00ed \u00fev\u00ed a\u00f0 fara eftir henni. Sk\u00f3lans vegna.<\/p>\n<p>\u00deetta er sk\u00fdrt en dapurlegt d\u00e6mi um \u00fea\u00f0 hugsunar- og skeytingarleysi sem r\u00edkir \u00ed gar\u00f0 \u00edslenskunnar, jafnvel \u00fear sem s\u00edst skyldi. Ef vi\u00f0 h\u00f6fum ekki \u00e1huga \u00e1 og metna\u00f0 til a\u00f0 nota \u00edslensku \u00fear sem \u00fev\u00ed ver\u00f0ur vi\u00f0 komi\u00f0, og \u00fear sem \u00fea\u00f0 kostar ekkert, kemur fyrir l\u00edti\u00f0 \u00fe\u00f3tt miklu f\u00e9 s\u00e9 vari\u00f0 \u00ed a\u00f0 gera \u00edslensku gjaldgenga \u00ed stafr\u00e6nni t\u00e6kni, e\u00f0a \u00ed \u00edslenska dagskr\u00e1rger\u00f0, e\u00f0a \u00edslenska b\u00f3ka\u00fatg\u00e1fu. Svona er einfaldlega til skammar.<\/p>\n","protected":false},"excerpt":{"rendered":"<p>Aldrei \u00feessu vant nenntum vi\u00f0 ekki a\u00f0 elda \u00ed kv\u00f6ld og r\u00f6ltum \u00ed St\u00fadentakjallarann til a\u00f0 f\u00e1 okkur hamborgara. \u00dear blasir \u00feetta skilti vi\u00f0 \u00ed dyrunum. \u00c9g \u00e1 svo sem ekki von \u00e1 a\u00f0 \u00fea\u00f0 vefjist fyrir neinum af gestum kjallarans a\u00f0 skilja skilti\u00f0 \u00fe\u00f3tt \u00fea\u00f0 s\u00e9 eing\u00f6ngu \u00e1 ensku, en \u00fea\u00f0 gerir m\u00e1li\u00f0 bara [&hellip;]<\/p>\n","protected":false},"author":141,"featured_media":0,"comment_status":"open","ping_status":"open","sticky":false,"template":"","format":"standard","meta":{"footnotes":""},"categories":[158635],"tags":[],"class_list":["post-4584","post","type-post","status-publish","format-standard","hentry","category-malfar"],"_links":{"self":[{"href":"https:\/\/uni.hi.is\/eirikur\/wp-json\/wp\/v2\/posts\/4584","targetHints":{"allow":["GET"]}}],"collection":[{"href":"https:\/\/uni.hi.is\/eirikur\/wp-json\/wp\/v2\/posts"}],"about":[{"href":"https:\/\/uni.hi.is\/eirikur\/wp-json\/wp\/v2\/types\/post"}],"author":[{"embeddable":true,"href":"https:\/\/uni.hi.is\/eirikur\/wp-json\/wp\/v2\/users\/141"}],"replies":[{"embeddable":true,"href":"https:\/\/uni.hi.is\/eirikur\/wp-json\/wp\/v2\/comments?post=4584"}],"version-history":[{"count":1,"href":"https:\/\/uni.hi.is\/eirikur\/wp-json\/wp\/v2\/posts\/4584\/revisions"}],"predecessor-version":[{"id":4585,"href":"https:\/\/uni.hi.is\/eirikur\/wp-json\/wp\/v2\/posts\/4584\/revisions\/4585"}],"wp:attachment":[{"href":"https:\/\/uni.hi.is\/eirikur\/wp-json\/wp\/v2\/media?parent=4584"}],"wp:term":[{"taxonomy":"category","embeddable":true,"href":"https:\/\/uni.hi.is\/eirikur\/wp-json\/wp\/v2\/categories?post=4584"},{"taxonomy":"post_tag","embeddable":true,"href":"https:\/\/uni.hi.is\/eirikur\/wp-json\/wp\/v2\/tags?post=4584"}],"curies":[{"name":"wp","href":"https:\/\/api.w.org\/{rel}","templated":true}]}}