{"id":4695,"date":"2022-11-23T13:13:50","date_gmt":"2022-11-23T13:13:50","guid":{"rendered":"https:\/\/uni.hi.is\/eirikur\/?p=4695"},"modified":"2023-11-23T18:40:12","modified_gmt":"2023-11-23T18:40:12","slug":"svortudagur-er-frabaert-ord","status":"publish","type":"post","link":"https:\/\/uni.hi.is\/eirikur\/2022\/11\/23\/svortudagur-er-frabaert-ord\/","title":{"rendered":"Sv\u00f6rtudagur er fr\u00e1b\u00e6rt or\u00f0!"},"content":{"rendered":"<p>\u00dea\u00f0 er skammt s\u00ed\u00f0an bandar\u00edska verslunarh\u00e1t\u00ed\u00f0in <em>Black Friday<\/em> festi sig r\u00e6kilega \u00ed sessi \u00e1 \u00cdslandi. \u00cd j\u00f3labla\u00f0i <em>Morgunbla\u00f0sins <\/em>2010 er sagt fr\u00e1 bandar\u00edskum h\u00e1t\u00ed\u00f0isd\u00f6gum, fyrst \u00feakkargj\u00f6r\u00f0arh\u00e1t\u00ed\u00f0inni en s\u00ed\u00f0an <a href=\"https:\/\/timarit.is\/page\/5343016?iabr=on&amp;fbclid=IwAR20ftBE-lAn22Ba-WvI0kGUGrN1riAJGDrrtr_FXPg0VQP9HfB5tflMmTg#page\/n102\/\">segir<\/a>: \u201eDaginn eftir hefst formleg j\u00f3laverslun, \u00fe\u00e1 eru b\u00fa\u00f0ir opna\u00f0ar klukkan fimm um morguninn ef \u00feeim hefur yfir h\u00f6fu\u00f0 veri\u00f0 loka\u00f0. \u201eBlack Friday\u201c e\u00f0a f\u00f6studagurinn svarti er nafni\u00f0 sem \u00feessi dagur gengur undir. \u00dea\u00f0 er ekki l\u00f6gbundinn fr\u00eddagur en flestir atvinnurekendur gefa fr\u00ed \u00feennan fyrsta dag eftir \u00feakkargj\u00f6r\u00f0ina.\u201c \u00dearna er \u00feessi dagur greinilega \u00f3\u00feekktur \u00e1 \u00cdslandi en \u00fea\u00f0 breyttist flj\u00f3tt \u2013 \u00e1ri\u00f0 eftir er <a href=\"https:\/\/timarit.is\/page\/5150826?iabr=on&amp;fbclid=IwAR3NogSqaDaa6YuFaBa-lubkb6yEWcFOUqj7x0iUKWOOh8xkY5YXnYtfN-g#page\/n8\">augl\u00fdst<\/a> \u201eBLACK FRIDAY \u00ed fyrsta sinn \u00e1 \u00cdslandi\u201c og s\u00ed\u00f0an hefur v\u00e6gi dagsins \u00ed versluninni fari\u00f0 s\u00edvaxandi.<\/p>\n<p>\u00dea\u00f0 hefur veri\u00f0 m\u00f6rgum \u00feyrnir \u00ed augum a\u00f0 heiti dagsins skuli teki\u00f0 hr\u00e1tt upp \u00far ensku \u00fe\u00f3tt vitanlega v\u00e6ri au\u00f0velt a\u00f0 \u00fe\u00fd\u00f0a \u00fea\u00f0. Vissulega er stundum augl\u00fdstur <em>svartur f\u00f6studagur<\/em> og a\u00f0rar <a href=\"https:\/\/l.facebook.com\/l.php?u=https%3A%2F%2Fwww.visir.is%2Fg%2F20212187791d%3Ffbclid%3DIwAR087iSAYsGKI5I1-bxhjPFfP6IOysNuLfJLphtYlIWU8VhpgjtllQenpEA&amp;h=AT3uPFGxj2ZZAFsoD4gFOrbZAWmM3Qmg_vNzf0YLxLWDS5q2osFoe0I0Q_fAX5aPszxWtwFXq5doAozVD1h4NcDk8J2kXI0jeGz6zN1XZqSMmGojsfkg72JURLQ3LWHbdA&amp;__tn__=-UK-R&amp;c%5b0%5d=AT3IeVwi-aaOoYFE2g-nHNEShywvqbUO7mVLXVvnDXHMC-YNEQPvhS-LT0ZFv710t50LMDcza3TMS82nATHdT-R8nlCxBcyJuKLzan4Mch7HHLCCiR882lMro1Iqr7pRC-PstNdk9MX6ugyQeJNAZghEj8FjgdoN\">till\u00f6gur<\/a> hafa komi\u00f0 fram, svo sem <em>myrkir marka\u00f0sdagar<\/em>, <em>svartur f\u00f6ssari<\/em> <a href=\"https:\/\/nyyrdi.arnastofnun.is\/nyyrdi\/3210?fbclid=IwAR2jDverEohuyN44ntKNJbalaNjLlSxYxnkp0LAylBA7g-ae3URCsBECuZo\">og<\/a> <em>bl\u00f6kkudagur<\/em>. \u00c1 <em>N\u00fdyr\u00f0avef \u00c1rnastofnunar<\/em> er einnig a\u00f0 <a href=\"https:\/\/nyyrdi.arnastofnun.is\/nyyrdi\/3535?fbclid=IwAR26kYHaO0osBQC5U33KThNONt6fWigd_o8FRYS9B28A5ojAS1UQJV70C6Y\">finna<\/a> or\u00f0i\u00f0 <em>sv\u00f6rtudagur <\/em>sem \u00fear er raki\u00f0 til <a href=\"https:\/\/www.facebook.com\/66nordur\/posts\/2089927817687813\/?__cft__%5b0%5d=AZVj_v6BF7hXTb89yKW8qx2p-iWkXaar92qKLUFtRoIPWMlgRvOkKn_kU_R3z-NeuIdfPZwx6MG3uyv0q9oTt429QCBO_hIYKkXXi4W73R-eYcdsdnbfeBQZ_5P5iuS06klSbSiAE4VL8YK36KJJzh9i&amp;__tn__=-UK-R\">augl\u00fdsingar<\/a> fr\u00e1 66\u00b0Nor\u00f0ur \u00e1ri\u00f0 2017, en elsta d\u00e6mi sem \u00e9g finn um or\u00f0i\u00f0 er \u00ed <a href=\"https:\/\/l.facebook.com\/l.php?u=https%3A%2F%2Fwww.mbl.is%2Fgreinasafn%2Fgrein%2F1577358%2F%3Ffbclid%3DIwAR09rTa4ZVxHe5_8fGWTWHjNd-7vVBmHRCG6ejA6bXEkB8muTyyJ780UfQw&amp;h=AT3RBm1l2fu5xRKhJSMtkVEUXzR0SPeYRaVACq5yd9AqfhUWy1B682ChUiJxWEPyVOmBasoFkcurWUfCcSfRbAQNymP4tXd32xTm-zAkHNm6ssTMi6dyG07YD_U4F-BbVg&amp;__tn__=-UK-R&amp;c%5b0%5d=AT3IeVwi-aaOoYFE2g-nHNEShywvqbUO7mVLXVvnDXHMC-YNEQPvhS-LT0ZFv710t50LMDcza3TMS82nATHdT-R8nlCxBcyJuKLzan4Mch7HHLCCiR882lMro1Iqr7pRC-PstNdk9MX6ugyQeJNAZghEj8FjgdoN\">br\u00e9fi<\/a> fr\u00e1 Bjartmari nokkrum \u00ed Velvakanda <em>Morgunbla\u00f0sins<\/em> \u00e1ri\u00f0 2015 \u00fear sem lagt er til \u201ea\u00f0 atbur\u00f0ur \u00feessi ver\u00f0i kalla\u00f0ur \u201ef\u00f6studags\u00fatsalan\u201c e\u00f0a jafnvel \u201eSv\u00f6rtudagur\u201c, ef s\u00e1 g\u00e1llinn er \u00e1 verslunarf\u00f3lki\u201c. N\u00fa hefur vefverslunin <em>Boozt.com<\/em> teki\u00f0 \u00feetta <a href=\"https:\/\/www.boozt.com\/is\/is?fbclid=IwAR2jDverEohuyN44ntKNJbalaNjLlSxYxnkp0LAylBA7g-ae3URCsBECuZo\">or\u00f0<\/a> upp \u00e1 s\u00edna arma.<\/p>\n<p>Sumum <a href=\"https:\/\/www.facebook.com\/groups\/malspjall\/posts\/1013824123344993?__cft__%5b0%5d=AZVj_v6BF7hXTb89yKW8qx2p-iWkXaar92qKLUFtRoIPWMlgRvOkKn_kU_R3z-NeuIdfPZwx6MG3uyv0q9oTt429QCBO_hIYKkXXi4W73R-eYcdsdnbfeBQZ_5P5iuS06klSbSiAE4VL8YK36KJJzh9i&amp;__tn__=-UK-R\">finnst<\/a>\u00a0or\u00f0i\u00f0 <em>sv\u00f6rtudagur<\/em> hlj\u00f3ma \u00f3e\u00f0lilega og ekki vera r\u00e9tt mynda\u00f0 og \u00fea\u00f0 er skiljanlegt. Reyndar er or\u00f0i\u00f0 stundum haft \u00ed fleirt\u00f6lu og tala\u00f0 um <em>sv\u00f6rtudaga, <\/em>enda hefur \u00feessi h\u00e1t\u00ed\u00f0 verslunarinnar \u00feanist \u00fat eins og sl\u00edkum vi\u00f0bur\u00f0um er gjarnt og jafnvel <a href=\"https:\/\/l.facebook.com\/l.php?u=https%3A%2F%2Fwww.benni.is%2FForsida%2FFrettir%2FKlikkud_Black_Friday_vika_fra_22.__29._november.%2F%3Ffbclid%3DIwAR260b0U_o5HG5mjJdTsDlrkgX2-KZaKdodm-jb50rzpxWy61n0yHQ5DJjM&amp;h=AT1OrN7t3S9vvO-6T5I4GkZ_rnlIN5vycosHL1Bp1acp3kREnTd3fNCo9u9KVcpjgl7s6MF5AqqcotmByvIFDvXs2JwerbhJV-szLOzxSO5B9UqRWi81kY5-QDT3mdRljQ&amp;__tn__=-UK-R&amp;c%5b0%5d=AT3IeVwi-aaOoYFE2g-nHNEShywvqbUO7mVLXVvnDXHMC-YNEQPvhS-LT0ZFv710t50LMDcza3TMS82nATHdT-R8nlCxBcyJuKLzan4Mch7HHLCCiR882lMro1Iqr7pRC-PstNdk9MX6ugyQeJNAZghEj8FjgdoN\">tala\u00f0<\/a> um \u201eBlack Friday viku\u201c. Or\u00f0i\u00f0 <em>sv\u00f6rtudagar<\/em> g\u00e6ti sem best veri\u00f0 samsett \u00far l\u00fdsingaror\u00f0i og nafnor\u00f0i, (<em>hinir<\/em>) <em>sv\u00f6rtu dagar<\/em>, og hli\u00f0st\u00e6\u00f0 or\u00f0 eru til \u00ed m\u00e1linu, svo sem <em>Sv\u00f6rtuloft<\/em> og <em>Lj\u00f3sufj\u00f6ll<\/em>. En ef or\u00f0i\u00f0 er haft \u00ed eint\u00f6lu, eins og vissulega er algengast, vandast m\u00e1li\u00f0. Mi\u00f0a\u00f0 vi\u00f0 sama skilning \u00e1 or\u00f0mynduninni \u00e6tti \u00fea\u00f0 a\u00f0 vera <em>sv<strong>a<\/strong>rt<strong>i<\/strong>dagur<\/em>, \u00fe.e. (<em>hinn<\/em>) <em>svarti dagur<\/em>, en ekki <em>sv<strong>\u00f6<\/strong>rt<strong>u<\/strong>dagur<\/em> eins og \u00fea\u00f0 er \u00fe\u00f3 haft \u00ed augl\u00fdsingum. \u00de\u00fd\u00f0ir \u00fea\u00f0 a\u00f0 <em>sv\u00f6rtudagur<\/em> s\u00e9 rangt mynda\u00f0 or\u00f0?<\/p>\n<p>Ekki endilega. \u00dea\u00f0 eru \u00fdmis d\u00e6mi um \u00fea\u00f0 \u00ed m\u00e1linu a\u00f0 nefnifall or\u00f0a, einkum \u00f6rnefna og annarra s\u00e9rnafna, hafi or\u00f0i\u00f0 fyrir \u00e1hrifum fr\u00e1 aukaf\u00f6llunum og s\u00e9 \u00feannig ekki \u201er\u00f6kr\u00e9tt\u201c mi\u00f0a\u00f0 vi\u00f0 venjulegar or\u00f0myndunarreglur. \u00deekktasta d\u00e6mi\u00f0 um \u00fea\u00f0 er l\u00edklega heiti\u00f0 <em>Fj\u00f6r\u00f0ur<\/em>(<em>nar<\/em>) sem haft er \u00ed kvenkyni \u00fe\u00f3tt or\u00f0i\u00f0 <em>fj\u00f6r\u00f0ur<\/em> s\u00e9 karlkynsor\u00f0. \u00dear er b\u00fain til n\u00fd grunnmynd \u00fat fr\u00e1 \u00fe\u00e1gufalli fleirt\u00f6lu <em>fj\u00f6r\u00f0um<\/em> vegna \u00feess a\u00f0 \u00fe\u00e1gufall fleirt\u00f6lu er eins \u00ed \u00f6llum kynjum. \u00d6nnur d\u00e6mi eru or\u00f0 eins og <em>Brei\u00f0<strong>a<\/strong>fj\u00f6r\u00f0ur<\/em> og <em>Rau\u00f0<strong>a<\/strong>sandur <\/em>\u00fear sem <em><a href=\"https:\/\/www.visindavefur.is\/svar.php?id=78166\">Brei\u00f0<strong>i<\/strong>fj\u00f6r\u00f0ur<\/a><\/em> og <em><a href=\"https:\/\/is.wikipedia.org\/wiki\/Rau%C3%B0isandur\">Rau\u00f0<strong>i<\/strong>sandur<\/a><\/em>\u00a0v\u00e6ri r\u00f6kr\u00e9tt (og vissulega einnig nota\u00f0). \u00dea\u00f0 v\u00e6ri h\u00e6gt a\u00f0 hugsa s\u00e9r hli\u00f0st\u00e6tt ferli \u00ed <em>sv\u00f6rtudagur<\/em> \u2013 \u00fear v\u00e6ri \u201e\u00f3r\u00f6kr\u00e9tt\u201c eintala b\u00fain til \u00fat fr\u00e1 e\u00f0lilegu fleirt\u00f6lunni <em>sv\u00f6rtudagar<\/em>.<\/p>\n<p>En \u00fe\u00f3tt \u00feessi sk\u00fdring s\u00e9 vel hugsanleg er \u00f6nnur sem liggur mun beinna vi\u00f0. H\u00fan er s\u00fa a\u00f0 segja a\u00f0 \u00e1 bak vi\u00f0 liggi myndin <em>svart<strong>i<\/strong>dagur <\/em>sem \u00e1\u00f0ur er nefnd, en -<em>i<\/em> \u00ed lok seinni hlutans breytist \u00ed -<em>u<\/em> fyrir \u00e1hrif fr\u00e1 heitum vikudaganna sem \u00f6ll nema eitt hafa fyrri hluta sem endar \u00e1 -<em>u<\/em>. \u00cd <em>sunn<strong>u<\/strong>dagur<\/em>, <em>mi\u00f0vik<strong>u<\/strong>dagur<\/em> og <em>f\u00f6st<strong>u<\/strong>dagur<\/em> er fyrri hlutinn kvenkynsor\u00f0in <em>sunna<\/em>, (<em>mi\u00f0<\/em>)<em>vika<\/em> og <em>fasta<\/em> sem enda \u00e1 -<em>u<\/em> \u00ed eignarfalli \u00feannig a\u00f0 \u00feetta eru e\u00f0lilegar eignarfallssamsetningar. En \u00ed <em>m\u00e1n<strong>u<\/strong>dagur<\/em> er fyrri hlutinn karlkynsor\u00f0i\u00f0 <em>m\u00e1ni<\/em> enda er eldri mynd <a href=\"https:\/\/l.facebook.com\/l.php?u=https%3A%2F%2Fonp.ku.dk%2Fonp%2Fonp.php%3Fo52019%26fbclid%3DIwAR32GcuUSBJDqIrfJ6OlzAulLGqknbUvUYE61XNtnaTMZkGZrRAleuNPriw&amp;h=AT0wtbL7f0bDwbSubxlen6qao3wDtKT-ULic_1GjsyWXH4rPn27DiF-yIKDfcHi0iqI0DXXJnClSq-VfPVgPmBo1zQbNFjpdzJw_ND5NN6VitYrI73ufpkSxu5-scnieBg&amp;__tn__=-UK-R&amp;c%5b0%5d=AT3IeVwi-aaOoYFE2g-nHNEShywvqbUO7mVLXVvnDXHMC-YNEQPvhS-LT0ZFv710t50LMDcza3TMS82nATHdT-R8nlCxBcyJuKLzan4Mch7HHLCCiR882lMro1Iqr7pRC-PstNdk9MX6ugyQeJNAZghEj8FjgdoN\"><em>m\u00e1n<\/em><strong><em>a<\/em><\/strong><em>dagur<\/em><\/a>, og einnig m\u00e6tti b\u00faast vi\u00f0 myndunum <a href=\"https:\/\/l.facebook.com\/l.php?u=https%3A%2F%2Fonp.ku.dk%2Fonp%2Fonp.php%3Fo90357%26fbclid%3DIwAR0L0Xadom-JGHY27YyG34yRV6A0581A-ZnvmDpLSNousdAdtSoKjxa5NZA&amp;h=AT1-XON9moXIA78hs71KjMt8-WUOuecwIoVdGPk0GSBRsuMse4fNFXh1gEVkMUMg23JlVA5jhx3T7GQverbhM8vKSOz7StB4Dwxe7ARiyInCjh_FULdhr03wogU8AVZisA&amp;__tn__=-UK-R&amp;c%5b0%5d=AT3IeVwi-aaOoYFE2g-nHNEShywvqbUO7mVLXVvnDXHMC-YNEQPvhS-LT0ZFv710t50LMDcza3TMS82nATHdT-R8nlCxBcyJuKLzan4Mch7HHLCCiR882lMro1Iqr7pRC-PstNdk9MX6ugyQeJNAZghEj8FjgdoN\"><em>\u00feri\u00f0j<\/em><strong><em>i<\/em><\/strong><em>dagur<\/em><\/a> og <a href=\"https:\/\/onp.ku.dk\/onp\/onp.php?o20601&amp;fbclid=IwAR1y26FhxSFnnp0r7R1Tk17vq5rSFzAD2XD66Hxkc5RgdK04CylWqiu5k2E\"><em>fimmt<\/em><strong><em>i<\/em><\/strong><em>dagur<\/em><\/a>. \u00deannig voru or\u00f0in l\u00edka \u00ed fornm\u00e1li, en -<em>u<\/em> hefur komi\u00f0 \u00ed sta\u00f0 -<em>i<\/em> fyrir \u00e1hrif fr\u00e1 \u00f6\u00f0rum dagaheitum.<\/p>\n<p>\u00deegar -<em>u<\/em> kemur \u00ed sta\u00f0\u00a0-<em>i <\/em>m\u00e6tti b\u00faast vi\u00f0 a\u00f0 \u00fatkoman yr\u00f0i *<em>svart<strong>u<\/strong>dagur<\/em>. En sl\u00edk mynd stenst ekki \u2013 \u00fea\u00f0 er \u00f3fr\u00e1v\u00edkjanleg regla a\u00f0 <em>\u00f6<\/em> komi \u00ed sta\u00f0 <em>a<\/em> ef <em>u <\/em>stendur \u00ed n\u00e6sta atkv\u00e6\u00f0i \u00e1 eftir vi\u00f0 a\u00f0st\u00e6\u00f0ur af \u00feessu tagi. \u00datkoman ver\u00f0ur \u00fe\u00e1 <em>sv\u00f6rt<strong>u<\/strong>dagur<\/em> sem er samkv\u00e6mt \u00feessu fullkomlega e\u00f0lileg mynd, alveg \u00ed samr\u00e6mi vi\u00f0 reglur m\u00e1lsins og einmitt s\u00fa sem vi\u00f0 m\u00e6tti b\u00faast \u2013 og vi\u00f0 b\u00e6tist hlj\u00f3\u00f0l\u00edking vi\u00f0 <em>f\u00f6studagur<\/em>. <span data-offset-key=\"d38pm-0-22\">Au\u00f0vita\u00f0 tekur samt t\u00edma a\u00f0 venjast or\u00f0inu <\/span><em>sv\u00f6rtudagur<\/em><span data-offset-key=\"d38pm-0-24\"> eins og \u00f6\u00f0rum n\u00fdjum or\u00f0um, en m\u00e9r finnst \u00fe<\/span><span data-offset-key=\"d38pm-1-0\">etta<\/span><span data-offset-key=\"d38pm-2-0\"> fr\u00e1b\u00e6rt or\u00f0 og hvet alla augl\u00fdsendur til a\u00f0 nota \u00fea\u00f0 \u00ed sta\u00f0 <\/span><em>Black Friday<\/em><span data-offset-key=\"d38pm-2-2\">. <\/span>\u00cd lokin er svo um a\u00f0 gera a\u00f0 rifja upp hi\u00f0 st\u00f3rkostlega <a class=\"x1i10hfl xjbqb8w x6umtig x1b1mbwd xaqea5y xav7gou x9f619 x1ypdohk xt0psk2 xe8uvvx xdj266r x11i5rnm xat24cr x1mh8g0r xexx8yu x4uap5 x18d9i69 xkhd6sd x16tdsg8 x1hl2dhg xggy1nq x1a2a7pz xt0b8zv xzsf02u x1s688f\" role=\"link\" href=\"https:\/\/www.facebook.com\/bragivaldimar\/posts\/pfbid0hvBwrKisasP5TXMC6Qa5YqzyqdyfHBafVrTVq5q2Ywpyx9gHZEzsx71BDxA1q6dYl?__cft__[0]=AZVg4uAPuZywyTdJust796saTAf1FxZYHt0VGLJgHHzrt6fP5p5Hx_ShOOJOi_y7u3s9SUvcy54DmyxwUWJupYuNkZtisdoUjBK5426WDR27l4PeQds2QDiDOPHNFu-CKSPRCr2-aHUzatCuDH77PnQm&amp;__tn__=-UK-R\">lj\u00f3\u00f0<\/a>\u00a0<i>Svartfasta eftir\u00a0<\/i>J\u00f3nasarver\u00f0launahafa \u00e1rsins, Braga Valdimar Sk\u00falason.<\/p>\n","protected":false},"excerpt":{"rendered":"<p>\u00dea\u00f0 er skammt s\u00ed\u00f0an bandar\u00edska verslunarh\u00e1t\u00ed\u00f0in Black Friday festi sig r\u00e6kilega \u00ed sessi \u00e1 \u00cdslandi. \u00cd j\u00f3labla\u00f0i Morgunbla\u00f0sins 2010 er sagt fr\u00e1 bandar\u00edskum h\u00e1t\u00ed\u00f0isd\u00f6gum, fyrst \u00feakkargj\u00f6r\u00f0arh\u00e1t\u00ed\u00f0inni en s\u00ed\u00f0an segir: \u201eDaginn eftir hefst formleg j\u00f3laverslun, \u00fe\u00e1 eru b\u00fa\u00f0ir opna\u00f0ar klukkan fimm um morguninn ef \u00feeim hefur yfir h\u00f6fu\u00f0 veri\u00f0 loka\u00f0. \u201eBlack Friday\u201c e\u00f0a f\u00f6studagurinn svarti er [&hellip;]<\/p>\n","protected":false},"author":141,"featured_media":0,"comment_status":"open","ping_status":"open","sticky":false,"template":"","format":"standard","meta":{"footnotes":""},"categories":[158635],"tags":[],"class_list":["post-4695","post","type-post","status-publish","format-standard","hentry","category-malfar"],"_links":{"self":[{"href":"https:\/\/uni.hi.is\/eirikur\/wp-json\/wp\/v2\/posts\/4695","targetHints":{"allow":["GET"]}}],"collection":[{"href":"https:\/\/uni.hi.is\/eirikur\/wp-json\/wp\/v2\/posts"}],"about":[{"href":"https:\/\/uni.hi.is\/eirikur\/wp-json\/wp\/v2\/types\/post"}],"author":[{"embeddable":true,"href":"https:\/\/uni.hi.is\/eirikur\/wp-json\/wp\/v2\/users\/141"}],"replies":[{"embeddable":true,"href":"https:\/\/uni.hi.is\/eirikur\/wp-json\/wp\/v2\/comments?post=4695"}],"version-history":[{"count":9,"href":"https:\/\/uni.hi.is\/eirikur\/wp-json\/wp\/v2\/posts\/4695\/revisions"}],"predecessor-version":[{"id":5752,"href":"https:\/\/uni.hi.is\/eirikur\/wp-json\/wp\/v2\/posts\/4695\/revisions\/5752"}],"wp:attachment":[{"href":"https:\/\/uni.hi.is\/eirikur\/wp-json\/wp\/v2\/media?parent=4695"}],"wp:term":[{"taxonomy":"category","embeddable":true,"href":"https:\/\/uni.hi.is\/eirikur\/wp-json\/wp\/v2\/categories?post=4695"},{"taxonomy":"post_tag","embeddable":true,"href":"https:\/\/uni.hi.is\/eirikur\/wp-json\/wp\/v2\/tags?post=4695"}],"curies":[{"name":"wp","href":"https:\/\/api.w.org\/{rel}","templated":true}]}}