{"id":4705,"date":"2022-11-28T22:52:10","date_gmt":"2022-11-28T22:52:10","guid":{"rendered":"https:\/\/uni.hi.is\/eirikur\/?p=4705"},"modified":"2022-11-28T23:01:35","modified_gmt":"2022-11-28T23:01:35","slug":"ny-forsetning","status":"publish","type":"post","link":"https:\/\/uni.hi.is\/eirikur\/2022\/11\/28\/ny-forsetning\/","title":{"rendered":"N\u00fd forsetning"},"content":{"rendered":"<p>N\u00fa er komin <a href=\"https:\/\/l.facebook.com\/l.php?u=https%3A%2F%2Fmalheildir.arnastofnun.is%2F%3Fmode%3Drmh2022%26fbclid%3DIwAR2v6Z1Zsh30gVNIBGBIWOzQCVJ6ZHvtPQTLAJvTfr8NvPwfjrYJIWoC-vs&amp;h=AT0fSTL_S3uI5AUJHcJ2KsSZiuE7JhxrUP2JjID4JW0fVG1Dki39Kelab18XiZRkZr4FJRw5S6eZ_2tqbDH5oq5R-QDtU65a7tkmunkOdvLjMbZDpo_QKhU84Lccszbx2w&amp;__tn__=-UK-R&amp;c%5b0%5d=AT0nkz1CtpWBUa23eStJw23tl5vFx-jk3-FZvnUr2Hki5duTTcrTRGwF7moP6Avkr218-JXcaGErfDJDZ3XU6fqK87k4Z1btLuPdGhcNv7uWWG5OkCKEeiBKDsbG1IuWQgJ-FR9ZS9noGFVUdxAOS6AQG8Zpr1po\">n\u00fd \u00fatg\u00e1fa<\/a> af <em>Risam\u00e1lheildinni<\/em> (2022) sem hefur a\u00f0 geyma h\u00e1tt \u00ed 2,7 milljar\u00f0a or\u00f0a \u2013 r\u00famum milljar\u00f0i meira en fyrri \u00fatg\u00e1fa fr\u00e1 2019. \u00de\u00f3tt \u00feessi st\u00e6kkun s\u00e9 mikilv\u00e6g skiptir samt meira m\u00e1li a\u00f0 \u00fearna eru komnar inn n\u00fdjar textategundir \u00feannig a\u00f0 fj\u00f6lbreytni m\u00e1lheildarinnar eykst a\u00f0 mun. \u00dear munar mest um r\u00famlega 800 millj\u00f3nir or\u00f0a af samf\u00e9lagsmi\u00f0lum \u2013 texta af spjall\u00fer\u00e1\u00f0um og bloggs\u00ed\u00f0um og tv\u00edt af Twitter. M\u00e1lsni\u00f0 \u00feessara texta er \u00f3formlegt og stendur n\u00e6rri talm\u00e1li og \u00feeir eru \u00fev\u00ed \u00f3metanlegir til margs kyns m\u00e1lranns\u00f3kna. Vita\u00f0 er a\u00f0 m\u00e1lbreytingar koma yfirleitt upp \u00ed talm\u00e1li og oft getur li\u00f0i\u00f0 t\u00f6luver\u00f0ur t\u00edmi \u00fear til fer a\u00f0 b\u00f3la \u00e1 \u00feeim \u00ed formlegu ritm\u00e1li.<\/p>\n<p>Eitt sl\u00edkt d\u00e6mi er or\u00f0i\u00f0 <em>hli\u00f0in\u00e1<\/em>. Um \u00fea\u00f0 skrifa\u00f0i \u00e9g <a href=\"https:\/\/l.facebook.com\/l.php?u=https%3A%2F%2Funi.hi.is%2Feirikur%2F2021%2F01%2F09%2Fhlidina%2F%3Ffbclid%3DIwAR2dgoTdHO82ziqZtTS3V5N8mh2zLVXEcuLKumFw7A_SNtP4RKxZSIUrAik&amp;h=AT2cfUAGpkEi8FhA6_W7iajtCBiRU3gIPpT-Q_nPJU6kiqteuMG0EZ35Ho0oKaWLkiHwFbj5dlvnEh2_6aJw9tBVoCBdDBfy_7bwSC62c1S3bEK9kC1vO6U4A1Tocpynvw&amp;__tn__=-UK-R&amp;c%5b0%5d=AT0nkz1CtpWBUa23eStJw23tl5vFx-jk3-FZvnUr2Hki5duTTcrTRGwF7moP6Avkr218-JXcaGErfDJDZ3XU6fqK87k4Z1btLuPdGhcNv7uWWG5OkCKEeiBKDsbG1IuWQgJ-FR9ZS9noGFVUdxAOS6AQG8Zpr1po\">pistil<\/a> fyrir t\u00e6pum tveimur \u00e1rum og sag\u00f0i: \u201eN\u00fdlega var m\u00e9r bent \u00e1 a\u00f0 ungt f\u00f3lk v\u00e6ri fari\u00f0 a\u00f0 nota <em>hli\u00f0in\u00e1<\/em> \u00ed sta\u00f0 sambandsins <em>vi\u00f0 hli\u00f0ina \u00e1<\/em>, t.d. <em>\u00e9g st\u00f3\u00f0 hli\u00f0in\u00e1 henni<\/em>, <em>h\u00fasi\u00f0 er hli\u00f0in\u00e1 b\u00fa\u00f0inni<\/em>. \u00c9g haf\u00f0i ekki teki\u00f0 eftir \u00feessu en sl\u00e6\u00f0ingur af d\u00e6mum finnst me\u00f0 g\u00fagli og \u00ed <em>Risam\u00e1lheildinni<\/em> eru 17 d\u00e6mi. Talsvert fleiri d\u00e6mi, 76 talsins, eru um <em>vi\u00f0 hli\u00f0in\u00e1<\/em>, \u00fear sem fyrri forsetningin heldur s\u00e9r en nafnor\u00f0i\u00f0 og s\u00fa seinni renna saman. Sl\u00edkur samruni er vitaskuld fullkomlega e\u00f0lilegur \u00ed frambur\u00f0i en venjulega ekki vi\u00f0urkenndur \u00ed ritm\u00e1li, \u00fear sem reglan er s\u00fa a\u00f0 fara eftir uppruna \u2013 \u00fe\u00f3tt stundum s\u00e9 rita\u00f0 <em>on\u00ed<\/em>, <em>ni\u00f0r\u00ed<\/em>, <em>upp\u00ed<\/em> o.fl. samr\u00e6mist \u00fea\u00f0 ekki <a href=\"https:\/\/ritreglur.arnastofnun.is\/?fbclid=IwAR3FCy1kpqqbUHrlgs9GUm2HOA-cuwSrS_BVlVRNdCw9UY18eIUP8OBFeJg#2.\">ritreglum<\/a>.\u201c<\/p>\n<p>N\u00fa leita\u00f0i \u00e9g aftur a\u00f0 <em>hli\u00f0in\u00e1 <\/em>\u00ed n\u00fdju <em>Risam\u00e1lheildinni<\/em> og \u00fear var\u00f0 aldeilis anna\u00f0 uppi \u00e1 teningnum. N\u00fa fannst alls 1881 d\u00e6mi um <em>hli\u00f0in\u00e1<\/em> \u00e1n <em>vi\u00f0<\/em>, setningar eins og \u201ehann situr n\u00fa oftast me\u00f0 t\u00f6lvuna hli\u00f0in\u00e1 m\u00e9r \u00ed s\u00f3fanum\u201c. N\u00e6rri \u00f6ll d\u00e6min, <a href=\"https:\/\/l.facebook.com\/l.php?u=https%3A%2F%2Fmalheildir.arnastofnun.is%2F%3Fmode%3Drmh2022%26fbclid%3DIwAR2dgoTdHO82ziqZtTS3V5N8mh2zLVXEcuLKumFw7A_SNtP4RKxZSIUrAik%23%3Fstats_reduce%3Dword%26isCaseInsensitive%26searchBy%3Dword%26cqp%3D%255Bword%2520!%253D%2520%2522vi%25C3%25B0%2522%2520%2525c%255D%2520%255B%255D%257B0%2C0%257D%2520%255Bword%2520%253D%2520%2522hli%25C3%25B0in%25C3%25A1%2522%2520%2525c%255D%26prefix%26search_tab%3D1%26hpp%3D1000%26corpus%3Digc22_social1_malefnin%2Cigc22_social1_hugi%2Cigc22_social1_bland%2Cigc22_social2_jonas%2Cigc22_social2_heimur%2Cigc22_social2_silfuregils%2Cigc22_social3%26search%3Dcqp&amp;h=AT3BW2Dv6I24z_CEmgrjuMJK2duioHmmtq-fzBLEfKHQnDUkSLoYrfqrwcwuZ6cBz8ioD5zN-vcdAu70RKVa4ZdSQJqoFXQFedVkFpRptrl98vnnuFVrXC5eX4qFo5W5ew&amp;__tn__=-UK-R&amp;c%5b0%5d=AT0nkz1CtpWBUa23eStJw23tl5vFx-jk3-FZvnUr2Hki5duTTcrTRGwF7moP6Avkr218-JXcaGErfDJDZ3XU6fqK87k4Z1btLuPdGhcNv7uWWG5OkCKEeiBKDsbG1IuWQgJ-FR9ZS9noGFVUdxAOS6AQG8Zpr1po\">1860<\/a>, eru af samf\u00e9lagsmi\u00f0lum. D\u00e6mi um <em>vi\u00f0 hli\u00f0in\u00e1 <\/em>eru 4579 \u2013 langflest, 4663, af samf\u00e9lagsmi\u00f0lum. Einnig er <em>hli\u00f0ina \u00e1<\/em> i\u00f0ulega skrifa\u00f0 \u00ed tvennu lagi \u00e1n \u00feess a\u00f0 <em>vi\u00f0 <\/em>s\u00e9 \u00e1 undan, d\u00e6mi eins og \u201eSk\u00f3linn minn er hli\u00f0ina \u00e1 h\u00fasinu m\u00ednu\u201c. Sl\u00edk d\u00e6mi skipta hundru\u00f0um \u00e1 samf\u00e9lagsmi\u00f0lum, en ekki er h\u00e6gt a\u00f0 tilgreina n\u00e1kv\u00e6ma t\u00f6lu vegna \u00feess a\u00f0 \u00fea\u00f0 er \u00fatiloka\u00f0 a\u00f0 greina sl\u00edk d\u00e6mi v\u00e9lr\u00e6nt fr\u00e1 d\u00e6mum \u00fear sem <em>vi\u00f0<\/em> \u00e1 ekki a\u00f0 vera, eins og \u201e\u00c9g hef bara veri\u00f0 a\u00f0 tala um lagalegu hli\u00f0ina \u00e1 \u00feessu\u201c.<\/p>\n<p>\u00deetta er \u00fev\u00ed mj\u00f6g sk\u00fdrt d\u00e6mi um m\u00e1lbreytingu sem greinilega er or\u00f0in mj\u00f6g \u00fatbreidd \u00ed \u00f3formlegu m\u00e1lsni\u00f0i en vart fari\u00f0 a\u00f0 g\u00e6ta \u00ed venjulegu ritm\u00e1li. Eins og \u00e9g nefndi \u00ed <a href=\"https:\/\/l.facebook.com\/l.php?u=https%3A%2F%2Funi.hi.is%2Feirikur%2F2021%2F01%2F09%2Fhlidina%2F%3Ffbclid%3DIwAR1CWwfcS7NsFUdWRukz_slFrQuEj0XDxS-FXt_XS9MsRqVlKIx8YgMj6b0&amp;h=AT2cfUAGpkEi8FhA6_W7iajtCBiRU3gIPpT-Q_nPJU6kiqteuMG0EZ35Ho0oKaWLkiHwFbj5dlvnEh2_6aJw9tBVoCBdDBfy_7bwSC62c1S3bEK9kC1vO6U4A1Tocpynvw&amp;__tn__=-UK-R&amp;c%5b0%5d=AT0nkz1CtpWBUa23eStJw23tl5vFx-jk3-FZvnUr2Hki5duTTcrTRGwF7moP6Avkr218-JXcaGErfDJDZ3XU6fqK87k4Z1btLuPdGhcNv7uWWG5OkCKEeiBKDsbG1IuWQgJ-FR9ZS9noGFVUdxAOS6AQG8Zpr1po\">fyrri pistli<\/a> um <em>hli\u00f0in\u00e1<\/em> \u00e1 \u00feetta s\u00e9r sk\u00fdra hli\u00f0st\u00e6\u00f0u \u00ed tilur\u00f0 forsetninga eins og <em>bak vi\u00f0<\/em>, <em>sakir<\/em> og <em>s\u00f6kum<\/em> \u2013 \u00ed \u00f6llum tilvikum hefur forsetning falli\u00f0 framan af nafnor\u00f0i sem vi\u00f0 \u00fea\u00f0 hefur or\u00f0i\u00f0 forsetning. \u00cd fyrri pistli sag\u00f0i \u00e9g: \u201e\u00dea\u00f0 er au\u00f0vita\u00f0 h\u00e6gt a\u00f0 amast vi\u00f0 \u00feessari breytingu ef f\u00f3lk vill og kalla \u00feetta hina \u00f6rgustu m\u00e1lvillu. M\u00e9r finnst \u00feetta hins vegar br\u00e1\u00f0skemmtilegt d\u00e6mi um a\u00f0 \u00edslenskan er sprelllifandi og getur jafnvel b\u00e6tt or\u00f0um \u00ed h\u00f3p forsetninga sem venjulega er talinn loka\u00f0ur or\u00f0flokkur. [\u2026] M\u00e9r finnst a\u00f0 vi\u00f0 eigum a\u00f0 taka <em>hli\u00f0in\u00e1<\/em> fagnandi.\u201c<\/p>\n","protected":false},"excerpt":{"rendered":"<p>N\u00fa er komin n\u00fd \u00fatg\u00e1fa af Risam\u00e1lheildinni (2022) sem hefur a\u00f0 geyma h\u00e1tt \u00ed 2,7 milljar\u00f0a or\u00f0a \u2013 r\u00famum milljar\u00f0i meira en fyrri \u00fatg\u00e1fa fr\u00e1 2019. \u00de\u00f3tt \u00feessi st\u00e6kkun s\u00e9 mikilv\u00e6g skiptir samt meira m\u00e1li a\u00f0 \u00fearna eru komnar inn n\u00fdjar textategundir \u00feannig a\u00f0 fj\u00f6lbreytni m\u00e1lheildarinnar eykst a\u00f0 mun. \u00dear munar mest um r\u00famlega 800 [&hellip;]<\/p>\n","protected":false},"author":141,"featured_media":0,"comment_status":"open","ping_status":"open","sticky":false,"template":"","format":"standard","meta":{"footnotes":""},"categories":[158635],"tags":[],"class_list":["post-4705","post","type-post","status-publish","format-standard","hentry","category-malfar"],"_links":{"self":[{"href":"https:\/\/uni.hi.is\/eirikur\/wp-json\/wp\/v2\/posts\/4705","targetHints":{"allow":["GET"]}}],"collection":[{"href":"https:\/\/uni.hi.is\/eirikur\/wp-json\/wp\/v2\/posts"}],"about":[{"href":"https:\/\/uni.hi.is\/eirikur\/wp-json\/wp\/v2\/types\/post"}],"author":[{"embeddable":true,"href":"https:\/\/uni.hi.is\/eirikur\/wp-json\/wp\/v2\/users\/141"}],"replies":[{"embeddable":true,"href":"https:\/\/uni.hi.is\/eirikur\/wp-json\/wp\/v2\/comments?post=4705"}],"version-history":[{"count":2,"href":"https:\/\/uni.hi.is\/eirikur\/wp-json\/wp\/v2\/posts\/4705\/revisions"}],"predecessor-version":[{"id":4707,"href":"https:\/\/uni.hi.is\/eirikur\/wp-json\/wp\/v2\/posts\/4705\/revisions\/4707"}],"wp:attachment":[{"href":"https:\/\/uni.hi.is\/eirikur\/wp-json\/wp\/v2\/media?parent=4705"}],"wp:term":[{"taxonomy":"category","embeddable":true,"href":"https:\/\/uni.hi.is\/eirikur\/wp-json\/wp\/v2\/categories?post=4705"},{"taxonomy":"post_tag","embeddable":true,"href":"https:\/\/uni.hi.is\/eirikur\/wp-json\/wp\/v2\/tags?post=4705"}],"curies":[{"name":"wp","href":"https:\/\/api.w.org\/{rel}","templated":true}]}}