{"id":4772,"date":"2022-12-18T13:58:12","date_gmt":"2022-12-18T13:58:12","guid":{"rendered":"https:\/\/uni.hi.is\/eirikur\/?p=4772"},"modified":"2022-12-18T13:58:25","modified_gmt":"2022-12-18T13:58:25","slug":"donaskapur-raduneytis","status":"publish","type":"post","link":"https:\/\/uni.hi.is\/eirikur\/2022\/12\/18\/donaskapur-raduneytis\/","title":{"rendered":"D\u00f3naskapur r\u00e1\u00f0uneytis"},"content":{"rendered":"<p>Lina Hallberg, sem n\u00fdlega lauk BA-pr\u00f3fi \u00ed \u00edslensku sem \u00f6\u00f0ru m\u00e1li og skrifa\u00f0i mj\u00f6g fr\u00f3\u00f0lega <a href=\"https:\/\/skemman.is\/handle\/1946\/40249?fbclid=IwAR1iO9WJ9itnj14SZNw9Bi8t7PZgRKz5PR8CTY1H17fcTizLARcS14XT3Uw\">BA-ritger\u00f0<\/a> um \u00edslensku sem anna\u00f0 m\u00e1l, hefur veri\u00f0 \u00f3\u00fereytandi \u00ed bar\u00e1ttu fyrir b\u00e6ttum vinnubr\u00f6g\u00f0um stj\u00f3rnvalda vi\u00f0 kennslu \u00edslensku sem annars m\u00e1ls. \u00cd vor skrifa\u00f0i \u00e9g h\u00e9r pistil sem <a href=\"https:\/\/l.facebook.com\/l.php?u=https%3A%2F%2Funi.hi.is%2Feirikur%2F2022%2F05%2F31%2Fstjornsyslufusk%2F%3Ffbclid%3DIwAR06H2o1W8XrArl1z6bHj6shs3KT91ALnq4RJKf9LU8swc11Qz5bbUaTgqw&amp;h=AT22-MM30LwTqK7yUqkkdv7KEFcXMfiFdczL8Ld14sVXuyThSPoTltlF-Iio7MFKYI4HuaRcUO6Y3EZRl7Mw15PP4AND38O3VAOL-SGqHWwJqE8u1xiRt2y1nYWBdeJ4dw&amp;__tn__=-UK-R&amp;c%5b0%5d=AT04o9Fmw9FbaGWgR7xTR-Ark0MacsD85Q22iWLicj_LnV51MVF32DmmXZiAltwIRAkuXo5xvtj7tJnPnSsJZZZS_ze5SuXCbbQBW3_EN75nKWJ9bdZSmALKPbUem5LDurX807iIqNFnRPtG_JQ40Wpcd8OrSw1G\">h\u00e9t<\/a> \u201eStj\u00f3rns\u00fdsluf\u00fask\u201c \u00fear sem fram kom a\u00f0 \u00ed br\u00e9faskiptum Linu vi\u00f0 F\u00e9lags- og vinnumarka\u00f0sr\u00e1\u00f0uneyti\u00f0 haf\u00f0i r\u00e1\u00f0uneyti\u00f0 v\u00edsa\u00f0 erindum \u00e1 Mennta- og barnam\u00e1lar\u00e1\u00f0uneyti\u00f0 \u00fer\u00e1tt fyrir a\u00f0 hafa \u00e1\u00f0ur sta\u00f0fest a\u00f0 kennsla \u00edslensku sem annars m\u00e1ls fyrir fullor\u00f0na heyr\u00f0i undir fyrrnefnda r\u00e1\u00f0uneyti\u00f0. R\u00e1\u00f0uneyti\u00f0 lei\u00f0r\u00e9tti sig s\u00ed\u00f0ar um \u00feetta m\u00e1l en \u00f6llu meira hefur \u00fea\u00f0 ekki gert.<\/p>\n<p>S\u00ed\u00f0an \u00ed september hefur Lina skrifa\u00f0 F\u00e9lags- og vinnumarka\u00f0sr\u00e1\u00f0uneytinu <strong>sj\u00f6 <\/strong>t\u00f6lvup\u00f3sta um \u00feetta m\u00e1lefni, s\u00ed\u00f0ast \u00ed morgun. Hinum sex hefur <strong>ekki veri\u00f0 svara\u00f0<\/strong>. \u00deetta er \u00ed andst\u00f6\u00f0u vi\u00f0 \u00e1lit Umbo\u00f0smanns Al\u00feingis fr\u00e1 2008 \u00fear sem s<a href=\"https:\/\/www.umbodsmadur.is\/mal\/nr\/1270\/skoda\/mal?fbclid=IwAR27b6t6o-L4yWMYDtV3HIBC7EHCvL2yxnjxtBLOC_0Lnjl6BZCfEFRKci0\">egir<\/a>: \u201eUmbo\u00f0sma\u00f0ur rakti a\u00f0 \u00fea\u00f0 v\u00e6ri \u00f3skr\u00e1\u00f0 meginregla \u00ed \u00edslenskum stj\u00f3rns\u00fdslur\u00e9tti a\u00f0 hver s\u00e1 sem b\u00e6ri upp skriflegt erindi vi\u00f0 stj\u00f3rnvald \u00e6tti r\u00e9tt \u00e1 a\u00f0 f\u00e1 skriflegt svar nema erindi\u00f0 b\u00e6ri me\u00f0 s\u00e9r a\u00f0 svars v\u00e6ri ekki v\u00e6nst, en vi\u00f0 setningu stj\u00f3rns\u00fdslulaga nr. 37\/1993 hef\u00f0i veri\u00f0 gengi\u00f0 \u00fat fr\u00e1 \u00fev\u00ed a\u00f0 \u00feessi regla gilti.\u201c<\/p>\n<p>\u00dea\u00f0 er au\u00f0vita\u00f0 forkastanlegt og fullkominn d\u00f3naskapur hj\u00e1 r\u00e1\u00f0uneytinu a\u00f0 svara ekki erindum sem til \u00feess berast. En \u00fev\u00ed mi\u00f0ur gefur \u00fea\u00f0 l\u00edka sk\u00fdra v\u00edsbendingu um a\u00f0 \u00e1hugi r\u00e1\u00f0uneytisins \u00e1 kennslu \u00edslensku sem annars m\u00e1ls s\u00e9 \u00ed l\u00e1gmarki, \u00fer\u00e1tt fyrir h\u00e1stemmdar <a href=\"https:\/\/l.facebook.com\/l.php?u=https%3A%2F%2Fwww.visir.is%2Fg%2F20222309666d%2F-alls-ekki-verid-nog-gert-%3Ffbclid%3DIwAR0VmCoFuwj-daFT1L-dkq9GYXUncYP-IOEBO63W91AlkwvZmsM958Kf7jY&amp;h=AT3HkY3eB5NSVOdJW7LxiINs0oXo45i0kWJfNKxcsR5HIqHNieH_UXSWjsZo8OMomBfj3XV_Lu9evLiuVDSRi8_Eu2PN5ji8RwU54s-H5QcoJ-x2ucgE70BfiH-rdeWlQA&amp;__tn__=-UK-R&amp;c%5b0%5d=AT04o9Fmw9FbaGWgR7xTR-Ark0MacsD85Q22iWLicj_LnV51MVF32DmmXZiAltwIRAkuXo5xvtj7tJnPnSsJZZZS_ze5SuXCbbQBW3_EN75nKWJ9bdZSmALKPbUem5LDurX807iIqNFnRPtG_JQ40Wpcd8OrSw1G\">yfirl\u00fdsingar<\/a> fors\u00e6tisr\u00e1\u00f0herra og fleiri um a\u00f0 vi\u00f0 \u00feurfum a\u00f0 gera betur, og \u00fer\u00e1tt fyrir stofnun <a href=\"https:\/\/l.facebook.com\/l.php?u=https%3A%2F%2Fwww.ruv.is%2Ffrett%2F2022%2F11%2F14%2Ffimm-radherrar-i-eina-nefnd-um-islenska-tungu%3Ffbclid%3DIwAR0inxp7S5TvQmpIWiffukGPdrbffRqEumruV4a3_oUgB30OmGYJE1GYOSU&amp;h=AT2R3nsVuKXiESK7haP6MaTEPA9iOXqirBlz0BC7PglwPJ_RrIMVKlDKbwsmJKqErp-woRalKGhDX99gx4GgXdIwembmnGVnn2AfTHdR_meeVy_gY0_LYAi8wzyAWgaTAA&amp;__tn__=-UK-R&amp;c%5b0%5d=AT04o9Fmw9FbaGWgR7xTR-Ark0MacsD85Q22iWLicj_LnV51MVF32DmmXZiAltwIRAkuXo5xvtj7tJnPnSsJZZZS_ze5SuXCbbQBW3_EN75nKWJ9bdZSmALKPbUem5LDurX807iIqNFnRPtG_JQ40Wpcd8OrSw1G\">r\u00e1\u00f0herranefndar<\/a> um \u00edslenska tungu \u00fear sem l\u00f6g\u00f0 er s\u00e9rst\u00f6k \u00e1hersla \u00e1 kennslu \u00edslensku sem annars m\u00e1ls \u2013 nefndar sem f\u00e9lags- og vinnumarka\u00f0sr\u00e1\u00f0herra situr m.a. \u00ed.<\/p>\n","protected":false},"excerpt":{"rendered":"<p>Lina Hallberg, sem n\u00fdlega lauk BA-pr\u00f3fi \u00ed \u00edslensku sem \u00f6\u00f0ru m\u00e1li og skrifa\u00f0i mj\u00f6g fr\u00f3\u00f0lega BA-ritger\u00f0 um \u00edslensku sem anna\u00f0 m\u00e1l, hefur veri\u00f0 \u00f3\u00fereytandi \u00ed bar\u00e1ttu fyrir b\u00e6ttum vinnubr\u00f6g\u00f0um stj\u00f3rnvalda vi\u00f0 kennslu \u00edslensku sem annars m\u00e1ls. \u00cd vor skrifa\u00f0i \u00e9g h\u00e9r pistil sem h\u00e9t \u201eStj\u00f3rns\u00fdsluf\u00fask\u201c \u00fear sem fram kom a\u00f0 \u00ed br\u00e9faskiptum Linu vi\u00f0 F\u00e9lags- [&hellip;]<\/p>\n","protected":false},"author":141,"featured_media":0,"comment_status":"open","ping_status":"open","sticky":false,"template":"","format":"standard","meta":{"footnotes":""},"categories":[158635],"tags":[],"class_list":["post-4772","post","type-post","status-publish","format-standard","hentry","category-malfar"],"_links":{"self":[{"href":"https:\/\/uni.hi.is\/eirikur\/wp-json\/wp\/v2\/posts\/4772","targetHints":{"allow":["GET"]}}],"collection":[{"href":"https:\/\/uni.hi.is\/eirikur\/wp-json\/wp\/v2\/posts"}],"about":[{"href":"https:\/\/uni.hi.is\/eirikur\/wp-json\/wp\/v2\/types\/post"}],"author":[{"embeddable":true,"href":"https:\/\/uni.hi.is\/eirikur\/wp-json\/wp\/v2\/users\/141"}],"replies":[{"embeddable":true,"href":"https:\/\/uni.hi.is\/eirikur\/wp-json\/wp\/v2\/comments?post=4772"}],"version-history":[{"count":2,"href":"https:\/\/uni.hi.is\/eirikur\/wp-json\/wp\/v2\/posts\/4772\/revisions"}],"predecessor-version":[{"id":4774,"href":"https:\/\/uni.hi.is\/eirikur\/wp-json\/wp\/v2\/posts\/4772\/revisions\/4774"}],"wp:attachment":[{"href":"https:\/\/uni.hi.is\/eirikur\/wp-json\/wp\/v2\/media?parent=4772"}],"wp:term":[{"taxonomy":"category","embeddable":true,"href":"https:\/\/uni.hi.is\/eirikur\/wp-json\/wp\/v2\/categories?post=4772"},{"taxonomy":"post_tag","embeddable":true,"href":"https:\/\/uni.hi.is\/eirikur\/wp-json\/wp\/v2\/tags?post=4772"}],"curies":[{"name":"wp","href":"https:\/\/api.w.org\/{rel}","templated":true}]}}