{"id":4779,"date":"2022-12-20T11:31:29","date_gmt":"2022-12-20T11:31:29","guid":{"rendered":"https:\/\/uni.hi.is\/eirikur\/?p=4779"},"modified":"2022-12-20T11:32:06","modified_gmt":"2022-12-20T11:32:06","slug":"skipulagsleysi-i-malum-islenskukennslu","status":"publish","type":"post","link":"https:\/\/uni.hi.is\/eirikur\/2022\/12\/20\/skipulagsleysi-i-malum-islenskukennslu\/","title":{"rendered":"Skipulagsleysi \u00ed m\u00e1lum \u00edslenskukennslu"},"content":{"rendered":"<p>\u00cd fyrradag <a href=\"https:\/\/l.facebook.com\/l.php?u=https%3A%2F%2Funi.hi.is%2Feirikur%2F2022%2F12%2F18%2Fdonaskapur-raduneytis%2F%3Ffbclid%3DIwAR0I5rtmfcuOSB_jlIuGR89Zs_H50dkpst0Zo-duXZVGOMwy5lGaORKgMRs&amp;h=AT1hEHt9oVa7Gs8301inQ4-6RyEpFolCXVwCGa8u7RHL3W_HLqpucE1z-tnrT31OtFIhz-8s63aG3yBPcEag00r38l7L5iItiGdL85M2dozkUnEvUSnoT0c87oQONqG-xg&amp;__tn__=-UK-R&amp;c%5b0%5d=AT2yeW69zdNSXIGJFHd5Lxkj8nCFWlpRLsnJ_S5pvQfo6QBwIzrGQFV4snNs6zwCN7ftPGuuNwcfJJBQVO3sAIxQDhpagUj-Wnmp5CyBP8R9BGboVb3JLixHQaoOnUaVmR9vCVF7gxgC630OYNDdLmxwrBSi5M6V\">skrifa\u00f0i<\/a> \u00e9g h\u00e9r um \u00fea\u00f0 sem \u00e9g kalla\u00f0i d\u00f3naskap F\u00e9lags- og vinnumarka\u00f0sr\u00e1\u00f0uneytisins \u2013 a\u00f0 svara ekki erindum sem \u00fev\u00ed hafa veri\u00f0 send \u00e1 undanf\u00f6rnum \u00feremur m\u00e1nu\u00f0um og var\u00f0a kennslu \u00edslensku sem annars m\u00e1ls. Um lei\u00f0 sendi \u00e9g t\u00f6lvup\u00f3st sem var efnislega samhlj\u00f3\u00f0a \u00feessari f\u00e6rslu til r\u00e1\u00f0uneytisins og jafnframt til vi\u00f0komandi r\u00e1\u00f0herra. \u00c9g hef ekki heyrt neitt fr\u00e1 r\u00e1\u00f0uneytinu (nema sj\u00e1lfvirkt svar um a\u00f0 erindi\u00f0 v\u00e6ri m\u00f3tteki\u00f0) en r\u00e1\u00f0herrann skrifa\u00f0i m\u00e9r strax \u00ed g\u00e6r og \u00e1 skili\u00f0 hr\u00f3s fyrir \u00fea\u00f0, \u00fe\u00f3tt innihald br\u00e9fsins gefi ekki s\u00e9rstakar vonir um miklar breytingar til batna\u00f0ar.<\/p>\n<p>R\u00e1\u00f0herrann sag\u00f0i sem s\u00e9 a\u00f0 samkv\u00e6mt s\u00ednum heimildum v\u00e6ri \u201everi\u00f0 a\u00f0 svara a.m.k. einhverjum af \u00feessum erindum\u201c og vissulega v\u00e6ri leitt \u00feegar sv\u00f6r tef\u00f0ust en m\u00f6rg \u00feessara erinda v\u00e6ru \u201eekki b\u00fain a\u00f0 liggja lengi \u00ed r\u00e1\u00f0uneytinu\u201c. \u00dea\u00f0 er svo sem t\u00falkunaratri\u00f0i hva\u00f0 \u201eekki lengi\u201c merkir \u2013 elsta erindi\u00f0 var meira en \u00feriggja m\u00e1na\u00f0a gamalt, anna\u00f0 meira en tveggja m\u00e1na\u00f0a, og \u00ferj\u00fa til vi\u00f0b\u00f3tar m\u00e1na\u00f0arg\u00f6mul e\u00f0a r\u00famlega \u00fea\u00f0. En \u00fe\u00f3tt \u00feetta m\u00e1l hafi sn\u00faist um vi\u00f0brag\u00f0sleysi F\u00e9lags- og vinnumarka\u00f0sr\u00e1\u00f0uneytisins er vandam\u00e1li\u00f0 miklu v\u00ed\u00f0t\u00e6kara og alvarlegra en \u00fea\u00f0.<\/p>\n<p>Eftir uppstokkun r\u00e1\u00f0uneyta heyra m\u00e1lefni \u00edslensku sem annars m\u00e1ls nefnilega undir <strong>fimm <\/strong>r\u00e1\u00f0uneyti. \u00cdslenskukennsla \u00ed grunn- og framhaldssk\u00f3lum heyrir undir Mennta- og barnam\u00e1lar\u00e1\u00f0uneyti\u00f0, \u00edslenska sem anna\u00f0 m\u00e1l \u00e1 h\u00e1sk\u00f3lastigi heyrir undir H\u00e1sk\u00f3la-, i\u00f0na\u00f0ar- og n\u00fdsk\u00f6punarr\u00e1\u00f0uneyti\u00f0, \u00edslenskukennsla fullor\u00f0inna undir F\u00e9lags- og vinnumarka\u00f0sr\u00e1\u00f0uneyti\u00f0, og m\u00e1l sem var\u00f0a \u00edslenskupr\u00f3f fyrir ums\u00e6kjendur um r\u00edkisborgarar\u00e9tt heyra undir D\u00f3msm\u00e1lar\u00e1\u00f0uneyti\u00f0. A\u00f0 auki heyra m\u00e1lefni \u00edslenskrar tungu almennt s\u00e9\u00f0 undir Menningar- og vi\u00f0skiptar\u00e1\u00f0uneyti\u00f0.<\/p>\n<p>Lina Hallberg hefur undanfarna m\u00e1nu\u00f0i skrifa\u00f0 \u00f6llum \u00feessum r\u00e1\u00f0uneytum br\u00e9f me\u00f0 \u00fdmsum erindum og fyrirspurnum sem var\u00f0a \u00edslensku sem erlent m\u00e1l og oftast komi\u00f0 a\u00f0 t\u00f3mum kofum. Sum r\u00e1\u00f0uneytin hafa engu svara\u00f0, en \u00f6nnur hafa svara\u00f0 einhverju og \u00fe\u00e1 i\u00f0ulega til a\u00f0 fr\u00eda sig \u00e1byrg\u00f0 og v\u00edsa erindinu \u00e1 eitthvert anna\u00f0 r\u00e1\u00f0uneyti. \u00deetta s\u00fdnir gl\u00f6ggt a\u00f0 innan Stj\u00f3rnarr\u00e1\u00f0sins r\u00edkir algert skipulagsleysi og skortur \u00e1 samh\u00e6fingu \u00ed \u00feessum mikilv\u00e6gu m\u00e1lum. \u00dea\u00f0 hefur l\u00edti\u00f0 upp \u00e1 sig a\u00f0 flagga <a href=\"https:\/\/l.facebook.com\/l.php?u=https%3A%2F%2Fwww.stjornarradid.is%2Fefst-a-baugi%2Ffrettir%2Fstok-frett%2F2022%2F11%2F14%2FRadherranefnd-um-islenska-tungu-sett-a-laggirnar%2F%3Ffbclid%3DIwAR2fXK7C3KghlgOpRfZcPYDNN50oWvZ0pEuNMwerY5021WMr1U6MKzCJkN0&amp;h=AT1e5ltxPZssU7GkxKugdWruxKw58jLxaC5zYyJq-yzvD8cdf-Gc96ZN8DGeUBghOPVjHZW-z9wc18XNR-dz0Lasqvs8sPH9tMTr9pyimWv_VE08M1bxhOOOYVho4KGx0w&amp;__tn__=-UK-R&amp;c%5b0%5d=AT2yeW69zdNSXIGJFHd5Lxkj8nCFWlpRLsnJ_S5pvQfo6QBwIzrGQFV4snNs6zwCN7ftPGuuNwcfJJBQVO3sAIxQDhpagUj-Wnmp5CyBP8R9BGboVb3JLixHQaoOnUaVmR9vCVF7gxgC630OYNDdLmxwrBSi5M6V\">skipun r\u00e1\u00f0herranefndar<\/a> um m\u00e1lefni \u00edslenskunnar me\u00f0an skipulagi\u00f0 er \u00ed molum innan Stj\u00f3rnarr\u00e1\u00f0sins sj\u00e1lfs.<\/p>\n<p>\u00datlendingum fj\u00f6lgar \u00f6rt h\u00e9r \u00e1 landi og ef vi\u00f0 viljum a\u00f0 \u00edslenska ver\u00f0i \u00e1fram a\u00f0altungum\u00e1l landsins og bur\u00f0ar\u00e1s samf\u00e9lagsins ver\u00f0ur a\u00f0 hefja st\u00f3r\u00e1tak \u00ed kennslu \u00edslensku sem annars m\u00e1ls n\u00fa \u00feegar. \u00deetta hefur legi\u00f0 fyrir lengi og oft veri\u00f0 bent \u00e1 \u00fea\u00f0, en \u00fer\u00e1tt fyrir <a href=\"https:\/\/www.visir.is\/g\/20222309666d\/-alls-ekki-verid-nog-gert-?fbclid=IwAR3dPQK-lQ96tLSB_75PGw55Y_0_EVH8kD5lCcgmmle4g-98e-n2ZpL_S2A\">yfirl\u00fdsingar<\/a> stj\u00f3rnvalda um a\u00f0 \u00fea\u00f0 hafi \u201ealls ekki veri\u00f0 n\u00f3g gert \u00ed \u00fev\u00ed a\u00f0 sty\u00f0ja vi\u00f0 \u00edslenskukennslu fyrir \u00fatlendinga\u201c b\u00f3lar ekkert \u00e1 raunh\u00e6fum a\u00f0ger\u00f0um \u2013 \u00e9g kalla nefndarskipanir ekki a\u00f0ger\u00f0ir. Skipulagsleysi \u00feessara m\u00e1la innan stj\u00f3rnarr\u00e1\u00f0sins og vi\u00f0br\u00f6g\u00f0 e\u00f0a vi\u00f0brag\u00f0sleysi r\u00e1\u00f0uneyta vi\u00f0 erindum sem \u00feeim berast um \u00feessi m\u00e1l gefur ekki tilefni til bjarts\u00fdni.<\/p>\n","protected":false},"excerpt":{"rendered":"<p>\u00cd fyrradag skrifa\u00f0i \u00e9g h\u00e9r um \u00fea\u00f0 sem \u00e9g kalla\u00f0i d\u00f3naskap F\u00e9lags- og vinnumarka\u00f0sr\u00e1\u00f0uneytisins \u2013 a\u00f0 svara ekki erindum sem \u00fev\u00ed hafa veri\u00f0 send \u00e1 undanf\u00f6rnum \u00feremur m\u00e1nu\u00f0um og var\u00f0a kennslu \u00edslensku sem annars m\u00e1ls. Um lei\u00f0 sendi \u00e9g t\u00f6lvup\u00f3st sem var efnislega samhlj\u00f3\u00f0a \u00feessari f\u00e6rslu til r\u00e1\u00f0uneytisins og jafnframt til vi\u00f0komandi r\u00e1\u00f0herra. \u00c9g hef [&hellip;]<\/p>\n","protected":false},"author":141,"featured_media":0,"comment_status":"open","ping_status":"open","sticky":false,"template":"","format":"standard","meta":{"footnotes":""},"categories":[158635],"tags":[],"class_list":["post-4779","post","type-post","status-publish","format-standard","hentry","category-malfar"],"_links":{"self":[{"href":"https:\/\/uni.hi.is\/eirikur\/wp-json\/wp\/v2\/posts\/4779","targetHints":{"allow":["GET"]}}],"collection":[{"href":"https:\/\/uni.hi.is\/eirikur\/wp-json\/wp\/v2\/posts"}],"about":[{"href":"https:\/\/uni.hi.is\/eirikur\/wp-json\/wp\/v2\/types\/post"}],"author":[{"embeddable":true,"href":"https:\/\/uni.hi.is\/eirikur\/wp-json\/wp\/v2\/users\/141"}],"replies":[{"embeddable":true,"href":"https:\/\/uni.hi.is\/eirikur\/wp-json\/wp\/v2\/comments?post=4779"}],"version-history":[{"count":2,"href":"https:\/\/uni.hi.is\/eirikur\/wp-json\/wp\/v2\/posts\/4779\/revisions"}],"predecessor-version":[{"id":4781,"href":"https:\/\/uni.hi.is\/eirikur\/wp-json\/wp\/v2\/posts\/4779\/revisions\/4781"}],"wp:attachment":[{"href":"https:\/\/uni.hi.is\/eirikur\/wp-json\/wp\/v2\/media?parent=4779"}],"wp:term":[{"taxonomy":"category","embeddable":true,"href":"https:\/\/uni.hi.is\/eirikur\/wp-json\/wp\/v2\/categories?post=4779"},{"taxonomy":"post_tag","embeddable":true,"href":"https:\/\/uni.hi.is\/eirikur\/wp-json\/wp\/v2\/tags?post=4779"}],"curies":[{"name":"wp","href":"https:\/\/api.w.org\/{rel}","templated":true}]}}