{"id":4802,"date":"2022-12-31T11:40:31","date_gmt":"2022-12-31T11:40:31","guid":{"rendered":"https:\/\/uni.hi.is\/eirikur\/?p=4802"},"modified":"2022-12-31T11:40:31","modified_gmt":"2022-12-31T11:40:31","slug":"blekkingarleikur-domsmalaradherra","status":"publish","type":"post","link":"https:\/\/uni.hi.is\/eirikur\/2022\/12\/31\/blekkingarleikur-domsmalaradherra\/","title":{"rendered":"Blekkingarleikur d\u00f3msm\u00e1lar\u00e1\u00f0herra"},"content":{"rendered":"<p>\u00cd g\u00e6r m\u00e1tti sj\u00e1 \u00ed fj\u00f6lmi\u00f0lum \u00f3venjusk\u00fdrt d\u00e6mi um hagr\u00e6\u00f0ingu stj\u00f3rnvalda \u00e1 tungum\u00e1linu til a\u00f0 sl\u00e1 ryki \u00ed augu almennings. \u00dea\u00f0 sem hinga\u00f0 til hefur heiti\u00f0 <em>rafbyssa<\/em> heitir allt \u00ed einu <em>rafvarnarvopn<\/em>. D\u00f3msm\u00e1lar\u00e1\u00f0herra <a href=\"https:\/\/www.ruv.is\/sjonvarp\/spila\/frettir-kl-19-00\/30762\/9kjfvs\/logreglan-ma-studa-folk?fbclid=IwAR11bLflkMDKLqieyZ3N5PYCwSs0Rb0I8Ebe3N58KNZ6PGTgro6dJEWG1bM\">sag\u00f0i<\/a> um \u00feetta: \u201e\u00deetta er au\u00f0vita\u00f0 byssa eins og h\u00fan l\u00edtur \u00fat. \u00dea\u00f0 er skoti\u00f0 hlut \u00ed l\u00edkamann \u00e1 manni sem a\u00f0 sl\u00e6r menn \u00fat \u00ed augnablik. En \u00feetta er au\u00f0vita\u00f0 fyrst og fremst varnarvopn [\u2026].\u201c En spur\u00f0ur um \u00feetta or\u00f0alag <a href=\"https:\/\/l.facebook.com\/l.php?u=https%3A%2F%2Fwww.mbl.is%2Ffrettir%2Finnlent%2F2022%2F12%2F30%2Fvid_hofum_kosid_ad_kalla_thetta_ekki_byssur%2F%3Ffbclid%3DIwAR02ZzdSvSdirditBkD1rQi4QO_wBn-9rGOKR_2Jr4rOg-07nwo5zRRWKsw&amp;h=AT3vxmcJyDjOrqtH4ksz6MnMYphMMqKnAyxtSNQfchS8rk8smmn_BEQFCO_02vXU5iH22EFZiscVQly1-O2jsYPI-juAM5ECVmOk88BGzkHRlnlN9yOAZDDYxcyUnYxa2g&amp;__tn__=-UK-R&amp;c%5b0%5d=AT2LMx3FVYjSKChOneGiqouaObLy4AhPUa1bfkiUotdbwtMfhPLBVA3BkbFT0PIQbe0H-PO8EunDycpwLtleuvfgtn5wyPlFEg2st0VvHVieky_G-FBxyYnz7_izdxZRHYTcw38PMmAhcjqP7Wv_H12T0MyZwX7f\">segir<\/a> forma\u00f0ur Landssambands l\u00f6greglumanna: \u201eVi\u00f0 h\u00f6f\u00adum kosi\u00f0 a\u00f0 kalla \u00feetta ekki byss\u00adur af \u00fev\u00ed a\u00f0 vi\u00f0 l\u00edt\u00adum \u00feannig \u00e1 a\u00f0 \u00feetta s\u00e9 ekki s\u00edst til a\u00f0 verja l\u00f6g\u00adreglu\u00admenn, a\u00f0 \u00feetta s\u00e9 einskon\u00adar sj\u00e1lfs\u00advarn\u00adar\u00advopn. En au\u00f0vita\u00f0 er \u00feetta nota\u00f0 til a\u00f0 yf\u00adir\u00adbuga \u00fea\u00f0 f\u00f3lk sem stend\u00adur \u00f3gn \u00e1 [svo].\u201c<\/p>\n<p>\u00cd \u00feessu felst tvenns konar afvegalei\u00f0ing e\u00f0a blekking. Annars vegar m\u00e6tti r\u00e1\u00f0a af or\u00f0um formannsins a\u00f0 samsetningar af or\u00f0inu <em>byssa <\/em>s\u00e9u eing\u00f6ngu nota\u00f0ar um vopn en \u00fev\u00ed fer au\u00f0vita\u00f0 fjarri. Vi\u00f0 h\u00f6fum or\u00f0 eins og <em>baunabyssa<\/em>,<em> heftibyssa<\/em>, <em>l\u00ednubyssa<\/em>, <em>r\u00e1sbyssa<\/em>, <em>snj\u00f3byssa<\/em>, <em>teygjubyssa<\/em>, <em>\u00fa\u00f0abyssa<\/em>,<em> vatnsbyssa<\/em> o.fl. sem ekki v\u00edsa til vopna \u00ed venjulegum skilningi \u00fe\u00f3tt au\u00f0vita\u00f0 megi segja a\u00f0 <em>baunabyssur<\/em>, <em>teygjubyssur<\/em> og <em>vatnsbyssur<\/em> s\u00e9u stundum nota\u00f0ar \u00ed eins konar \u201ebard\u00f6gum\u201c. Hins vegar er l\u00e1ti\u00f0 \u00ed ve\u00f0ri vaka a\u00f0 einhver grundvallarmunur s\u00e9 \u00e1 \u201esj\u00e1lfsvarnarvopnum\u201c og vopnum sem nota megi til \u00e1r\u00e1sa \u2013 sem er au\u00f0vita\u00f0 rugl, enda vi\u00f0urkennir forma\u00f0urinn \u00fea\u00f0 \u00ed raun \u00ed s\u00ed\u00f0ustu setningunni sem h\u00e9r er vitna\u00f0 til.<\/p>\n<p>Or\u00f0i\u00f0 <em>rafbyssa<\/em> er stutt, lipurt og l\u00fdsandi or\u00f0 sem hefur veri\u00f0 talsvert nota\u00f0 \u00ed r\u00fam 20 \u00e1r um \u00fea\u00f0 fyrirb\u00e6ri sem h\u00e9r um r\u00e6\u00f0ir. \u00dea\u00f0 er l\u00edka hlutlaust, segir ekkert til um notkunina, enda h\u00e6gt a\u00f0 nota rafbyssur \u00e1 margv\u00edslegan h\u00e1tt. Or\u00f0i\u00f0 <em>rafvarnarvopn<\/em> er stirt og kl\u00fa\u00f0urslegt og auk \u00feess mj\u00f6g gildishla\u00f0i\u00f0. \u00deetta minnir svol\u00edti\u00f0 \u00e1 \u00fea\u00f0 \u00feegar deilt var um hva\u00f0 skyldi kalla bandar\u00edska herinn \u00e1 Keflav\u00edkurflugvelli. Stu\u00f0ningsmenn hans t\u00f6lu\u00f0u um <em>varnarst\u00f6\u00f0 og Varnarli\u00f0<\/em>, sem var hi\u00f0 opinbera heiti, en herst\u00f6\u00f0vaandst\u00e6\u00f0ingar t\u00f6lu\u00f0u um <em>herst\u00f6\u00f0<\/em> og <em>herli\u00f0<\/em>, enda v\u00e6ri \u00feetta \u00f3neitanlega her, hver svo sem tilgangurinn me\u00f0 veru hans \u00e1 \u00cdslandi v\u00e6ri. \u00deessar deilur runnu \u00fat \u00ed sandinn \u00feegar herinn f\u00f3r \u00far landi og eru flestum gleymdar.<\/p>\n<p>En ef vi\u00f0 viljum vera n\u00e6r okkur \u00ed t\u00edmanum minnir \u00feessi blekkingarleikur l\u00edka \u00e1 tal um <em>s\u00e9rstakar herna\u00f0ara\u00f0ger\u00f0ir<\/em> \u00ed sta\u00f0inn fyrir <em>innr\u00e1s<\/em>.<\/p>\n","protected":false},"excerpt":{"rendered":"<p>\u00cd g\u00e6r m\u00e1tti sj\u00e1 \u00ed fj\u00f6lmi\u00f0lum \u00f3venjusk\u00fdrt d\u00e6mi um hagr\u00e6\u00f0ingu stj\u00f3rnvalda \u00e1 tungum\u00e1linu til a\u00f0 sl\u00e1 ryki \u00ed augu almennings. \u00dea\u00f0 sem hinga\u00f0 til hefur heiti\u00f0 rafbyssa heitir allt \u00ed einu rafvarnarvopn. D\u00f3msm\u00e1lar\u00e1\u00f0herra sag\u00f0i um \u00feetta: \u201e\u00deetta er au\u00f0vita\u00f0 byssa eins og h\u00fan l\u00edtur \u00fat. \u00dea\u00f0 er skoti\u00f0 hlut \u00ed l\u00edkamann \u00e1 manni sem a\u00f0 [&hellip;]<\/p>\n","protected":false},"author":141,"featured_media":0,"comment_status":"open","ping_status":"open","sticky":false,"template":"","format":"standard","meta":{"footnotes":""},"categories":[158635],"tags":[],"class_list":["post-4802","post","type-post","status-publish","format-standard","hentry","category-malfar"],"_links":{"self":[{"href":"https:\/\/uni.hi.is\/eirikur\/wp-json\/wp\/v2\/posts\/4802","targetHints":{"allow":["GET"]}}],"collection":[{"href":"https:\/\/uni.hi.is\/eirikur\/wp-json\/wp\/v2\/posts"}],"about":[{"href":"https:\/\/uni.hi.is\/eirikur\/wp-json\/wp\/v2\/types\/post"}],"author":[{"embeddable":true,"href":"https:\/\/uni.hi.is\/eirikur\/wp-json\/wp\/v2\/users\/141"}],"replies":[{"embeddable":true,"href":"https:\/\/uni.hi.is\/eirikur\/wp-json\/wp\/v2\/comments?post=4802"}],"version-history":[{"count":1,"href":"https:\/\/uni.hi.is\/eirikur\/wp-json\/wp\/v2\/posts\/4802\/revisions"}],"predecessor-version":[{"id":4803,"href":"https:\/\/uni.hi.is\/eirikur\/wp-json\/wp\/v2\/posts\/4802\/revisions\/4803"}],"wp:attachment":[{"href":"https:\/\/uni.hi.is\/eirikur\/wp-json\/wp\/v2\/media?parent=4802"}],"wp:term":[{"taxonomy":"category","embeddable":true,"href":"https:\/\/uni.hi.is\/eirikur\/wp-json\/wp\/v2\/categories?post=4802"},{"taxonomy":"post_tag","embeddable":true,"href":"https:\/\/uni.hi.is\/eirikur\/wp-json\/wp\/v2\/tags?post=4802"}],"curies":[{"name":"wp","href":"https:\/\/api.w.org\/{rel}","templated":true}]}}