{"id":4853,"date":"2023-02-04T15:46:32","date_gmt":"2023-02-04T15:46:32","guid":{"rendered":"https:\/\/uni.hi.is\/eirikur\/?p=4853"},"modified":"2023-02-04T15:52:10","modified_gmt":"2023-02-04T15:52:10","slug":"kjarabaratta-er-malraekt","status":"publish","type":"post","link":"https:\/\/uni.hi.is\/eirikur\/2023\/02\/04\/kjarabaratta-er-malraekt\/","title":{"rendered":"Kjarabar\u00e1tta er m\u00e1lr\u00e6kt"},"content":{"rendered":"<p>\u00cd kjaraumr\u00e6\u00f0u \u00feessa dagana er miki\u00f0 gert \u00far \u00fev\u00ed a\u00f0 \u00ed tiltekinni starfsgrein s\u00e9u heildarlaun a\u00f0 me\u00f0altali r\u00famlega 890 \u00fe\u00fasund kr\u00f3nur \u00e1 m\u00e1nu\u00f0i sem s\u00e9 b\u00fdsna gott og vel yfir me\u00f0allagi. En \u00ed fr\u00e9ttum hefur einnig komi\u00f0 fram a\u00f0 f\u00f6st laun eftir fimm \u00e1ra starf \u00e1 \u00feessu svi\u00f0i eru ekki nema r\u00famlega 390 \u00fe\u00fasund kr\u00f3nur \u00e1 m\u00e1nu\u00f0i. Yfirvinnulaun eru um fj\u00f6gur \u00fe\u00fasund kr\u00f3nur \u00e1 t\u00edmann \u00feannig a\u00f0 til a\u00f0 n\u00e1 r\u00famlega 890 \u00fe\u00fasund kr\u00f3na heildarlaunum \u00fearf u.\u00fe.b. 125 yfirvinnut\u00edma. \u00dea\u00f0 eru r\u00famir fj\u00f3rir t\u00edmar \u00e1 dag a\u00f0 me\u00f0altali alla daga m\u00e1na\u00f0arins, jafnt virka daga sem fr\u00eddaga \u2013 e\u00f0a t\u00e6pir sex t\u00edmar \u00e1 dag ef \u00feessu er dreift \u00e1 virka daga eing\u00f6ngu. \u00dea\u00f0 er \u00fev\u00ed lj\u00f3st a\u00f0 \u00fea\u00f0 segir ekki nema h\u00e1lfa s\u00f6guna a\u00f0 tala eing\u00f6ngu um heildarlaun.<\/p>\n<p>\u00cd flj\u00f3tu brag\u00f0i m\u00e6tti kannski \u00e6tla a\u00f0 \u00feetta v\u00e6ri eing\u00f6ngu kjaram\u00e1l sem \u00e6tti ekki erindi inn \u00ed \u00feennan h\u00f3p, en \u00fea\u00f0 er misskilningur. \u00cd b\u00f3kinni <em>Alls konar \u00edslenska <\/em>sem \u00e9g gaf \u00fat \u00ed fyrra segir: \u201eGrundv\u00f6llur a\u00f0 framt\u00ed\u00f0 \u00edslenskunnar er lag\u00f0ur \u00e1 m\u00e1lt\u00f6ku\u00adskei\u00f0i. \u00dea\u00f0 er ekkert jafnmikilv\u00e6gt og samtal vi\u00f0 full\u00ador\u00f0i\u00f0 f\u00f3lk til a\u00f0 byggja upp au\u00f0ugt m\u00e1lkerfi og styrka m\u00e1l\u00adkennd barna. \u00deess vegna er stytting vinnut\u00edmans eitt af \u00fev\u00ed mikil\u00adv\u00e6gasta sem vi\u00f0 getum gert til a\u00f0 styrkja \u00edslenskuna \u2013 a\u00f0 \u00fev\u00ed tilskildu a\u00f0 foreldrar verji auknum fr\u00ed\u00adt\u00edma ekki \u00ed eigin snjallt\u00e6kjum heldur til samveru og sam\u00adtals me\u00f0 b\u00f6rnum s\u00edn\u00adum. \u00deannig stu\u00f0lum vi\u00f0 a\u00f0 \u00fev\u00ed a\u00f0 b\u00f6rn\u00adin okkar geti \u00e1fram nota\u00f0 \u00edslensku \u00e1 \u00f6llum svi\u00f0um \u2013 og vilji gera \u00fea\u00f0.\u201c<\/p>\n<p>\u00dea\u00f0 segir sig sj\u00e1lft a\u00f0 f\u00f3lk sem vinnur 12-14 t\u00edma \u00e1 dag \u00e1 ekki mikinn t\u00edma afl\u00f6gu til samvista me\u00f0 b\u00f6rnum s\u00ednum \u2013 og er ekki endilega \u00ed stu\u00f0i til mikilla samr\u00e6\u00f0na \u00feegar \u00fea\u00f0 kemur dau\u00f0\u00fereytt heim a\u00f0 loknum vinnudegi. \u00dev\u00ed er h\u00e6tt vi\u00f0 a\u00f0 b\u00f6rn \u00feessa f\u00f3lks, og annars l\u00e1glaunaf\u00f3lks sem ver\u00f0ur a\u00f0 vinna mikla yfirvinnu til a\u00f0 n\u00e1 endum saman, fari a\u00f0 verulegu leyti \u00e1 mis vi\u00f0 einn mikilv\u00e6gasta \u00fe\u00e1tt m\u00e1luppeldisins \u2013 samtal vi\u00f0 foreldra s\u00edna um hva\u00f0eina. \u00cd sta\u00f0inn fyrir a\u00f0 vera a\u00f0 byggja upp m\u00e1lkerfi sitt sem virkir \u00fe\u00e1tttakendur \u00ed samtali er h\u00e6tta \u00e1 a\u00f0 \u00feessi b\u00f6rn leiti \u00ed af\u00fereyingu sem er meira og minna \u00e1 ensku \u00fear sem \u00feau eru a\u00f0allega \u00f3virkir vi\u00f0takendur, svo sem sj\u00f3nvarps\u00e1horf, snjallt\u00e6kjanotkun og t\u00f6lvuleikjaspilun.<\/p>\n<p>\u00cdslenskan \u00e1 undir h\u00f6gg a\u00f0 s\u00e6kja um \u00feessar mundir vegna margv\u00edslegra \u00fej\u00f3\u00f0f\u00e9lags- og t\u00e6knibreytinga. \u00dea\u00f0 er hvorki \u00e6skilegt n\u00e9 raunh\u00e6ft a\u00f0 berjast gegn \u00feessum breytingum en vi\u00f0 \u00feurfum a\u00f0 berjast gegn \u00feeim \u00e1hrifum sem \u00fe\u00e6r g\u00e6tu haft \u00e1 \u00edslenskuna. \u00dea\u00f0 gerum vi\u00f0 ekki s\u00edst me\u00f0 \u00fev\u00ed a\u00f0 b\u00faa b\u00f6rnunum betra m\u00e1lumhverfi \u00e1 m\u00e1lt\u00f6kuskei\u00f0i, einkum me\u00f0 samtali og lestri. Ef vi\u00f0 getum ekki sinnt \u00fev\u00ed er vo\u00f0inn v\u00eds. \u00deess vegna eru l\u00e1g laun og s\u00e1 langi vinnut\u00edmi sem af \u00feeim lei\u00f0ir mesta h\u00e6ttan sem ste\u00f0jar a\u00f0 \u00edslenskunni. Vi\u00f0 \u00feessu er sem betur fer h\u00e6gt a\u00f0 breg\u00f0ast. En ef \u00fea\u00f0 ver\u00f0ur ekki gert er alveg lj\u00f3st a\u00f0 vi\u00f0 stefnum hra\u00f0byri inn \u00ed samf\u00e9lag me\u00f0 mikilli m\u00e1lfarslegri st\u00e9ttaskiptingu. \u00dea\u00f0 m\u00e1 ekki gerast.<\/p>\n","protected":false},"excerpt":{"rendered":"<p>\u00cd kjaraumr\u00e6\u00f0u \u00feessa dagana er miki\u00f0 gert \u00far \u00fev\u00ed a\u00f0 \u00ed tiltekinni starfsgrein s\u00e9u heildarlaun a\u00f0 me\u00f0altali r\u00famlega 890 \u00fe\u00fasund kr\u00f3nur \u00e1 m\u00e1nu\u00f0i sem s\u00e9 b\u00fdsna gott og vel yfir me\u00f0allagi. En \u00ed fr\u00e9ttum hefur einnig komi\u00f0 fram a\u00f0 f\u00f6st laun eftir fimm \u00e1ra starf \u00e1 \u00feessu svi\u00f0i eru ekki nema r\u00famlega 390 \u00fe\u00fasund kr\u00f3nur [&hellip;]<\/p>\n","protected":false},"author":141,"featured_media":0,"comment_status":"open","ping_status":"open","sticky":false,"template":"","format":"standard","meta":{"footnotes":""},"categories":[158635],"tags":[],"class_list":["post-4853","post","type-post","status-publish","format-standard","hentry","category-malfar"],"_links":{"self":[{"href":"https:\/\/uni.hi.is\/eirikur\/wp-json\/wp\/v2\/posts\/4853","targetHints":{"allow":["GET"]}}],"collection":[{"href":"https:\/\/uni.hi.is\/eirikur\/wp-json\/wp\/v2\/posts"}],"about":[{"href":"https:\/\/uni.hi.is\/eirikur\/wp-json\/wp\/v2\/types\/post"}],"author":[{"embeddable":true,"href":"https:\/\/uni.hi.is\/eirikur\/wp-json\/wp\/v2\/users\/141"}],"replies":[{"embeddable":true,"href":"https:\/\/uni.hi.is\/eirikur\/wp-json\/wp\/v2\/comments?post=4853"}],"version-history":[{"count":2,"href":"https:\/\/uni.hi.is\/eirikur\/wp-json\/wp\/v2\/posts\/4853\/revisions"}],"predecessor-version":[{"id":4855,"href":"https:\/\/uni.hi.is\/eirikur\/wp-json\/wp\/v2\/posts\/4853\/revisions\/4855"}],"wp:attachment":[{"href":"https:\/\/uni.hi.is\/eirikur\/wp-json\/wp\/v2\/media?parent=4853"}],"wp:term":[{"taxonomy":"category","embeddable":true,"href":"https:\/\/uni.hi.is\/eirikur\/wp-json\/wp\/v2\/categories?post=4853"},{"taxonomy":"post_tag","embeddable":true,"href":"https:\/\/uni.hi.is\/eirikur\/wp-json\/wp\/v2\/tags?post=4853"}],"curies":[{"name":"wp","href":"https:\/\/api.w.org\/{rel}","templated":true}]}}