{"id":5027,"date":"2023-04-03T10:03:36","date_gmt":"2023-04-03T10:03:36","guid":{"rendered":"https:\/\/uni.hi.is\/eirikur\/?p=5027"},"modified":"2023-04-03T10:07:08","modified_gmt":"2023-04-03T10:07:08","slug":"ad-detta-i-eda-a-golfid","status":"publish","type":"post","link":"https:\/\/uni.hi.is\/eirikur\/2023\/04\/03\/ad-detta-i-eda-a-golfid\/","title":{"rendered":"A\u00f0 detta \u00ed e\u00f0a \u00e1 g\u00f3lfi\u00f0"},"content":{"rendered":"<p>Ekki l\u00f6ngu eftir a\u00f0 <em>H\u00e1sk\u00f3latorg<\/em>, ein bygginga H\u00e1sk\u00f3la \u00cdslands, var teki\u00f0 \u00ed notkun s\u00ed\u00f0la \u00e1rs 2007 var hringt til m\u00edn fr\u00e1 rektorsskrifstofu og spurt hvort \u00e6tti a\u00f0 segja <strong><em>\u00ed <\/em><\/strong><em>H\u00e1sk\u00f3latorgi<\/em> e\u00f0a <strong><em>\u00e1 <\/em><\/strong><em>H\u00e1sk\u00f3latorgi<\/em>. \u00c9g sag\u00f0i a\u00f0 \u00fear v\u00e6ri \u00far v\u00f6ndu a\u00f0 r\u00e1\u00f0a. Grunnmerking forsetningarinnar <em>\u00ed<\/em> er 'inn(i) \u00ed' og \u00feess vegna notum vi\u00f0 hana venjulega um h\u00fas \u2013 <em>\u00ed \u00dej\u00f3\u00f0leik<strong>h\u00fas<\/strong>inu<\/em>. Grunnmerking <em>\u00e1 <\/em>er aftur \u00e1 m\u00f3ti 'ofan \u00e1' e\u00f0a 'utan \u00e1' og \u00feess vegna notum vi\u00f0 hana venjulega um torg \u2013 <em>\u00e1 L\u00e6kjar<strong>torg<\/strong>i<\/em>. En hvernig \u00e1 a\u00f0 fara me\u00f0 fyrirb\u00e6ri sem <strong>er<\/strong> <em>h\u00fas<\/em> en <strong>heitir<\/strong> <em>torg<\/em>? \u00c9g man ekki fyrir v\u00edst hva\u00f0 vi\u00f0 ritari rektors samm\u00e6ltumst um en held \u00fe\u00f3 a\u00f0 \u00fea\u00f0 hafi veri\u00f0 <strong><em>\u00e1<\/em><\/strong><em> H\u00e1sk\u00f3latorgi<\/em> \u2013 a.m.k. s\u00fdnist m\u00e9r a\u00f0 \u00fea\u00f0 hafi flj\u00f3tlega fest \u00ed sessi og s\u00e9 venjulega nota\u00f0 \u00fe\u00f3tt hinu breg\u00f0i fyrir.<\/p>\n<p>\u00c1st\u00e6\u00f0an fyrir \u00fev\u00ed a\u00f0 \u00e9g nefni \u00feetta h\u00e9r er <a href=\"https:\/\/www.facebook.com\/groups\/malspjall\/posts\/1122181972509207\/?__cft__%5b0%5d=AZWUdawRmT6rT5f_poky7s_S7EZUze8RBfbURrEVVn3pCOtUouy9a1CQrnP_q-g5XyvDBr8QJQvjL5QKFUZZBnDr7r1hauZA8buvKe69UHngT5N24zM8pJhzG5yt_IbRrKV08M0CtIN4wUBLtppfsFYu&amp;__tn__=-UK-R\"><strong>f\u00e6rsla<\/strong><\/a> Sverris P\u00e1ls \u00ed g\u00e6r, \u00fear sem hann sag\u00f0i: \u201e\u00c9g hef teki\u00f0 eftir \u00fev\u00ed \u00ed fr\u00e9ttum a\u00f0 f\u00f3lk er n\u00e6r endalaust a\u00f0 falla \u00ed j\u00f6r\u00f0ina. N\u00fa dettur f\u00f3lk ekki lengur \u00e1 g\u00f3lfi\u00f0, \u00e1 gangst\u00e9ttina, \u00e1 grasi\u00f0 e\u00f0a \u00e1 g\u00f6tuna.\u201c \u00dat fr\u00e1 \u00feessu f\u00f3r \u00e9g a\u00f0 hugsa um forsetningarnar sem nota\u00f0ar eru me\u00f0 s\u00f6gnunum <em>detta <\/em>og <em>falla<\/em>. Eins og \u00fearna er nefnt er h\u00e6gt a\u00f0 tala um a\u00f0 <em>detta<\/em> e\u00f0a <em>falla <strong>\u00e1 <\/strong>g\u00f3lfi\u00f0 <\/em>\/ <em>gangst\u00e9ttina <\/em>\/<em> g\u00f6tuna<\/em> \/ <em>j\u00f6r\u00f0ina<\/em>, en \u00fea\u00f0 er l\u00edka h\u00e6gt a\u00f0 <em>detta <\/em>\/ <em>falla <strong>\u00ed<\/strong> g\u00f3lfi\u00f0 <\/em>\/ <em>g\u00f6tuna<\/em> \/ <em>j\u00f6r\u00f0ina <\/em>\u2013 en t\u00e6plega *<em>\u00ed gangst\u00e9ttina<\/em>. B\u00e1\u00f0ar forsetningarnar eru algengar me\u00f0 \u00feessum or\u00f0um og eiga s\u00e9r yfirleitt margra \u00e1ratuga s\u00f6gu me\u00f0 \u00feeim \u2013 nema sambandi\u00f0 <em>falla<\/em> \/ <em>detta \u00ed j\u00f6r\u00f0ina<\/em> sem vir\u00f0ist vera fremur n\u00fdlegt en er or\u00f0i\u00f0 mj\u00f6g algengt eins og Sverrir P\u00e1ll taldi.<\/p>\n<p>\u00dea\u00f0 \u00fearf \u00ed sj\u00e1lfu s\u00e9r ekki a\u00f0 koma \u00e1 \u00f3vart a\u00f0 forsetningin <em>\u00ed <\/em>s\u00e6ki \u00e1. \u00deetta er n\u00e6stalgengasta or\u00f0mynd m\u00e1lsins, \u00e1 eftir <em>a\u00f0<\/em>, og hefur veri\u00f0 a\u00f0 s\u00e6kja \u00ed sig ve\u00f0ri\u00f0 undanfarna \u00e1ratugi (og raunar allt fr\u00e1 fornu m\u00e1li). Spurningin er hins vegar hvort einhver merkingarmunur s\u00e9 \u00e1 <em>\u00ed<\/em> og <em>\u00e1<\/em> \u00ed \u00feessum samb\u00f6ndum. M\u00e9r s\u00fdnist a\u00f0 svo geti stundum veri\u00f0 og held a\u00f0 s\u00e1 munur felist \u00ed \u00fev\u00ed a\u00f0 me\u00f0 <strong><em>\u00ed<\/em> <\/strong>s\u00e9 athygli beint a\u00f0 s\u00f6gninni en me\u00f0 <strong><em>\u00e1<\/em><\/strong> fremur a\u00f0 nafnor\u00f0inu. \u00deannig finnst m\u00e9r mun e\u00f0lilegra a\u00f0 segja <em>bollinn datt <strong>\u00ed<\/strong> g\u00f3lfi\u00f0 og brotna\u00f0i<\/em> en <strong><em>\u00e1 <\/em><\/strong><em>g\u00f3lfi\u00f0<\/em> \u2013 \u00fear m\u00e1 segja a\u00f0 \u00e1st\u00e6\u00f0an fyrir \u00fev\u00ed a\u00f0 bollinn brotna\u00f0i s\u00e9 a\u00f0 hann datt, aukaatri\u00f0i hvar hann lenti. Aftur \u00e1 m\u00f3ti er e\u00f0lilegt a\u00f0 segja <em>\u00e9g datt <strong>\u00e1 <\/strong>hart steing\u00f3lf og rota\u00f0ist<\/em> en ekki <strong><em>\u00ed <\/em><\/strong><em>hart steing\u00f3lf <\/em>\u2013 \u00fear er lendingarsta\u00f0urinn a\u00f0alatri\u00f0i\u00f0.<\/p>\n<p>\u00c9g er sem s\u00e9 ekki samm\u00e1la mati Sverris P\u00e1ls, \u201ea\u00f0 falla \u00ed j\u00f6r\u00f0ina finnst m\u00e9r a\u00f0 fara talsvert d\u00fdpra en \u00e1 yfirbor\u00f0 hennar\u201c. \u00deessi skilningur v\u00e6ri vissulega r\u00f6kr\u00e9ttur mi\u00f0a\u00f0 vi\u00f0 a\u00f0 grunnmerking <em>\u00ed<\/em> s\u00e9 'inn(i) \u00ed' eins og \u00e1\u00f0ur segir, en hins vegar er merkingin miklu fj\u00f6lbreyttari en svo, eins og er me\u00f0 flestar forsetningar. En ef \u00feetta v\u00e6ri eini skilningurinn \u00e6tti sama a\u00f0 gilda um <em>falla <\/em>\/ <em>detta <strong>\u00ed<\/strong> g\u00f3lfi\u00f0<\/em> og <em>falla <\/em>\/ <em>detta <strong>\u00ed<\/strong> g\u00f6tuna<\/em> en hvort tveggja hefur veri\u00f0 algengt \u00ed m\u00e1linu undanfarin 80-90 \u00e1r. Aftur \u00e1 m\u00f3ti er aldrei sagt *<em>falla <\/em>\/ <em>detta <strong>\u00ed<\/strong> gangst\u00e9ttina <\/em>eins og \u00e1\u00f0ur segir, og ekki heldur *<em>falla <\/em>\/ <em>detta <strong>\u00ed<\/strong> veginn<\/em>, \u00fe\u00f3tt b\u00faast m\u00e6tti vi\u00f0 a\u00f0 um <em>gangst\u00e9ttina <\/em>og <em>veginn<\/em> gilti hi\u00f0 og um <em>g\u00f6tuna<\/em>. \u00dea\u00f0 er mj\u00f6g oft tilviljun h\u00e1\u00f0 hva\u00f0a forsetningar eru nota\u00f0ar me\u00f0 tilteknum nafnor\u00f0um.<\/p>\n<p>\u00deetta er au\u00f0vita\u00f0 vel \u00feekkt \u00ed tengslum vi\u00f0 sta\u00f0an\u00f6fn \u00fear sem \u00fdmist er nota\u00f0 <em>\u00ed<\/em> e\u00f0a <em>\u00e1 <\/em>me\u00f0 n\u00f6fnum sem hafa sama seinni hluta og b\u00faast m\u00e6tti vi\u00f0 a\u00f0 t\u00e6kju s\u00f6mu forsetningu \u2013 vi\u00f0 segjum <strong><em>\u00ed <\/em><\/strong><em>Reykjav\u00edk<\/em> en <strong><em>\u00e1<\/em><\/strong><em> H\u00fasav\u00edk<\/em>, <strong><em>\u00ed <\/em><\/strong><em>Hafnarfir\u00f0i <\/em>en <strong><em>\u00e1 <\/em><\/strong><em>St\u00f6\u00f0varfir\u00f0i<\/em>, <strong><em>\u00ed <\/em><\/strong><em>Borgarnesi <\/em>en <strong><em>\u00e1 <\/em><\/strong><em>Akranesi<\/em>, <strong><em>\u00ed <\/em><\/strong><em>Vatnsdal<\/em> en <strong><em>\u00e1<\/em><\/strong><em> Kaldadal<\/em>, <strong><em>\u00ed <\/em><\/strong><em>Grafar\u00f3si<\/em> en <strong><em>\u00e1 <\/em><\/strong><em>Bl\u00f6ndu\u00f3si<\/em>, <strong><em>\u00ed <\/em><\/strong><em>K\u00f3pavogi<\/em> en <strong><em>\u00e1<\/em><\/strong><em> Dj\u00fapavogi<\/em>, <strong><em>\u00ed <\/em><\/strong><em>Holtsm\u00fala<\/em> en <strong><em>\u00e1 <\/em><\/strong><em>Fellsm\u00fala<\/em>, o.s.frv. A\u00f0 einhverju leyti er \u00feetta <a href=\"https:\/\/l.facebook.com\/l.php?u=https%3A%2F%2Fwww.visindavefur.is%2Fsvar.php%3Fid%3D3696%26fbclid%3DIwAR0N-dKgJToxN_RZC3B1yeG6Q1u_uORR3VaUa81N8sSAFErglB1oLu3GY-I&amp;h=AT0EYn84sWZikPronZCDoIAqbvZVOxKipYGUxP7_NxRkTYNaiVWA5Ed_et7gYEq61c320bfNxO11BiHZWHoAiGhaeEj4eGMPBCFB_zyHOWncueeq712UH3_-ii4RPC_6mQ&amp;__tn__=-UK-R&amp;c%5b0%5d=AT3rDRvuybU7e0y6cCbEAOQ5s6E7NIQb-DYhM6lm40W_wSHVxRB_aPpzNP1e74BRLWGCJ_jMYxBUCbTmklTjsMB1nOa1HcDpLsIoeRGBNQQsZnoGfr4FhMlK3kAphS1UXqJhXZVQggYr-u13Hqb97bd5PBy0jTSo\">landshlutabundi\u00f0<\/a> en \u00fea\u00f0 er vitanlega engin sk\u00fdring \u2013 \u00feetta eru m\u00e1lvenjur sem ekki eiga s\u00e9r neinar r\u00f6klegar sk\u00fdringar nema \u00ed einst\u00f6ku tilvikum. En einmitt \u00feess vegna geta \u00feessar m\u00e1lvenjur breyst, og tilfinning f\u00f3lks fyrir \u00fev\u00ed hva\u00f0a forsetning eigi vi\u00f0 me\u00f0 tilteknum or\u00f0um getur veri\u00f0 mismunandi. \u00dea\u00f0 er ekkert \u00f3e\u00f0lilegt.<\/p>\n","protected":false},"excerpt":{"rendered":"<p>Ekki l\u00f6ngu eftir a\u00f0 H\u00e1sk\u00f3latorg, ein bygginga H\u00e1sk\u00f3la \u00cdslands, var teki\u00f0 \u00ed notkun s\u00ed\u00f0la \u00e1rs 2007 var hringt til m\u00edn fr\u00e1 rektorsskrifstofu og spurt hvort \u00e6tti a\u00f0 segja \u00ed H\u00e1sk\u00f3latorgi e\u00f0a \u00e1 H\u00e1sk\u00f3latorgi. \u00c9g sag\u00f0i a\u00f0 \u00fear v\u00e6ri \u00far v\u00f6ndu a\u00f0 r\u00e1\u00f0a. Grunnmerking forsetningarinnar \u00ed er 'inn(i) \u00ed' og \u00feess vegna notum vi\u00f0 hana venjulega [&hellip;]<\/p>\n","protected":false},"author":141,"featured_media":0,"comment_status":"open","ping_status":"open","sticky":false,"template":"","format":"standard","meta":{"footnotes":""},"categories":[158635],"tags":[],"class_list":["post-5027","post","type-post","status-publish","format-standard","hentry","category-malfar"],"_links":{"self":[{"href":"https:\/\/uni.hi.is\/eirikur\/wp-json\/wp\/v2\/posts\/5027","targetHints":{"allow":["GET"]}}],"collection":[{"href":"https:\/\/uni.hi.is\/eirikur\/wp-json\/wp\/v2\/posts"}],"about":[{"href":"https:\/\/uni.hi.is\/eirikur\/wp-json\/wp\/v2\/types\/post"}],"author":[{"embeddable":true,"href":"https:\/\/uni.hi.is\/eirikur\/wp-json\/wp\/v2\/users\/141"}],"replies":[{"embeddable":true,"href":"https:\/\/uni.hi.is\/eirikur\/wp-json\/wp\/v2\/comments?post=5027"}],"version-history":[{"count":2,"href":"https:\/\/uni.hi.is\/eirikur\/wp-json\/wp\/v2\/posts\/5027\/revisions"}],"predecessor-version":[{"id":5029,"href":"https:\/\/uni.hi.is\/eirikur\/wp-json\/wp\/v2\/posts\/5027\/revisions\/5029"}],"wp:attachment":[{"href":"https:\/\/uni.hi.is\/eirikur\/wp-json\/wp\/v2\/media?parent=5027"}],"wp:term":[{"taxonomy":"category","embeddable":true,"href":"https:\/\/uni.hi.is\/eirikur\/wp-json\/wp\/v2\/categories?post=5027"},{"taxonomy":"post_tag","embeddable":true,"href":"https:\/\/uni.hi.is\/eirikur\/wp-json\/wp\/v2\/tags?post=5027"}],"curies":[{"name":"wp","href":"https:\/\/api.w.org\/{rel}","templated":true}]}}