{"id":5083,"date":"2023-04-15T12:00:09","date_gmt":"2023-04-15T12:00:09","guid":{"rendered":"https:\/\/uni.hi.is\/eirikur\/?p=5083"},"modified":"2025-11-23T18:51:39","modified_gmt":"2025-11-23T18:51:39","slug":"smellur","status":"publish","type":"post","link":"https:\/\/uni.hi.is\/eirikur\/2023\/04\/15\/smellur\/","title":{"rendered":"Smellur"},"content":{"rendered":"<p>\u00cd g\u00e6r s\u00e1 \u00e9g \u00e1 <em>mbl.is<\/em> <a href=\"https:\/\/k100.mbl.is\/frettir\/2023\/04\/14\/elin_hall_og_gdrn_med_nyjan_smell\/?fbclid=IwAR3nCIO015MI9NlzlZcEbBjeF-cJJemYwVWbRo4V8qGcOCMFbKB35vX2Cqc\">fyrirs\u00f6gnina<\/a> \u201eEl\u00edn Hall og GDRN me\u00f0 n\u00fdjan smell\u201c. M\u00e9r fannst \u00feetta svol\u00edti\u00f0 skr\u00edti\u00f0 vegna \u00feess a\u00f0 \u00e9g hef tali\u00f0 a\u00f0 <em>smellur<\/em> merkti 'vins\u00e6lt d\u00e6gurlag' eins og \u00fea\u00f0 er <a href=\"https:\/\/l.facebook.com\/l.php?u=https%3A%2F%2Fislenskordabok.arnastofnun.is%2Ford%2F37954%3Ffbclid%3DIwAR2o-Iqx_a47CQpTSFqlep36iKslttEz_MzXZZjBXey4dxBPIRVQ5Eo6_Ts&amp;h=AT0gIj1Fm-JMbGqujxmcd8QuVadj-wXlrcGPeQhwGUQAodtQ-7330YQiW8EpDORFgYkysncRvPZ3KBJEi_JONNhk_5V5-DOSXajbYIEKYT9J7qr1IhXbvx1n-yxoVFSt4Q&amp;__tn__=-UK-R&amp;c%5b0%5d=AT2DE2MGr59cFSbLOi5QElJjo3wLxSdhR5BdqpRWr2qBlV9z2weS6dUffdc73LfRkS9vPKHGkmRttC8N7xjF6MaX-mjt8cG_R8RvWrj85-hcBQd-c2YQnjwdtF8w70Tl3jMXncwJJysS7Fn0FlCRyb0g7BOVQQGx2vGJEt8M0UnKzYXvE-8K0ezro5RX7u-ypJ8ypTNbLudoT9_k\">sk\u00fdrt<\/a> \u00ed <em>\u00cdslenskri n\u00fat\u00edmam\u00e1lsor\u00f0ab\u00f3k<\/em>. Umr\u00e6tt lag kom hins vegar \u00fat \u00ed g\u00e6r og er \u00fev\u00ed t\u00e6past or\u00f0i\u00f0 vins\u00e6lt enn, \u00fe\u00f3tt \u00fea\u00f0 s\u00e9 vissulega l\u00edklegt til vins\u00e6lda og \u00fea\u00f0 r\u00e9ttl\u00e6ti e.t.v. \u00feessa or\u00f0anotkun. En \u00ed framhaldi af \u00feessu f\u00f3r \u00e9g a\u00f0 rifja upp \u00feegar or\u00f0i\u00f0 <em>smellur<\/em>, sem vitanlega er gamalt \u00ed m\u00e1linu, a.m.k. fr\u00e1 fyrri hluta 18. aldar, var teki\u00f0 upp \u00ed \u00feeirri merkingu sem h\u00e9r um r\u00e6\u00f0ir. S\u00fa merking vir\u00f0ist reyndar ekki vera a\u00f0 fullu vi\u00f0urkennd enn eins og marka m\u00e1 af \u00fev\u00ed a\u00f0 \u00fe\u00f3tt sk\u00fdringuna 'vins\u00e6lt d\u00e6gurlag' s\u00e9 einnig a\u00f0 finna \u00ed <em>\u00cdslenskri or\u00f0ab\u00f3k <\/em>er h\u00fan \u00fear merkt \u201e\u00f3forml.\u201c<\/p>\n<p>\u00c1 s\u00ed\u00f0asta \u00feri\u00f0jungi tuttugustu aldar var enska or\u00f0i\u00f0 <em>hit<\/em> e\u00f0a <em>hit song<\/em> sm\u00e1m saman a\u00f0 lauma s\u00e9r inn \u00ed \u00edslensku. Elsta d\u00e6mi sem \u00e9g hef fundi\u00f0 um \u00fea\u00f0 er \u00ed <em>V\u00edsi <\/em>1962, \u00fear sem Sigf\u00fas Halld\u00f3rsson er spur\u00f0ur: \u201eGetum vi\u00f0 ekki \u00e1tt von \u00e1 fleiri \u201ehit\u201c-l\u00f6gum fr\u00e1 \u00fe\u00e9r \u00e1 n\u00e6stunni?\u201c Anna\u00f0 d\u00e6mi fr\u00e1 sj\u00f6unda \u00e1ratugnum er \u00ed <em>Al\u00fe\u00fd\u00f0ubla\u00f0inu <\/em>1969: \u201e\u00c1 pl\u00f6tunni eru g\u00f6mlu \u201ehit\u201c l\u00f6gin hans og Lady Madonna og Lovely Rita eftir J. Lennon og McCartney.\u201c En annars f\u00f3r or\u00f0i\u00f0 ekki a\u00f0 sj\u00e1st a\u00f0 r\u00e1\u00f0i fyrr en um 1973 og breiddist mj\u00f6g \u00f6rt \u00fat \u00e1 seinni hluta \u00e1ttunda \u00e1ratugarins og framan af \u00feeim n\u00edunda. \u00c1 <em>t\u00edmarit.is<\/em> eru r\u00fam 300 d\u00e6mi um or\u00f0i\u00f0, flest fyrir 1985. Or\u00f0i\u00f0 er oftast skrifa\u00f0 me\u00f0 bandstriki, <em>hit-lag<\/em>, en \u00fe\u00f3 stundum <em>hitlag<\/em>, og i\u00f0ulega g\u00e6salappir um \u00fea\u00f0 e\u00f0a fyrri hlutann.<\/p>\n<p>Landslagi\u00f0 \u00ed d\u00e6gurt\u00f3nlist \u00e1 \u00cdslandi sn\u00f6ggbreyttist \u00feegar R\u00e1s tv\u00f6 t\u00f3k til starfa 1. desember 1983. Skyndilega var margfalt meira tala\u00f0 um d\u00e6gurt\u00f3nlist \u00e1 opinberum vettvangi en \u00e1\u00f0ur haf\u00f0i veri\u00f0. \u00c1 \u00feessum t\u00edma var m\u00e1lsni\u00f0 talmi\u00f0la \u00fe\u00f3 enn b\u00fdsna formlegt og t.d. var skrifa\u00f0 n\u00e1kv\u00e6mt <a href=\"https:\/\/l.facebook.com\/l.php?u=https%3A%2F%2Ftimarit.is%2Fpage%2F980684%3Fiabr%3Don%26fbclid%3DIwAR1RUZXMolMBQ8X38O1tbPHq0k0z_KS3YIYld7C5FEEczWTeXHaCoOEy-SE%23page%2Fn23%2Fmode%2F1up%2Fsearch%2F&amp;h=AT1_cv-e3aqDnTTzcYdT0rBlEBvn6E7XOhEJVYPOqR6yhxUi0ai5tVhOiconD7NcIVTlw7jcVeTKd7aybuNLloHs_p7J1o_xZsHBgaETjOkSVcKy3wavRCTBGZp0dwgMjA&amp;__tn__=-UK-R&amp;c%5b0%5d=AT2DE2MGr59cFSbLOi5QElJjo3wLxSdhR5BdqpRWr2qBlV9z2weS6dUffdc73LfRkS9vPKHGkmRttC8N7xjF6MaX-mjt8cG_R8RvWrj85-hcBQd-c2YQnjwdtF8w70Tl3jMXncwJJysS7Fn0FlCRyb0g7BOVQQGx2vGJEt8M0UnKzYXvE-8K0ezro5RX7u-ypJ8ypTNbLudoT9_k\">handrit<\/a> a\u00f0 \u00f6llum \u00fe\u00e1ttum R\u00e1sar tv\u00f6. Starfsf\u00f3lki \u00fear vir\u00f0ist hafa \u00fe\u00f3tt \u00e6skilegt a\u00f0 halda erlendum slettum \u00ed l\u00e1gmarki og e.t.v. hafa hlustendur l\u00edka gert athugasemdir vi\u00f0 \u00fe\u00e6r. \u00cd <em>DV<\/em> <a href=\"https:\/\/l.facebook.com\/l.php?u=https%3A%2F%2Ftimarit.is%2Fpage%2F2492459%3Fiabr%3Don%26fbclid%3DIwAR2MrD5dosOdt9QgREmTtNBJ0t1e7JLUA4xL43SuDFoqkNNpJM98hUHJrtI%23page%2Fn15%2Fmode%2F1up&amp;h=AT3DzrCwjCQoq5wGVuXqxpaCdbyOEMnpbHyFWYYkO1KhU-u-q4EtKARuUnrKILFia0rGeH5K7afZu6s2WmxU5mF4H_u_z2lyKHlWQDF8YKw8tIiN2NvkJz2BiLQJssf1sA&amp;__tn__=-UK-R&amp;c%5b0%5d=AT2DE2MGr59cFSbLOi5QElJjo3wLxSdhR5BdqpRWr2qBlV9z2weS6dUffdc73LfRkS9vPKHGkmRttC8N7xjF6MaX-mjt8cG_R8RvWrj85-hcBQd-c2YQnjwdtF8w70Tl3jMXncwJJysS7Fn0FlCRyb0g7BOVQQGx2vGJEt8M0UnKzYXvE-8K0ezro5RX7u-ypJ8ypTNbLudoT9_k\">skrifar<\/a> Gunnar nokkur \u00feann 19. j\u00fal\u00ed 1984: \u201eN\u00fa hafa \u00fatvarpsmenn r\u00e1sar 2 augl\u00fdst eftir n\u00fdyr\u00f0i yfir or\u00f0i\u00f0 Hit-song, \u00fe.e. lag sem sl\u00e6r \u00ed gegn. Ekki \u00e6tla \u00e9g a\u00f0 koma me\u00f6 till\u00f6gu en vil eindregi\u00f0 l\u00fdsa stu\u00f0ningi m\u00ednum vi\u00f0 till\u00f6guna: smellur.\u201c Ekki kemur fram fr\u00e1 hverjum \u00feessi tillaga hafi veri\u00f0.<\/p>\n<p>\u00dea\u00f0 er skemmst fr\u00e1 \u00fev\u00ed a\u00f0 segja a\u00f0 \u00feessi tillaga reyndist alger smellur. Elsta d\u00e6mi sem \u00e9g finn um \u00feessa notkun or\u00f0sins er \u00ed pl\u00f6tud\u00f3mum <em>NT <\/em>h\u00e1lfum m\u00e1nu\u00f0i fyrr, 4. j\u00fal\u00ed 1984: \u201e\u00de\u00e1 er b\u00fai\u00f0 a\u00f0 renna svona yfir pl\u00f6tuna og ni\u00f0ursta\u00f0an er \u00feessi a\u00f0 m\u00e9r finnst tilfinnanlega vanta fleiri sterka smelli (hit-l\u00f6g).\u201c Fj\u00f6lda d\u00e6ma um or\u00f0i\u00f0 m\u00e1 svo finna \u00ed \u00fdmsum fj\u00f6lmi\u00f0lum strax \u00ed j\u00fal\u00ed og \u00e1g\u00fast \u00feetta sumar \u2013 og or\u00f0i\u00f0 <em>hit-lag <\/em>h\u00e6tti n\u00e6stum alveg a\u00f0 sj\u00e1st. \u00cd <em>DV <\/em>7. september <a href=\"https:\/\/l.facebook.com\/l.php?u=https%3A%2F%2Ftimarit.is%2Fpage%2F2494340%3Fiabr%3Don%26fbclid%3DIwAR2cIRGkJi9QqKdDUEobgr0KPdzHtcaN2KoQxDwR9BuXgx18vDTpbUAqxd4%23page%2Fn32%2Fmode%2F1up&amp;h=AT0cx6B6JgmzUj3khG9KC4dlFd2wxmqu0SoqRe9QuafIZl7nuvvX61lHHxjK7Zem4bzey7EZqSoqhr1OTkXXpvm9SHHdZkqS9wDUb61o-5TH6NFkfgJQmmLgf4xviSt-Dw&amp;__tn__=-UK-R&amp;c%5b0%5d=AT2DE2MGr59cFSbLOi5QElJjo3wLxSdhR5BdqpRWr2qBlV9z2weS6dUffdc73LfRkS9vPKHGkmRttC8N7xjF6MaX-mjt8cG_R8RvWrj85-hcBQd-c2YQnjwdtF8w70Tl3jMXncwJJysS7Fn0FlCRyb0g7BOVQQGx2vGJEt8M0UnKzYXvE-8K0ezro5RX7u-ypJ8ypTNbLudoT9_k\">skrifar<\/a> Gunnar Salvarsson: \u201eFj\u00f6lmargir keppast n\u00fa vi\u00f0 a\u00f0 b\u00f6ggla saman n\u00fdyr\u00f0um enda talsver\u00f0 eftirspum eftir sl\u00edkum or\u00f0um, einkum \u00ed \u00fatvarps\u00fe\u00e1ttum. Sumt af \u00feessum n\u00fdju or\u00f0um hefur lukkast vel, anna\u00f0 mi\u00f0ur. Smellur er til d\u00e6mis f\u00ednt or\u00f0 yfir vins\u00e6lt d\u00e6gurlag sem enskir kalla \u201ehit\u201c.\u201c<\/p>\n<p>\u00c1 \u00feessum t\u00edma var R\u00e1s tv\u00f6 eina \u00fatvarpsst\u00f6\u00f0in sem sem sendi \u00fat d\u00e6gurt\u00f3nlist og haf\u00f0i \u00fev\u00ed mikil \u00e1hrif, og \u00fdmislegt m\u00e1 nefna sem s\u00fdnir hve flj\u00f3tt or\u00f0i\u00f0 sl\u00f3 \u00ed gegn. Strax \u00ed september kom \u00fat <a href=\"https:\/\/l.facebook.com\/l.php?u=https%3A%2F%2Ftimarit.is%2Fpage%2F1599288%3Fiabr%3Don%26fbclid%3DIwAR2HdmyjqmN2QPO_DoxlaAJA5GDVxYFfPJfPRhxBfdCvSe1H4gU-d0uwOH0%23page%2Fn14%2Fmode%2F1up%2F&amp;h=AT1y_LDRT6AeiU0pxNi2zNB0pooxUeRlCUjxtBLjgSoBpUvS4XDHTMJAuZo-ZKJXG0w14EzTTqkFN3Tmb5nshbAetFCz09GbACI-Y4SZM-yDqWwbvgWBn6VO1xlzZFON-Q&amp;__tn__=-UK-R&amp;c%5b0%5d=AT2DE2MGr59cFSbLOi5QElJjo3wLxSdhR5BdqpRWr2qBlV9z2weS6dUffdc73LfRkS9vPKHGkmRttC8N7xjF6MaX-mjt8cG_R8RvWrj85-hcBQd-c2YQnjwdtF8w70Tl3jMXncwJJysS7Fn0FlCRyb0g7BOVQQGx2vGJEt8M0UnKzYXvE-8K0ezro5RX7u-ypJ8ypTNbLudoT9_k\">platan<\/a> \u201e\u00c1 slaginu \u2013 12 smellir\u201c sem \u201eer meirih\u00e1ttar safnplata me\u00f0 \u00f6llum vins\u00e6lustu smellunum \u00ed dag\u201c. \u00c1 <a href=\"https:\/\/l.facebook.com\/l.php?u=https%3A%2F%2Ftimarit.is%2Fpage%2F2494591%3Fiabr%3Don%26fbclid%3DIwAR0sVCKlYvzObdQU_kpvd0VfL6ApDTSG9HztFl0x1A9cSVrToG7xRbE2FtA%23page%2Fn35%2Fmode%2F1up&amp;h=AT3h2OKUEadKoE5iGAXP3YzHA0lsdPSyIie-lY9oEdBHpSVocHukuN-oXOhYccCXXjpYh7zbx4uFwSzajkUdEwwbluYMt7p_edeDHDpR4bi1dcgskYjNGWHUZauxj58NXw&amp;__tn__=-UK-R&amp;c%5b0%5d=AT2DE2MGr59cFSbLOi5QElJjo3wLxSdhR5BdqpRWr2qBlV9z2weS6dUffdc73LfRkS9vPKHGkmRttC8N7xjF6MaX-mjt8cG_R8RvWrj85-hcBQd-c2YQnjwdtF8w70Tl3jMXncwJJysS7Fn0FlCRyb0g7BOVQQGx2vGJEt8M0UnKzYXvE-8K0ezro5RX7u-ypJ8ypTNbLudoT9_k\">dagskr\u00e1<\/a> <em>Fr\u00e9tta\u00fatvarpsins<\/em>, \u00fatvarpsst\u00f6\u00f0var sem var rekin (\u00f3l\u00f6gleg) \u00ed viku \u00ed verkfalli BSRB \u00ed okt\u00f3ber var li\u00f0urinn \u201eSmellir \u2013 \u00dea\u00f0 allra n\u00fdjasta \u00far poppheiminum\u201c. \u00cd n\u00f3vember kom \u00fat fyrsta t\u00f6lubla\u00f0 af n\u00fdju unglingabla\u00f0i sem <a href=\"https:\/\/l.facebook.com\/l.php?u=https%3A%2F%2Ftimarit.is%2Fpage%2F1601496%3Fiabr%3Don%26fbclid%3DIwAR0yl95bjiTjxgFueTfzTz4NQcol6_LvDLJLSqm3j3_8_CGCktTFKNCdQkY%23page%2Fn38%2Fmode%2F1up%2Fsearch%2Fsmells&amp;h=AT1CuSccFe87RXyUcEYbymdRpdteN1cr8YL4ncomr1ZRu3VCel776dFeCTPw6XPSgeCE-4GZRGpFUZiBI8a4ICphFWbwhJaCZMGZwRQPKDG-geviVfyBdVDgEyWBsNCbjQ&amp;__tn__=-UK-R&amp;c%5b0%5d=AT2DE2MGr59cFSbLOi5QElJjo3wLxSdhR5BdqpRWr2qBlV9z2weS6dUffdc73LfRkS9vPKHGkmRttC8N7xjF6MaX-mjt8cG_R8RvWrj85-hcBQd-c2YQnjwdtF8w70Tl3jMXncwJJysS7Fn0FlCRyb0g7BOVQQGx2vGJEt8M0UnKzYXvE-8K0ezro5RX7u-ypJ8ypTNbLudoT9_k\">h\u00e9t<\/a> <em>Smellur<\/em>. Auk \u00feess ur\u00f0u til samsetningar af or\u00f0inu eins og <em>ellismellur <\/em>um g\u00f6mul l\u00f6g sem voru vins\u00e6l \u00e1 s\u00ednum t\u00edma, <em>sumarsmellur<\/em>, <em>part\u00edsmellur<\/em>, <em>ofursmellur<\/em>, <em>st\u00f3rsmellur<\/em>, <em>poppsmellur<\/em>, <em>rosasmellur<\/em>, <em>Eurovisionsmellur<\/em> o.fl.<\/p>\n<p>\u00de\u00f3tt <em>hit-lag<\/em> hyrfi n\u00e6stum alveg \u00far prentmi\u00f0lum eftir 1984 hefur \u00fea\u00f0 n\u00fa veri\u00f0 endurvaki\u00f0 \u00ed breyttri mynd \u2013 <em>hittari<\/em>. Elsta d\u00e6mi um \u00fea\u00f0 er \u00ed <em>DV <\/em>31. okt\u00f3ber 1983: \u201e\u00c1 pl\u00f6tunni eru 11 pott\u00fe\u00e9tt McCartney-l\u00f6g hverju \u00f6\u00f0ru betra og syngur Michael Jackson me\u00f0 McCartney 2 HITTARA.\u201c \u00d6rf\u00e1 d\u00e6mi eru um or\u00f0i\u00f0 fr\u00e1 n\u00e6stu \u00e1rum og kannski hef\u00f0i \u00fea\u00f0 n\u00e1\u00f0 f\u00f3tfestu ef <em>smellur<\/em> hef\u00f0i ekki komi\u00f0 fram sk\u00f6mmu s\u00ed\u00f0ar. En undir aldam\u00f3tin komst or\u00f0i\u00f0 skyndilega \u00ed mikla notkun og n\u00fa eru r\u00fam 400 d\u00e6mi um \u00fea\u00f0 \u00e1 <em>t\u00edmarit.is<\/em>. \u00cd \u00e1ratug fr\u00e1 1997 eru langflest d\u00e6min um or\u00f0i\u00f0 \u00ed <em>DV <\/em>og \u00fea\u00f0 vir\u00f0ist hafa stu\u00f0la\u00f0 a\u00f0 \u00fatbrei\u00f0slu \u00feess. \u00deetta or\u00f0 fellur \u00ed sj\u00e1lfu s\u00e9r \u00e1g\u00e6tlega a\u00f0 m\u00e1linu og ekkert vi\u00f0 \u00fea\u00f0 a\u00f0 athuga, en \u00fea\u00f0 hefur ekki komist inn \u00ed or\u00f0ab\u00e6kur enn sem komi\u00f0 er.<\/p>\n<p>\u00der\u00e1tt fyrir \u00feennan uppgang or\u00f0sins <em>hittari <\/em>er <em>smellur <\/em>enn miki\u00f0 nota\u00f0, a.m.k. \u00ed fj\u00f6lmi\u00f0lum, en \u00e9g veit ekki hversu miki\u00f0 \u00fea\u00f0 er nota\u00f0 \u00ed daglegu m\u00e1li og \u00ed t\u00f3nlistargeiranum. \u00dea\u00f0 hefur einnig veri\u00f0 nota\u00f0 um \u00fdmislegt fleira sem hefur slegi\u00f0 \u00ed gegn en l\u00f6g, svo sem leiks\u00fdningar, uppist\u00f6nd o.fl. Kosturinn vi\u00f0 or\u00f0i\u00f0 er a\u00f0 \u00fea\u00f0 er stutt og lipurt \u00ed samsetningum en au\u00f0vita\u00f0 var \u00fea\u00f0 til \u00ed m\u00e1linu fyrir \u00ed annarri merkingu og einhverjum getur fundist \u00fea\u00f0 \u00f3kostur. En m\u00e9r finnst \u00feetta skemmtilegt d\u00e6mi um n\u00fdyr\u00f0i (e\u00f0a r\u00e9ttara sagt n\u00fdmerkingu) sem var sett fram til h\u00f6fu\u00f0s erlendu or\u00f0i sem var komi\u00f0 \u00ed mikla notkun og sl\u00f3 umsvifalaust \u00ed gegn. Sl\u00edk d\u00e6mi eru ekki m\u00f6rg. \u00c9g s\u00e1 einmitt um \u00fe\u00e1ttinn <em>Daglegt m\u00e1l <\/em>\u00ed \u00fatvarpinu \u00ed j\u00fal\u00ed og \u00e1g\u00fast 1984 og fylgdist me\u00f0 \u00feessu gerast.<\/p>\n","protected":false},"excerpt":{"rendered":"<p>\u00cd g\u00e6r s\u00e1 \u00e9g \u00e1 mbl.is fyrirs\u00f6gnina \u201eEl\u00edn Hall og GDRN me\u00f0 n\u00fdjan smell\u201c. M\u00e9r fannst \u00feetta svol\u00edti\u00f0 skr\u00edti\u00f0 vegna \u00feess a\u00f0 \u00e9g hef tali\u00f0 a\u00f0 smellur merkti 'vins\u00e6lt d\u00e6gurlag' eins og \u00fea\u00f0 er sk\u00fdrt \u00ed \u00cdslenskri n\u00fat\u00edmam\u00e1lsor\u00f0ab\u00f3k. Umr\u00e6tt lag kom hins vegar \u00fat \u00ed g\u00e6r og er \u00fev\u00ed t\u00e6past or\u00f0i\u00f0 vins\u00e6lt enn, \u00fe\u00f3tt \u00fea\u00f0 [&hellip;]<\/p>\n","protected":false},"author":141,"featured_media":0,"comment_status":"open","ping_status":"open","sticky":false,"template":"","format":"standard","meta":{"footnotes":""},"categories":[158635],"tags":[],"class_list":["post-5083","post","type-post","status-publish","format-standard","hentry","category-malfar"],"_links":{"self":[{"href":"https:\/\/uni.hi.is\/eirikur\/wp-json\/wp\/v2\/posts\/5083","targetHints":{"allow":["GET"]}}],"collection":[{"href":"https:\/\/uni.hi.is\/eirikur\/wp-json\/wp\/v2\/posts"}],"about":[{"href":"https:\/\/uni.hi.is\/eirikur\/wp-json\/wp\/v2\/types\/post"}],"author":[{"embeddable":true,"href":"https:\/\/uni.hi.is\/eirikur\/wp-json\/wp\/v2\/users\/141"}],"replies":[{"embeddable":true,"href":"https:\/\/uni.hi.is\/eirikur\/wp-json\/wp\/v2\/comments?post=5083"}],"version-history":[{"count":2,"href":"https:\/\/uni.hi.is\/eirikur\/wp-json\/wp\/v2\/posts\/5083\/revisions"}],"predecessor-version":[{"id":7775,"href":"https:\/\/uni.hi.is\/eirikur\/wp-json\/wp\/v2\/posts\/5083\/revisions\/7775"}],"wp:attachment":[{"href":"https:\/\/uni.hi.is\/eirikur\/wp-json\/wp\/v2\/media?parent=5083"}],"wp:term":[{"taxonomy":"category","embeddable":true,"href":"https:\/\/uni.hi.is\/eirikur\/wp-json\/wp\/v2\/categories?post=5083"},{"taxonomy":"post_tag","embeddable":true,"href":"https:\/\/uni.hi.is\/eirikur\/wp-json\/wp\/v2\/tags?post=5083"}],"curies":[{"name":"wp","href":"https:\/\/api.w.org\/{rel}","templated":true}]}}