{"id":5166,"date":"2023-05-27T21:04:35","date_gmt":"2023-05-27T21:04:35","guid":{"rendered":"https:\/\/uni.hi.is\/eirikur\/?p=5166"},"modified":"2023-12-01T13:07:41","modified_gmt":"2023-12-01T13:07:41","slug":"frikeypis","status":"publish","type":"post","link":"https:\/\/uni.hi.is\/eirikur\/2023\/05\/27\/frikeypis\/","title":{"rendered":"Fr\u00edkeypis"},"content":{"rendered":"<p>\u00cd <a href=\"https:\/\/l.facebook.com\/l.php?u=https%3A%2F%2Fwww.visir.is%2Fg%2F20232419094d%2Fsatu-eftir-a-ali-cante-eftir-ad-fluginu-var-flytt%3Ffbclid%3DIwAR3JNMHe6F0j9xu9wUWMMs7dZFq1bpikBgKJ9ze4l3NQnZ_zuapp7YUnN7U&amp;h=AT0OsVtSOouc8Z2NlT0EtJS1IWfWzR8dlxkTa0CbkGDbYbzCXHRlczjYf69AoxoGbQtL2yjUJptPh4gVvUYhOV3I9F7Zgh2uEHwQMHMdoM0oG5lGg1QJ_U6HoMbCDEPsXg&amp;__tn__=-UK-R&amp;c%5b0%5d=AT2sHp0Bn2cYcNdHgXa6gr4uOIRfObOVBvoX1pueH6U0F5jSOTObV_56G8YHd_uKPfbbQAX658NY7uKQ34n29j8ujfpUScHFbn_QGyoodCCNApcSRNRJE-Ry5Aj8CF4zRDu33hYJJhvY0KuedcXLfDfymSsWVb0C\">fr\u00e9tt<\/a> \u00e1 <em>V\u00edsi<\/em> n\u00fdlega kom fyrir or\u00f0i\u00f0 <em>fr\u00edkeypis<\/em>. \u00dea\u00f0 er ekki a\u00f0 finna \u00ed neinum or\u00f0ab\u00f3kum en merking \u00feess \u00ed umr\u00e6ddri fr\u00e9tt var samt auglj\u00f3s af samhengi \u2013 \u00fea\u00f0 merkir '\u00e1n endurgjalds' og er samsl\u00e1ttur or\u00f0anna <em>fr\u00ed<\/em>(<em>tt<\/em>) og <em>\u00f3keypis <\/em>sem b\u00e6\u00f0i eru notu\u00f0 \u00ed \u00feessari merkingu. \u00deetta or\u00f0 er ekki n\u00fdtt \u2013 elsta d\u00e6mi sem \u00e9g finn um \u00fea\u00f0 er \u00ed <em>DV<\/em> 2001: \u201e\u00dear sem a\u00f0gangur \u00e1 t\u00f3nlistarh\u00e1t\u00ed\u00f0ir er ekki fr\u00edkeypis er nau\u00f0synlegt a\u00f0 leita \u00e1 \u00f3d\u00fdrari mi\u00f0 \u00feegar \u00f6lkneyfingar eru annars vegar.\u201c \u00c1 <em>t\u00edmarit.is<\/em> eru 25 d\u00e6mi um or\u00f0i\u00f0, \u00fear af allm\u00f6rg \u00far augl\u00fdsingum Vodafone, en \u00ed <em>Risam\u00e1lheildinni <\/em>er r\u00famlega h\u00e1lft sj\u00f6unda hundra\u00f0 d\u00e6ma, langflest af samf\u00e9lagsmi\u00f0lum. Or\u00f0i\u00f0 er \u00fev\u00ed fyrst og fremst bundi\u00f0 vi\u00f0 \u00f3formlegt m\u00e1l en heldur vir\u00f0ist hafa dregi\u00f0 \u00far notkun \u00feess.<\/p>\n<p>\u00c1ri\u00f0 2009 <a href=\"https:\/\/l.facebook.com\/l.php?u=https%3A%2F%2Fwww.neytendastofa.is%2Flibrary%2FFiles%2FNeytendarettarsvid%2Fakvardanir%2Fakv2009_4.pdf%3Ffbclid%3DIwAR2mJ_itYaooBrgPKJfnQPAATEMG1vwQRLdXisTo8ZT8P31Qpvk8iaJ0n0g&amp;h=AT3wndN1xbwS3rH8I3KvgIgdP_n_vPq2VYrGdIZu_S98ERGD8x5KkDIga69SBRCH6q1kmM_tH3cuE_P8sztXVi4_s3sP7XoCvOZ4TdLekiD0cVWICvTmzcha88Liw0dwxQ&amp;__tn__=-UK-R&amp;c%5b0%5d=AT2sHp0Bn2cYcNdHgXa6gr4uOIRfObOVBvoX1pueH6U0F5jSOTObV_56G8YHd_uKPfbbQAX658NY7uKQ34n29j8ujfpUScHFbn_QGyoodCCNApcSRNRJE-Ry5Aj8CF4zRDu33hYJJhvY0KuedcXLfDfymSsWVb0C\">banna\u00f0i<\/a> Neytendastofa notkun Vodafone \u00e1 or\u00f0inu <em>fr\u00edkeypis<\/em> \u201evi\u00f0 kynningu \u00e1 \u00e1skriftarlei\u00f0inni Vodafone Gull [\u2026] \u00fear sem \u00e1vallt \u00feurfi a\u00f0 grei\u00f0a m\u00e1na\u00f0argjald fyrir \u00fej\u00f3nustuna. V\u00edsa\u00f0i stofnunin annars vegar til \u00e1lits Stofnunar \u00c1rna Magn\u00fassonar \u00ed \u00edslenskum fr\u00e6\u00f0um og til \u00feess a\u00f0 r\u00f6k Vodafone fyrir \u00fev\u00ed a\u00f0 or\u00f0i\u00f0 hef\u00f0i merkinguna kaupauki fengi ekki sta\u00f0ist.\u201c Ekki kemur fram hva\u00f0 sta\u00f0i\u00f0 hafi \u00ed \u00e1liti \u00c1rnastofnunar en af v\u00edsun til \u00feess m\u00e1 r\u00e1\u00f0a a\u00f0 stofnunin hafi tali\u00f0 a\u00f0 <em>fr\u00edkeypis <\/em>merkti '\u00e1n endurgjalds' eins og \u00e9g held a\u00f0 \u00fea\u00f0 s\u00e9 alltaf skili\u00f0. \u00deau r\u00f6k a\u00f0 or\u00f0i\u00f0 merki 'kaupauki' ganga gegn almennum m\u00e1lskilningi og bera \u00feess merki a\u00f0 vera sett fram til \u00feess eins a\u00f0 losa fyrirt\u00e6ki\u00f0 \u00far \u00feeirri kl\u00edpu sem villandi augl\u00fdsing kom \u00fev\u00ed \u00ed.<\/p>\n<p>Or\u00f0i\u00f0 <em>\u00f3keypis <\/em>er leitt me\u00f0 <em>i<\/em>-hlj\u00f3\u00f0varpi af stofninum <em>kaup-<\/em> \u00ed s\u00f6gninni <em>kaupa <\/em>og nafnor\u00f0inu <em>kaup<\/em>, og neitunarforskeytinu <em>\u00f3-<\/em> \u00fear framan vi\u00f0 og vi\u00f0skeytinu <em>-is <\/em>aftan vi\u00f0. \u00dea\u00f0 merkir 'sem ekki er keypt' (e\u00f0a 'ekki \u00fearf a\u00f0 kaupa'), sbr. <em>f\u00e1 \u00f3keypis<\/em>, en \u00fea\u00f0 getur einnig merkt 'sem ekki er greitt kaup fyrir', sbr. <em>vinna \u00f3keypis<\/em>. \u00cd b\u00e1\u00f0um tilvikum m\u00e1 segja a\u00f0 neitunarmerking forskeytisins og grunnmerking stofnsins skili s\u00e9r. Or\u00f0i\u00f0 <em>fr\u00edr <\/em><a href=\"https:\/\/ordsifjabok.arnastofnun.is\/faersla\/4144\">merkir<\/a> upphaflega 'frj\u00e1ls, \u00f3heftur, laus og li\u00f0ugur' samkv\u00e6mt <em>\u00cdslenskri or\u00f0sifjab\u00f3k<\/em>, en er n\u00fa oftast nota\u00f0 \u00ed s\u00f6mu merkingu og <em>\u00f3keypis<\/em>, \u00ed d\u00e6mum eins og <em>fr\u00edr a\u00f0gangur<\/em>, <em>fr\u00edtt f\u00e6\u00f0i<\/em> o.s.frv. S\u00fa merking er l\u00edklega runnin fr\u00e1 samb\u00f6ndum eins og <em>fr\u00edr vi\u00f0 kostna\u00f0<\/em>, <em>fr\u00edr vi\u00f0 gjald<\/em>, \u00fe.e. 'laus vi\u00f0 kostna\u00f0\/gjald' o.\u00fe.h., sbr. l\u00edka <em>gjaldfr\u00edr<\/em>.<\/p>\n<p>\u00c9g hef oft <a href=\"https:\/\/l.facebook.com\/l.php?u=https%3A%2F%2Funi.hi.is%2Feirikur%2F2021%2F01%2F30%2Ford-og-ordasambond%2F%3Ffbclid%3DIwAR2mJ_itYaooBrgPKJfnQPAATEMG1vwQRLdXisTo8ZT8P31Qpvk8iaJ0n0g&amp;h=AT2mQ0B4t4zjZvQwqHmfxkJTKZokbc0sCRiHU0050pKMyrCcuIGkOVXGGis_1fxnRQyHfWuvCXOAYOU4e9FbKuORzIgn9VihW0kyXFbfGeZ-XqvdnS-KqqMiJUgaTnzPKA&amp;__tn__=-UK-R&amp;c%5b0%5d=AT2sHp0Bn2cYcNdHgXa6gr4uOIRfObOVBvoX1pueH6U0F5jSOTObV_56G8YHd_uKPfbbQAX658NY7uKQ34n29j8ujfpUScHFbn_QGyoodCCNApcSRNRJE-Ry5Aj8CF4zRDu33hYJJhvY0KuedcXLfDfymSsWVb0C\">bent \u00e1<\/a> a\u00f0 tungum\u00e1li\u00f0 er ekki alltaf \u201er\u00f6kr\u00e9tt\u201c \u2013 og \u00fearf ekki a\u00f0 vera \u00fea\u00f0. Hins vegar er lj\u00f3st a\u00f0 m\u00f6rgum finnst e\u00f0lilegt a\u00f0 gera \u00fe\u00e1 kr\u00f6fu til n\u00fdrra or\u00f0a a\u00f0 \u00feau s\u00e9u \u201er\u00f6kr\u00e9tt\u201c, og \u00fea\u00f0 vir\u00f0ist \u00ed flj\u00f3tu brag\u00f0i e\u00f0lilegt a\u00f0 beita \u00feeirri r\u00f6ksemd gegn <em>fr\u00edkeypis <\/em>sem l\u00edtur \u00fat eins og \u00f3r\u00f6kr\u00e9ttur samsl\u00e1ttur \u00far <em>fr\u00ed<\/em>(<em>tt<\/em>) og <em>\u00f3keypis<\/em>. En \u00fe\u00f3tt or\u00f0i\u00f0 hafi \u00f6rugglega or\u00f0i\u00f0 til vi\u00f0 samsl\u00e1tt \u00fe\u00fd\u00f0ir \u00fea\u00f0 ekki endilega a\u00f0 \u00fea\u00f0 s\u00e9 r\u00f6kleysa. Samkv\u00e6mt framans\u00f6g\u00f0u m\u00e1 nefnilega vel halda \u00fev\u00ed fram a\u00f0 <em>fr\u00edkeypis <\/em>s\u00e9 r\u00f6kr\u00e9tt or\u00f0 sem merki b\u00f3kstaflega 'laus vi\u00f0 kaup' \u2013 og s\u00e9 \u00fev\u00ed nokkurn veginn hli\u00f0st\u00e6tt vi\u00f0 <em>\u00f3keypis<\/em>. \u00deetta \u00fe\u00fd\u00f0ir ekki a\u00f0 \u00e9g s\u00e9 a\u00f0 m\u00e6la s\u00e9rstaklega me\u00f0 \u00feessu or\u00f0i \u2013 \u00e9g nota \u00fea\u00f0 ekki og finnst \u00fea\u00f0 \u00f3\u00fearft. En \u00e9g s\u00e9 samt ekki a\u00f0 s\u00e9rst\u00f6k m\u00e1lspj\u00f6ll s\u00e9u a\u00f0 \u00fev\u00ed.<\/p>\n","protected":false},"excerpt":{"rendered":"<p>\u00cd fr\u00e9tt \u00e1 V\u00edsi n\u00fdlega kom fyrir or\u00f0i\u00f0 fr\u00edkeypis. \u00dea\u00f0 er ekki a\u00f0 finna \u00ed neinum or\u00f0ab\u00f3kum en merking \u00feess \u00ed umr\u00e6ddri fr\u00e9tt var samt auglj\u00f3s af samhengi \u2013 \u00fea\u00f0 merkir '\u00e1n endurgjalds' og er samsl\u00e1ttur or\u00f0anna fr\u00ed(tt) og \u00f3keypis sem b\u00e6\u00f0i eru notu\u00f0 \u00ed \u00feessari merkingu. \u00deetta or\u00f0 er ekki n\u00fdtt \u2013 elsta d\u00e6mi [&hellip;]<\/p>\n","protected":false},"author":141,"featured_media":0,"comment_status":"open","ping_status":"open","sticky":false,"template":"","format":"standard","meta":{"footnotes":""},"categories":[158635],"tags":[],"class_list":["post-5166","post","type-post","status-publish","format-standard","hentry","category-malfar"],"_links":{"self":[{"href":"https:\/\/uni.hi.is\/eirikur\/wp-json\/wp\/v2\/posts\/5166","targetHints":{"allow":["GET"]}}],"collection":[{"href":"https:\/\/uni.hi.is\/eirikur\/wp-json\/wp\/v2\/posts"}],"about":[{"href":"https:\/\/uni.hi.is\/eirikur\/wp-json\/wp\/v2\/types\/post"}],"author":[{"embeddable":true,"href":"https:\/\/uni.hi.is\/eirikur\/wp-json\/wp\/v2\/users\/141"}],"replies":[{"embeddable":true,"href":"https:\/\/uni.hi.is\/eirikur\/wp-json\/wp\/v2\/comments?post=5166"}],"version-history":[{"count":2,"href":"https:\/\/uni.hi.is\/eirikur\/wp-json\/wp\/v2\/posts\/5166\/revisions"}],"predecessor-version":[{"id":5788,"href":"https:\/\/uni.hi.is\/eirikur\/wp-json\/wp\/v2\/posts\/5166\/revisions\/5788"}],"wp:attachment":[{"href":"https:\/\/uni.hi.is\/eirikur\/wp-json\/wp\/v2\/media?parent=5166"}],"wp:term":[{"taxonomy":"category","embeddable":true,"href":"https:\/\/uni.hi.is\/eirikur\/wp-json\/wp\/v2\/categories?post=5166"},{"taxonomy":"post_tag","embeddable":true,"href":"https:\/\/uni.hi.is\/eirikur\/wp-json\/wp\/v2\/tags?post=5166"}],"curies":[{"name":"wp","href":"https:\/\/api.w.org\/{rel}","templated":true}]}}