{"id":5191,"date":"2023-06-11T13:16:38","date_gmt":"2023-06-11T13:16:38","guid":{"rendered":"https:\/\/uni.hi.is\/eirikur\/?p=5191"},"modified":"2023-06-11T13:18:43","modified_gmt":"2023-06-11T13:18:43","slug":"vinkonur-og-vinir","status":"publish","type":"post","link":"https:\/\/uni.hi.is\/eirikur\/2023\/06\/11\/vinkonur-og-vinir\/","title":{"rendered":"Vinkonur og vinir"},"content":{"rendered":"<p>\u00cd \u00fatvarpsfr\u00e9ttum \u00e1\u00f0an var sagt fr\u00e1 \u00fev\u00ed a\u00f0 A\u00f0alhei\u00f0ur J\u00f3hannsd\u00f3ttir, pr\u00f3fessor \u00ed umhverfisr\u00e9tti, hef\u00f0i n\u00fa \u201e\u00e1samt vinkonu sinni k\u00e6rt til innvi\u00f0ar\u00e1\u00f0uneytisins a\u00f0ger\u00f0arleysi heilbrig\u00f0isnefndar Reykjav\u00edkur vegna \u00feessarar miklu loftmengunar. Vinkona A\u00f0alhei\u00f0ar er me\u00f0 doktorspr\u00f3f \u00ed efnafr\u00e6\u00f0i og er einnig l\u00f6gfr\u00e6\u00f0ingur.\u201c \u00dea\u00f0 sem m\u00e9r finnst s\u00e9rkennilegt \u00ed \u00feessari fr\u00e9tt er a\u00f0 teki\u00f0 er fram a\u00f0 A\u00f0alhei\u00f0ur hafi k\u00e6rt m\u00e1li\u00f0 \u201e\u00e1samt vinkonu sinni\u201c \u2013 \u00feegar fram kemur a\u00f0 vinkonan er ekki einhver \u00f3tiltekin saumakl\u00fabbsvinkona heldur s\u00e9rfr\u00e6\u00f0ingur \u00e1 \u00fev\u00ed svi\u00f0i sem um er a\u00f0 r\u00e6\u00f0a. Eins og fram kemur \u00ed fr\u00e9ttinni var <a href=\"https:\/\/l.facebook.com\/l.php?u=https%3A%2F%2Ffundur.reykjavik.is%2Fsites%2Fdefault%2Ffiles%2Fagenda-items%2FK%25C3%25A6ra%2520vegna%2520a%25C3%25B0ger%25C3%25B0arleysis%2520heilbri%25C3%25B0g%25C3%25B0isnefndar%2520Reykjav%25C3%25ADkur%2520vegna%2520loftmengunar_Redacted.pdf%3Ffbclid%3DIwAR17D7kRnNO_h1FxGZTvSgbvEpwsPWY-oHYjT5ZrNk6gSxzkaTa8X0k2zac&amp;h=AT39KYvSilKrHgl0Sp1yu-JluEPLnx8KfVC_JftMcMEeM3Sr9DsUIPzaAHqJw1YaE8-ZJreYqAtzQReDD56sYFLx8OFeoKJRJauLO5XYFZLiRGQY1glyXaT-1mCIV2LilQ&amp;__tn__=-UK-R&amp;c%5b0%5d=AT1-etSZ6r1Q4OlqqpF8nupMO7mM3Ew6yvYOtGGDZwXEFhm43fiu9FyEhu86oeBdfvQbDS8WK-jM4FVpDnaVy_yk7MOHC55i8M8kFbBWeCJ5gGPKhushrZfMnrlmvcb55yH2sRSAX3C41oo8V6oLNDTh9eS6hRbq\">k\u00e6ran<\/a> l\u00f6g\u00f0 fram \u00e1 fundi heilbrig\u00f0isnefndar og \u00ed henni er \u201evinkonan\u201c nafngreind en ekki or\u00f0 um a\u00f0 \u00fe\u00e6r A\u00f0alhei\u00f0ur s\u00e9u vinkonur.<\/p>\n<p>Hef\u00f0i einhvern t\u00edma veri\u00f0 nota\u00f0 samb\u00e6rilegt or\u00f0alag um karlmenn? Hef\u00f0i veri\u00f0 sagt \u201eEir\u00edkur hefur n\u00fa \u00e1samt vini s\u00ednum k\u00e6rt til innvi\u00f0ar\u00e1\u00f0uneytisins a\u00f0ger\u00f0arleysi heilbrig\u00f0isnefndar Reykjav\u00edkur vegna \u00feessarar miklu loftmengunar. Vinur Eir\u00edks er me\u00f0 doktorspr\u00f3f \u00ed efnafr\u00e6\u00f0i og er einnig l\u00f6gfr\u00e6\u00f0ingur.\u201c \u00c9g held ekki \u2013 enda kemur \u00fea\u00f0 m\u00e1linu ekkert vi\u00f0 hvort um vini e\u00f0a vinkonur er a\u00f0 r\u00e6\u00f0a. M\u00e9r finnst or\u00f0alag af \u00feessu tagi vera til \u00feess falli\u00f0 a\u00f0 draga \u00far v\u00e6gi m\u00e1lsins \u2013 gefa \u00ed skyn a\u00f0 \u00e1 bak vi\u00f0 \u00fea\u00f0 liggi eitthvert vin\u00e1ttusamband frekar en kunn\u00e1tta og \u00feekking. M\u00e9r dettur samt ekki \u00ed hug a\u00f0 \u00fea\u00f0 s\u00e9 gert v\u00edsvitandi \u00ed \u00feessari fr\u00e9tt, en \u00e9g held a\u00f0 \u00feetta s\u00e9 d\u00e6mi um \u00fea\u00f0 hvernig vi\u00f0 notum oft \u2013 \u00e1n \u00e1setnings \u2013 mismunandi or\u00f0alag um konur og karla.<\/p>\n","protected":false},"excerpt":{"rendered":"<p>\u00cd \u00fatvarpsfr\u00e9ttum \u00e1\u00f0an var sagt fr\u00e1 \u00fev\u00ed a\u00f0 A\u00f0alhei\u00f0ur J\u00f3hannsd\u00f3ttir, pr\u00f3fessor \u00ed umhverfisr\u00e9tti, hef\u00f0i n\u00fa \u201e\u00e1samt vinkonu sinni k\u00e6rt til innvi\u00f0ar\u00e1\u00f0uneytisins a\u00f0ger\u00f0arleysi heilbrig\u00f0isnefndar Reykjav\u00edkur vegna \u00feessarar miklu loftmengunar. Vinkona A\u00f0alhei\u00f0ar er me\u00f0 doktorspr\u00f3f \u00ed efnafr\u00e6\u00f0i og er einnig l\u00f6gfr\u00e6\u00f0ingur.\u201c \u00dea\u00f0 sem m\u00e9r finnst s\u00e9rkennilegt \u00ed \u00feessari fr\u00e9tt er a\u00f0 teki\u00f0 er fram a\u00f0 A\u00f0alhei\u00f0ur hafi [&hellip;]<\/p>\n","protected":false},"author":141,"featured_media":0,"comment_status":"open","ping_status":"open","sticky":false,"template":"","format":"standard","meta":{"footnotes":""},"categories":[158635],"tags":[],"class_list":["post-5191","post","type-post","status-publish","format-standard","hentry","category-malfar"],"_links":{"self":[{"href":"https:\/\/uni.hi.is\/eirikur\/wp-json\/wp\/v2\/posts\/5191","targetHints":{"allow":["GET"]}}],"collection":[{"href":"https:\/\/uni.hi.is\/eirikur\/wp-json\/wp\/v2\/posts"}],"about":[{"href":"https:\/\/uni.hi.is\/eirikur\/wp-json\/wp\/v2\/types\/post"}],"author":[{"embeddable":true,"href":"https:\/\/uni.hi.is\/eirikur\/wp-json\/wp\/v2\/users\/141"}],"replies":[{"embeddable":true,"href":"https:\/\/uni.hi.is\/eirikur\/wp-json\/wp\/v2\/comments?post=5191"}],"version-history":[{"count":2,"href":"https:\/\/uni.hi.is\/eirikur\/wp-json\/wp\/v2\/posts\/5191\/revisions"}],"predecessor-version":[{"id":5193,"href":"https:\/\/uni.hi.is\/eirikur\/wp-json\/wp\/v2\/posts\/5191\/revisions\/5193"}],"wp:attachment":[{"href":"https:\/\/uni.hi.is\/eirikur\/wp-json\/wp\/v2\/media?parent=5191"}],"wp:term":[{"taxonomy":"category","embeddable":true,"href":"https:\/\/uni.hi.is\/eirikur\/wp-json\/wp\/v2\/categories?post=5191"},{"taxonomy":"post_tag","embeddable":true,"href":"https:\/\/uni.hi.is\/eirikur\/wp-json\/wp\/v2\/tags?post=5191"}],"curies":[{"name":"wp","href":"https:\/\/api.w.org\/{rel}","templated":true}]}}