{"id":5228,"date":"2023-07-01T10:32:52","date_gmt":"2023-07-01T10:32:52","guid":{"rendered":"https:\/\/uni.hi.is\/eirikur\/?p=5228"},"modified":"2023-07-01T10:39:31","modified_gmt":"2023-07-01T10:39:31","slug":"snjoletta-oletta-og-fleiri-lettur","status":"publish","type":"post","link":"https:\/\/uni.hi.is\/eirikur\/2023\/07\/01\/snjoletta-oletta-og-fleiri-lettur\/","title":{"rendered":"Snj\u00f3l\u00e9tta, \u00f3l\u00e9tta og fleiri -l\u00e9ttur"},"content":{"rendered":"<p>\u00cd g\u00e6r var spurt h\u00e9r um nafnor\u00f0i\u00f0 <em>snj\u00f3l\u00e9tta <\/em>sem var nota\u00f0 \u00ed <a href=\"https:\/\/l.facebook.com\/l.php?u=https%3A%2F%2Fwww.mbl.is%2Ffrettir%2Finnlent%2F2023%2F06%2F30%2Fhalendid_opnar_fyrr_en_vanalega%2F%3Ffbclid%3DIwAR2FZ9e4NVqUiiaz5xQMmVOxnQ5zJUhwLZj5P0AW7VZhDxZ-ZgRnWdLkSEg&amp;h=AT0dIifUTJ_EUKuSuXafy_yRDJwPPp47hAxSkyIUDA53EIENLZ6XitZaDTKUSUtHqziLSM_2Jp_Fczh3G2-gr613Ogjd9YoBvfVl1c6c5B5KJI7Wf6XEfgt5wkUsmao61A&amp;__tn__=-UK-R&amp;c%5b0%5d=AT1NxKA6L0MxINlbHd9IWGSsRUqiflTu-cgYGaxZgK49FFcJ8rABRU2fDrLxWbgRp9RlEJO8KQsDO-u1EYGfnwBU6gXYmxlY19k2F-d9zAxKPsyZLnxgU16ElSOugoZlKCUQFox1CcOQ9FysBVcRLUgszKtfuOOD\">fr\u00e9tt<\/a> \u00e1 <em>mbl.is <\/em>\u2013 meira a\u00f0 segja tvisvar, b\u00e6\u00f0i \u00ed texta bla\u00f0amanns og vi\u00f0m\u00e6landa. \u201eA\u00f0 s\u00f6gn \u00c1g\u00fastar Freys Bjartmarssonar, yfirverkstj\u00f3ra \u00e1 V\u00edk, er snj\u00f3l\u00e9tta \u00e1 fj\u00f6llum helsta \u00e1st\u00e6\u00f0a \u00feess a\u00f0 vegirnir voru opna\u00f0ir fyrr en vanalega. \u201e[\u2026] N\u00fa var snj\u00f3l\u00e9tta \u00feannig a\u00f0 vi\u00f0 g\u00e1tum byrja\u00f0 fyrr\u201c.\u201c Tr\u00falegt er a\u00f0 bla\u00f0ama\u00f0ur hafi teki\u00f0 or\u00f0i\u00f0 upp eftir \u00c1g\u00fasti \u2013 \u00fea\u00f0 er nefnilega \u00f3l\u00edklegt a\u00f0 b\u00e1\u00f0ir \u00fe\u00e1tttakendur \u00ed samtalinu hafi \u00feekkt or\u00f0i\u00f0 \u00fev\u00ed a\u00f0 \u00fea\u00f0 er mj\u00f6g sjaldg\u00e6ft. \u00dea\u00f0 er ekki a\u00f0 finna \u00ed neinum or\u00f0ab\u00f3kum, ekkert einasta d\u00e6mi er um or\u00f0i\u00f0 \u00ed <em>Risam\u00e1lheildinni<\/em> og a\u00f0eins \u00ferj\u00fa \u00e1 <em>t\u00edmarit.is<\/em>. <em>Ritm\u00e1lssafn<\/em> \u00c1rnastofnunar nefnir eitt d\u00e6mi um or\u00f0i\u00f0 og v\u00edsar \u00ed heimild, en tilf\u00e6rir d\u00e6mi\u00f0 ekki.<\/p>\n<p>Eitt d\u00e6manna \u00e1 <em>t\u00edmarit.is <\/em>er \u00far <em>Sj\u00f3mannadagsbla\u00f0inu <\/em>1983: \u201eVe\u00f0ur\u00e1tt \u00e1 Patreksfir\u00f0i er fremur \u00feurr, og snj\u00f3l\u00e9tta mikil.\u201c \u00deegar a\u00f0 er g\u00e1\u00f0 kemur \u00ed lj\u00f3s a\u00f0 vitna\u00f0 er \u00ed texta eftir J\u00f3n Sigur\u00f0sson \u00ed Ystafelli \u00ed Kaldakinn, og er \u00fear komi\u00f0 d\u00e6mi\u00f0 sem v\u00edsa\u00f0 er til \u00ed <em>Ritm\u00e1lssafni<\/em> \u00c1rnastofnunar, teki\u00f0 \u00far b\u00f3kinni <em>Land og l\u00fd\u00f0ur. Dr\u00f6g til \u00edslenzkra h\u00e9ra\u00f0al\u00fdsinga<\/em> fr\u00e1 1933. Anna\u00f0 d\u00e6mi um or\u00f0i\u00f0 er einnig fr\u00e1 J\u00f3ni \u00ed Ystafelli, \u00far grein \u00ed <em>T\u00edmanum <\/em>1953: \u201e\u00dea\u00f0 er t.d. s\u00f6guleg sta\u00f0reynd a\u00f0 menn bj\u00f6rgu\u00f0u oft f\u00e9 \u00ed h\u00f6r\u00f0um vorum, me\u00f0 \u00fev\u00ed a\u00f0 reka \u00fea\u00f0 \u00far snj\u00f3\u00feunga \u00e1 snj\u00f3l\u00e9ttu\u201c. \u00deri\u00f0ja d\u00e6mi\u00f0 er \u00far vi\u00f0tali vi\u00f0 Svarfd\u00e6ling \u00ed <em>T\u00edmanum <\/em>1968: \u201eH\u00e9r um veturinn \u00ed \u00f3t\u00ed\u00f0 og fannfergi \u00e1 Nor\u00f0urlandi en snj\u00f3l\u00e9ttu \u00e1 Su\u00f0urlandi.\u201c \u00d6ll \u00feessi d\u00e6mi eru \u00fev\u00ed af austanver\u00f0u Nor\u00f0urlandi.<\/p>\n<p>Nafnor\u00f0i\u00f0 <em>snj\u00f3l\u00e9tta <\/em>er auglj\u00f3slega dregi\u00f0 af l\u00fdsingaror\u00f0inu <em>snj\u00f3l\u00e9tt<\/em> og sl\u00edk or\u00f0myndun er ekki einsd\u00e6mi \u2013 \u00feetta er hli\u00f0st\u00e6tt \u00fev\u00ed a\u00f0 nafnor\u00f0i\u00f0 <em>\u00f3l\u00e9tta <\/em>er dregi\u00f0 af l\u00fdsingaror\u00f0inu <em>\u00f3l\u00e9tt<\/em>. Elsta d\u00e6mi um \u00fea\u00f0 or\u00f0 er \u00ed <em>T\u00edmanum <\/em>1930: \u201eEru vel hugsanleg \u00feau tilfelli, \u00fear sem telja m\u00e6tti vafa leika \u00e1 \u00fev\u00ed, hvort heldur um sulli s\u00e9 a\u00f0 r\u00e6\u00f0a e\u00f0a \u00f3l\u00e9ttu, ekki s\u00edzt ef t.d. konan skyldi \u00fer\u00e6ta fyrir hi\u00f0 s\u00ed\u00f0ara.\u201c \u00cd <em>Lesb\u00f3k Morgunbla\u00f0sins <\/em>1953 segir: \u201eOg \u00fea\u00f0 var \u00feessi \u201e\u00f3l\u00e9tta\u201c, sem fyrst vakti grun um a\u00f0 br\u00f6g\u00f0 v\u00e6ru \u00ed tafli.\u201c G\u00e6salappirnar s\u00fdna a\u00f0 or\u00f0i\u00f0 er \u00fearna ekki fullkomlega vi\u00f0urkennt, en \u00fea\u00f0 vir\u00f0ist ver\u00f0a algengt upp \u00far 1960. \u00deetta er einf\u00f6ld og e\u00f0lileg or\u00f0myndun sem m\u00e6tti n\u00fdta meira, nota t.d. nafnor\u00f0 eins og <em>skapl\u00e9tta<\/em> af <em>skapl\u00e9tt<\/em>, <em>sporl\u00e9tta<\/em> af <em>sporl\u00e9tt <\/em>o.s.frv.<\/p>\n<p>\u00de\u00e6r f\u00e1u heimildir sem finnast um <em>snj\u00f3l\u00e9tta <\/em>benda til Nor\u00f0urlands en lj\u00f3st er a\u00f0 um \u00e1kaflega sjaldg\u00e6ft or\u00f0 er a\u00f0 r\u00e6\u00f0a. \u00deess vegna er merkilegt a\u00f0 \u00fea\u00f0 skuli d\u00fakka upp \u00e1 netinu meira en h\u00e1lfri \u00f6ld eftir a\u00f0 \u00fea\u00f0 s\u00e1st s\u00ed\u00f0ast \u00ed bla\u00f0i e\u00f0a t\u00edmariti. En vegna \u00feess a\u00f0 \u00feessi or\u00f0myndun vir\u00f0ist liggja nokku\u00f0 beint vi\u00f0 er ekki h\u00e6gt a\u00f0 \u00fatiloka \u00feann m\u00f6guleika a\u00f0 um sj\u00e1lfst\u00e6\u00f0a or\u00f0myndun s\u00e9 a\u00f0 r\u00e6\u00f0a, \u00fe.e. vi\u00f0m\u00e6landi <em>mbl.is<\/em>e\u00f0a einhver \u00ed m\u00e1lumhverfi hans hafi b\u00fai\u00f0 or\u00f0i\u00f0 til \u00e1n \u00feess a\u00f0 vita af eldri d\u00e6mum um \u00fea\u00f0. S\u00e9 svo er \u00feetta d\u00e6mi um frj\u00f3a og e\u00f0lilega or\u00f0myndun, en a\u00f0 \u00f6\u00f0rum kosti er \u00feetta d\u00e6mi um \u00fea\u00f0 hvernig mj\u00f6g sjaldg\u00e6f or\u00f0 geta var\u00f0veist \u00ed m\u00e1linu \u00e1rum og \u00e1ratugum saman \u00e1n \u00feess a\u00f0 komast \u00e1 bla\u00f0. Hvort sem heldur er finnst m\u00e9r <em>snj\u00f3l\u00e9tta<\/em> \u00e1g\u00e6tt or\u00f0.<\/p>\n","protected":false},"excerpt":{"rendered":"<p>\u00cd g\u00e6r var spurt h\u00e9r um nafnor\u00f0i\u00f0 snj\u00f3l\u00e9tta sem var nota\u00f0 \u00ed fr\u00e9tt \u00e1 mbl.is \u2013 meira a\u00f0 segja tvisvar, b\u00e6\u00f0i \u00ed texta bla\u00f0amanns og vi\u00f0m\u00e6landa. \u201eA\u00f0 s\u00f6gn \u00c1g\u00fastar Freys Bjartmarssonar, yfirverkstj\u00f3ra \u00e1 V\u00edk, er snj\u00f3l\u00e9tta \u00e1 fj\u00f6llum helsta \u00e1st\u00e6\u00f0a \u00feess a\u00f0 vegirnir voru opna\u00f0ir fyrr en vanalega. \u201e[\u2026] N\u00fa var snj\u00f3l\u00e9tta \u00feannig a\u00f0 vi\u00f0 [&hellip;]<\/p>\n","protected":false},"author":141,"featured_media":0,"comment_status":"open","ping_status":"open","sticky":false,"template":"","format":"standard","meta":{"footnotes":""},"categories":[158635],"tags":[],"class_list":["post-5228","post","type-post","status-publish","format-standard","hentry","category-malfar"],"_links":{"self":[{"href":"https:\/\/uni.hi.is\/eirikur\/wp-json\/wp\/v2\/posts\/5228","targetHints":{"allow":["GET"]}}],"collection":[{"href":"https:\/\/uni.hi.is\/eirikur\/wp-json\/wp\/v2\/posts"}],"about":[{"href":"https:\/\/uni.hi.is\/eirikur\/wp-json\/wp\/v2\/types\/post"}],"author":[{"embeddable":true,"href":"https:\/\/uni.hi.is\/eirikur\/wp-json\/wp\/v2\/users\/141"}],"replies":[{"embeddable":true,"href":"https:\/\/uni.hi.is\/eirikur\/wp-json\/wp\/v2\/comments?post=5228"}],"version-history":[{"count":2,"href":"https:\/\/uni.hi.is\/eirikur\/wp-json\/wp\/v2\/posts\/5228\/revisions"}],"predecessor-version":[{"id":5230,"href":"https:\/\/uni.hi.is\/eirikur\/wp-json\/wp\/v2\/posts\/5228\/revisions\/5230"}],"wp:attachment":[{"href":"https:\/\/uni.hi.is\/eirikur\/wp-json\/wp\/v2\/media?parent=5228"}],"wp:term":[{"taxonomy":"category","embeddable":true,"href":"https:\/\/uni.hi.is\/eirikur\/wp-json\/wp\/v2\/categories?post=5228"},{"taxonomy":"post_tag","embeddable":true,"href":"https:\/\/uni.hi.is\/eirikur\/wp-json\/wp\/v2\/tags?post=5228"}],"curies":[{"name":"wp","href":"https:\/\/api.w.org\/{rel}","templated":true}]}}