{"id":5549,"date":"2023-10-03T16:26:27","date_gmt":"2023-10-03T16:26:27","guid":{"rendered":"https:\/\/uni.hi.is\/eirikur\/?p=5549"},"modified":"2023-10-03T16:28:10","modified_gmt":"2023-10-03T16:28:10","slug":"ad-na-i-urslit","status":"publish","type":"post","link":"https:\/\/uni.hi.is\/eirikur\/2023\/10\/03\/ad-na-i-urslit\/","title":{"rendered":"A\u00f0 n\u00e1 \u00ed \u00farslit"},"content":{"rendered":"<p>\u00cd g\u00e6r s\u00e1 \u00e9g <a href=\"https:\/\/l.facebook.com\/l.php?u=https%3A%2F%2Fwww.mbl.is%2Fsport%2Fkorfubolti%2F2023%2F10%2F03%2Fmarkmidid_ad_na_i_urslit%2F%3Ffbclid%3DIwAR3RwxOkRBgr8RSpiMT8igEW6cJL1kY9crhWMRHN_Fsyw942rtfsMG_QHPQ&amp;h=AT3cnOmZWmL-0kJUVDAF2UcivET8v9P1W5WGr1zzDRniHmKjozJCjbl4n0yNX1Vp72q8e1fmZCR36Kxs49cLzMObW8RQZQpeiFC_mKJug58JnqelR5ffNIu5NxAkCGevog&amp;__tn__=-UK-R&amp;c%5b0%5d=AT1BbwTlOD59VzHA-XQQhsFOPGSnaEYxOmTCUe40AWPi4f6qW165ODVAi18kNR8Z0hm_MjVkHomS9sPkJFTyvt6mNvxCEgNhgHgFLkbYmtbAz6sDsk4wH0EjMIDFT0iRbBwQA784qu2bSZvDqaLR2iU8ArT074CQ\">fr\u00e9tt<\/a> \u00e1 <em>mbl.is<\/em> me\u00f0 fyrirs\u00f6gninni \u201eMarkmi\u00f0i\u00f0 a\u00f0 n\u00e1 \u00ed \u00farslit\u201c. Fr\u00e9ttin fjalla\u00f0i um \u00fe\u00e1ttt\u00f6ku karlali\u00f0s Tindast\u00f3ls \u00ed undankeppni Evr\u00f3pubikars FIBA og \u00ed henni er l\u00fdst langri lei\u00f0 \u00ed \u00farslitakeppnina, gegnum tv\u00f6falda ri\u00f0lakeppni, og \u00e9g hugsa\u00f0i me\u00f0 m\u00e9r a\u00f0 \u00fearna v\u00e6ri greinilega mikill metna\u00f0ur \u00e1 fer\u00f0um a\u00f0 \u00e6tla s\u00e9r a\u00f0 komast \u00ed \u00farslitakeppnina. En \u00e9g f\u00f3r a\u00f0 efast um \u00feennan skilning \u00feegar \u00e9g las fr\u00e9ttina til enda, \u00fev\u00ed a\u00f0 \u00ed lokin er haft eftir fyrirli\u00f0a Tindast\u00f3ls: \u201eMarkmi\u00f0i\u00f0 er a\u00f0 sj\u00e1lfs\u00f6g\u00f0u a\u00f0 n\u00e1 \u00ed einhver \u00farslit \u00far \u00feessum tveimur leikjum og komast \u00e1fram.\u201c \u00cd <em>\u00cdslenskri n\u00fat\u00edmam\u00e1lsor\u00f0ab\u00f3k <\/em>er or\u00f0i\u00f0 <em>\u00farslit <\/em><a href=\"https:\/\/l.facebook.com\/l.php?u=https%3A%2F%2Fislenskordabok.arnastofnun.is%2Ford%2F43841%3Ffbclid%3DIwAR25MpWyaSpKh1psCEF91mLc8EglZAbCKXovoH0sbsCpMSkjSvKbfYVX2cU&amp;h=AT2W18GSIqFQQWtLYE56ZkgK8T_AljQjkqEWfKG7xnGod_stjszj9f2gIbH7uExN79C_NwHykGNVQftrwWGplg20I-c6lFlrxd9e8hXESTvj-auPSjczDElj5ItJulTHXg&amp;__tn__=-UK-R&amp;c%5b0%5d=AT1BbwTlOD59VzHA-XQQhsFOPGSnaEYxOmTCUe40AWPi4f6qW165ODVAi18kNR8Z0hm_MjVkHomS9sPkJFTyvt6mNvxCEgNhgHgFLkbYmtbAz6sDsk4wH0EjMIDFT0iRbBwQA784qu2bSZvDqaLR2iU8ArT074CQ\">sk\u00fdrt<\/a> '\u00fea\u00f0 hvernig e-u lyktar, ni\u00f0ursta\u00f0a, lyktir' en \u00ed \u00ed\u00fer\u00f3ttum merkir \u00fea\u00f0 einnig oft 'lokakeppni, lokastig keppni \u00fear sem skori\u00f0 er \u00far um sigurvegara'.<\/p>\n<p>\u00c9g skildi \u201en\u00e1 \u00ed \u00farslit\u201c \u00ed fyrirs\u00f6gninni upphaflega \u00feannig a\u00f0 \u00e1tt v\u00e6ri vi\u00f0 a\u00f0 'komast \u00ed lokakeppnina', og \u00fe\u00e1 merkingu hefur \u00feetta or\u00f0alag vissulega oft \u2013 d\u00e6mi m\u00e1 taka \u00far tveimur fr\u00e9ttum <em>R\u00edkis\u00fatvarpsins <\/em>2021: \u201eSp\u00e6nskt li\u00f0 hefur aldrei \u00e1\u00f0ur n\u00e1\u00f0 \u00ed \u00farslit Meistaradeildarinnar\u201c og \u201eGu\u00f0ni kastar \u00ed undan\u00farslitum kringlukastsins \u00ed n\u00f3tt og segir a\u00f0 \u00e1 g\u00f3\u00f0um degi muni hann n\u00e1 \u00ed \u00farslit\u201c. En s\u00fa merking getur auglj\u00f3slega ekki \u00e1tt vi\u00f0 \u00ed lokasetningu \u00e1\u00f0urnefndrar fr\u00e9ttar, \u201en\u00e1 \u00ed einhver \u00farslit \u00far \u00feessum tveimur leikjum og komast \u00e1fram\u201c. \u00dearna hl\u00fdtur <em>\u00farslit <\/em>a\u00f0 merkja 'g\u00f3\u00f0 \u00farslit', 'vi\u00f0unandi \u00farslit' e\u00f0a eitthva\u00f0 sl\u00edkt. S\u00fa merking or\u00f0sins er ekki einsd\u00e6mi en vir\u00f0ist ekki vera g\u00f6mul \u2013 hefur \u00fe\u00f3 t\u00ed\u00f0kast \u00ed a.m.k. 15 \u00e1r, og hefur veri\u00f0 a\u00f0 brei\u00f0ast \u00fat \u00e1 s\u00ed\u00f0ustu \u00e1rum.<\/p>\n<p>\u00c1 <em>f\u00f3tbolti.net <\/em>2008 segir: \u201e\u00cdslensk knattspyrna \u00fearf fleiri g\u00f3\u00f0 \u00farslit og vi\u00f0 eigum a\u00f0 n\u00e1 \u00ed \u00farslit \u00ed svona leikjum eins og \u00ed dag.\u201c \u00c1 <em>433 <\/em>2013 segir: \u201eA\u00f0 n\u00e1 \u00ed \u00farslit hefur hiksta\u00f0, vi\u00f0 h\u00f6fum fengi\u00f0 gagnr\u00fdni fyrir \u00fea\u00f0.\u201c \u00c1 <em>mbl.is<\/em> 2014 segir: \u201eVi\u00f0 erum \u00ed \u00feeirri st\u00f6\u00f0u a\u00f0 vi\u00f0 ver\u00f0um a\u00f0 n\u00e1 \u00ed \u00farslit \u00e1 m\u00f3ti anna\u00f0 hvort FH e\u00f0a Stj\u00f6rnunni.\u201c \u00cd <em>DV <\/em>2017 segir: \u201eHann kom inn og byrja\u00f0i a\u00f0 n\u00e1 \u00ed \u00farslit og f\u00e9kk alla me\u00f0 s\u00e9r.\u201c \u00c1 <em>V\u00edsi <\/em>2019 segir: \u201eVi\u00f0 h\u00f6fum ekki veri\u00f0 a\u00f0 n\u00e1 \u00ed \u00farslit \u00fer\u00e1tt fyrir a\u00f0 vera betri a\u00f0ilinn \u00ed leikjum fyrr \u00ed sumar.\u201c \u00c1 vef <em>R\u00daV <\/em>2021 segir: \u201eVi\u00f0 setjum alveg \u00e1 okkur pressu sj\u00e1lfar a\u00f0 standa okkur \u00ed \u00feessum leik \u00e1 morgun og n\u00e1 \u00ed \u00farslit. Vi\u00f0 vitum l\u00edka a\u00f0 ef vi\u00f0 \u00e6tlum a\u00f0 n\u00e1 \u00farslitum a\u00f0 \u00fe\u00e1 ver\u00f0ur hver einasti leikma\u00f0ur \u00ed okkar li\u00f0i a\u00f0 hitta \u00e1 sinn besta dag.\u201c<\/p>\n<p>H\u00e9r hefur merking or\u00f0sins <em>\u00farslit <\/em>hnikast til en \u00fea\u00f0 er svo sem ekki einsd\u00e6mi a\u00f0 or\u00f0 hafi j\u00e1kv\u00e6\u00f0a merkingu \u00e1n \u00e1kv\u00e6\u00f0isor\u00f0s en neikv\u00e6\u00f0a ef neikv\u00e6\u00f0u \u00e1kv\u00e6\u00f0isor\u00f0i er b\u00e6tt vi\u00f0. H\u00e6gt er a\u00f0 sleppa atviksor\u00f0inu \u00far <em>m\u00e9r l\u00edkar <strong>vel<\/strong> vi\u00f0 \u00feig<\/em> og halda s\u00f6mu merkingu, en ef \u00fev\u00ed er sleppt \u00far <em>m\u00e9r l\u00edkar <strong>illa<\/strong> vi\u00f0 \u00feig<\/em> sn\u00fdst merkingin vi\u00f0. Svipa\u00f0 er \u00feegar <em>g\u00f3\u00f0 <\/em>e\u00f0a einhverju sl\u00edku er sleppt \u00far <em>g\u00f3\u00f0 \u00farslit <\/em>\u00e1n \u00feess a\u00f0 merking breytist. L\u00edklega \u00e1 \u00feetta r\u00e6tur \u00ed ensku \u00fear sem tala\u00f0 er um <em>get some results<\/em> \u00ed s\u00f6mu merkingu. \u00cd ensku er \u00fe\u00f3 anna\u00f0 or\u00f0, <em>finals<\/em>, nota\u00f0 yfir \u00farslitakeppni en \u00ed \u00edslensku getur \u00feessi n\u00fdja tv\u00edr\u00e6\u00f0ni or\u00f0sins <em>\u00farslit <\/em>valdi\u00f0 misskilningi eins og sum d\u00e6min h\u00e9r a\u00f0 framan s\u00fdna \u2013 \u00e9g veit ekki enn hvort markmi\u00f0 Tindast\u00f3ls er a\u00f0 komast \u00ed \u00farslitakeppni Evr\u00f3pubikarkeppninnar.<\/p>\n","protected":false},"excerpt":{"rendered":"<p>\u00cd g\u00e6r s\u00e1 \u00e9g fr\u00e9tt \u00e1 mbl.is me\u00f0 fyrirs\u00f6gninni \u201eMarkmi\u00f0i\u00f0 a\u00f0 n\u00e1 \u00ed \u00farslit\u201c. Fr\u00e9ttin fjalla\u00f0i um \u00fe\u00e1ttt\u00f6ku karlali\u00f0s Tindast\u00f3ls \u00ed undankeppni Evr\u00f3pubikars FIBA og \u00ed henni er l\u00fdst langri lei\u00f0 \u00ed \u00farslitakeppnina, gegnum tv\u00f6falda ri\u00f0lakeppni, og \u00e9g hugsa\u00f0i me\u00f0 m\u00e9r a\u00f0 \u00fearna v\u00e6ri greinilega mikill metna\u00f0ur \u00e1 fer\u00f0um a\u00f0 \u00e6tla s\u00e9r a\u00f0 komast \u00ed [&hellip;]<\/p>\n","protected":false},"author":141,"featured_media":0,"comment_status":"open","ping_status":"open","sticky":false,"template":"","format":"standard","meta":{"footnotes":""},"categories":[158635],"tags":[],"class_list":["post-5549","post","type-post","status-publish","format-standard","hentry","category-malfar"],"_links":{"self":[{"href":"https:\/\/uni.hi.is\/eirikur\/wp-json\/wp\/v2\/posts\/5549","targetHints":{"allow":["GET"]}}],"collection":[{"href":"https:\/\/uni.hi.is\/eirikur\/wp-json\/wp\/v2\/posts"}],"about":[{"href":"https:\/\/uni.hi.is\/eirikur\/wp-json\/wp\/v2\/types\/post"}],"author":[{"embeddable":true,"href":"https:\/\/uni.hi.is\/eirikur\/wp-json\/wp\/v2\/users\/141"}],"replies":[{"embeddable":true,"href":"https:\/\/uni.hi.is\/eirikur\/wp-json\/wp\/v2\/comments?post=5549"}],"version-history":[{"count":2,"href":"https:\/\/uni.hi.is\/eirikur\/wp-json\/wp\/v2\/posts\/5549\/revisions"}],"predecessor-version":[{"id":5551,"href":"https:\/\/uni.hi.is\/eirikur\/wp-json\/wp\/v2\/posts\/5549\/revisions\/5551"}],"wp:attachment":[{"href":"https:\/\/uni.hi.is\/eirikur\/wp-json\/wp\/v2\/media?parent=5549"}],"wp:term":[{"taxonomy":"category","embeddable":true,"href":"https:\/\/uni.hi.is\/eirikur\/wp-json\/wp\/v2\/categories?post=5549"},{"taxonomy":"post_tag","embeddable":true,"href":"https:\/\/uni.hi.is\/eirikur\/wp-json\/wp\/v2\/tags?post=5549"}],"curies":[{"name":"wp","href":"https:\/\/api.w.org\/{rel}","templated":true}]}}